{"id":564,"date":"2018-07-23T07:40:21","date_gmt":"2018-07-23T05:40:21","guid":{"rendered":"http:\/\/iuexterior.org\/?p=564"},"modified":"2020-04-29T23:36:24","modified_gmt":"2020-04-29T21:36:24","slug":"las-asambleas-de-iu-en-buenos-aires-y-zurich-reivindican-la-memoria-historica-en-el-82-aniversario-del-golpe-militar-contra-la-republica-espanola","status":"publish","type":"post","link":"https:\/\/iuexterior.org\/fr\/2018\/07\/23\/las-asambleas-de-iu-en-buenos-aires-y-zurich-reivindican-la-memoria-historica-en-el-82-aniversario-del-golpe-militar-contra-la-republica-espanola\/","title":{"rendered":"Las asambleas de IU en Buenos Aires y Z\u00farich reivindican la memoria hist\u00f3rica en el aniversario del golpe militar contra la Rep\u00fablica Espa\u00f1ola"},"content":{"rendered":"<p><strong>Un 18 de julio de 1936, el fascismo daba un golpe de Estado al leg\u00edtimo gobierno republicano que dio lugar a 40 a\u00f1os de barbarie. 82 a\u00f1os despu\u00e9s, las asambleas de&nbsp;IU Exterior en Buenos Aires y Z\u00farich celebraron sendos actos para conmemorar la infame efem\u00e9ride.<\/strong><\/p>\n<p>Bajo el t\u00edtulo&nbsp;<em><a id=\"js_38f\" class=\"profileLink\" href=\"https:\/\/www.facebook.com\/events\/636374736721646\/?acontext=%7B%22source%22%3A108%2C%22action_history%22%3A%22%5B%7B%5C%22surface%5C%22%3A%5C%22post_page%5C%22%2C%5C%22mechanism%5C%22%3A%5C%22surface%5C%22%2C%5C%22extra_data%5C%22%3A%5B%5D%7D%5D%22%2C%22has_source%22%3Atrue%7D&amp;source=108&amp;action_history=%5B%7B%22surface%22%3A%22post_page%22%2C%22mechanism%22%3A%22surface%22%2C%22extra_data%22%3A%5B%5D%7D%5D&amp;has_source=1&amp;fref=mentions\" data-hovercard=\"\/ajax\/hovercard\/event.php?id=636374736721646&amp;extragetparams=%7B%22source%22%3A108%2C%22action_history%22%3A%22%5B%7B%5C%22surface%5C%22%3A%5C%22post_page%5C%22%2C%5C%22mechanism%5C%22%3A%5C%22surface%5C%22%2C%5C%22extra_data%5C%22%3A%5B%5D%7D%5D%22%2C%22has_source%22%3Atrue%2C%22fref%22%3A%22mentions%22%7D\" data-hovercard-prefer-more-content-show=\"1\" aria-describedby=\"js_38e\" aria-owns=\"\"><strong>La construcci\u00f3n pol\u00edtica a partir de la memoria hist\u00f3rica<\/strong><\/a><\/em>, <strong>IU Buenos Aires<\/strong> record\u00f3 el pasado <strong>18 de julio<\/strong> la importancia de la memoria hist\u00f3rica&nbsp;en los procesos de construcci\u00f3n pol\u00edtica en una charla en la que participaron <strong>Gustavo L\u00f3pez, secretario general del&nbsp;<a class=\"profileLink\" href=\"https:\/\/www.facebook.com\/Partido-de-la-Concertacion-FORJA-158055434866154\/?fref=mentions\" data-hovercard=\"\/ajax\/hovercard\/page.php?id=158055434866154&amp;extragetparams=%7B%22fref%22%3A%22mentions%22%7D\" data-hovercard-prefer-more-content-show=\"1\">Partido de la Concertacion FORJA<\/a><\/strong>; <strong>Juli\u00e1n Basteiro, de&nbsp;<a class=\"profileLink\" href=\"https:\/\/www.facebook.com\/iuBuenosAires\/?fref=mentions\" data-hovercard=\"\/ajax\/hovercard\/page.php?id=127960657807516&amp;extragetparams=%7B%22fref%22%3A%22mentions%22%7D\" data-hovercard-prefer-more-content-show=\"1\">Izquierda Unida Buenos Aires<\/a><\/strong>; <strong>Gustavo Acosta, secretario general del&nbsp;<a class=\"profileLink\" href=\"https:\/\/www.facebook.com\/psoebuenosaires\/?fref=mentions\" data-hovercard=\"\/ajax\/hovercard\/page.php?id=229909077138353&amp;extragetparams=%7B%22fref%22%3A%22mentions%22%7D\" data-hovercard-prefer-more-content-show=\"1\">PSOE Buenos Aires<\/a><\/strong>; y <strong>Carlos P\u00e9rez, de&nbsp;<a class=\"profileLink\" href=\"https:\/\/www.facebook.com\/podemosciudaddebuenosaires\/?fref=mentions\" data-hovercard=\"\/ajax\/hovercard\/page.php?id=500415516724876&amp;extragetparams=%7B%22fref%22%3A%22mentions%22%7D\" data-hovercard-prefer-more-content-show=\"1\">Podemos Buenos Aires<\/a><\/strong>.<\/p>\n<p style=\"text-align: center;\"><iframe loading=\"lazy\" style=\"border: none; overflow: hidden;\" src=\"https:\/\/www.facebook.com\/plugins\/post.php?href=https%3A%2F%2Fwww.facebook.com%2FIUExterior%2Fposts%2F278525679377973&amp;width=500\" width=\"500\" height=\"789\" frameborder=\"0\" scrolling=\"no\"><\/iframe><\/p>\n<p>Por su parte,&nbsp;<a class=\"profileLink\" href=\"https:\/\/www.facebook.com\/IUZurich\/?fref=mentions\" data-hovercard=\"\/ajax\/hovercard\/page.php?id=1112330258806572&amp;extragetparams=%7B%22fref%22%3A%22mentions%22%7D\" data-hovercard-prefer-more-content-show=\"1\">IU Z\u00farich<\/a>&nbsp;invit\u00f3 este <strong>20 de julio<\/strong> a un aperitivo en reivindicaci\u00f3n de la memoria hist\u00f3rica bajo el t\u00edtulo <a id=\"js_xy\" class=\"profileLink\" href=\"https:\/\/www.facebook.com\/events\/2156429024627500\/?acontext=%7B%22source%22%3A3%2C%22source_newsfeed_story_type%22%3A%22regular%22%2C%22action_history%22%3A%22%5B%7B%5C%22surface%5C%22%3A%5C%22newsfeed%5C%22%2C%5C%22mechanism%5C%22%3A%5C%22feed_story%5C%22%2C%5C%22extra_data%5C%22%3A%5B%5D%7D%5D%22%2C%22has_source%22%3Atrue%7D&amp;source=3&amp;source_newsfeed_story_type=regular&amp;action_history=%5B%7B%22surface%22%3A%22newsfeed%22%2C%22mechanism%22%3A%22feed_story%22%2C%22extra_data%22%3A%5B%5D%7D%5D&amp;has_source=1&amp;fref=mentions\" data-hovercard=\"\/ajax\/hovercard\/event.php?id=2156429024627500&amp;extragetparams=%7B%22source%22%3A3%2C%22source_newsfeed_story_type%22%3A%22regular%22%2C%22action_history%22%3A%22%5B%7B%5C%22surface%5C%22%3A%5C%22newsfeed%5C%22%2C%5C%22mechanism%5C%22%3A%5C%22feed_story%5C%22%2C%5C%22extra_data%5C%22%3A%5B%5D%7D%5D%22%2C%22has_source%22%3Atrue%2C%22fref%22%3A%22mentions%22%7D\" data-hovercard-prefer-more-content-show=\"1\" aria-describedby=\"js_xx\" aria-owns=\"\">No m\u00e1s fascismo<\/a>&nbsp;en el local de&nbsp;<a class=\"profileLink\" href=\"https:\/\/www.facebook.com\/PuntooDeEncuentro\/?fref=mentions\" data-hovercard=\"\/ajax\/hovercard\/page.php?id=219873808076940&amp;extragetparams=%7B%22fref%22%3A%22mentions%22%7D\" data-hovercard-prefer-more-content-show=\"1\">Punto de Encuentro<\/a>. <strong>Manuel Joglar, coordinador de IU Z\u00farich<\/strong>, reivindic\u00f3 la necesidad de una ley integral de memoria democr\u00e1tica que d\u00e9 reconocimiento y reparaci\u00f3n moral a las victimas del franquismo y de la transici\u00f3n.<\/p>\n<p style=\"text-align: center;\"><iframe loading=\"lazy\" style=\"border: none; overflow: hidden;\" src=\"https:\/\/www.facebook.com\/plugins\/video.php?href=https%3A%2F%2Fwww.facebook.com%2FIUZurich%2Fvideos%2F1972065259499730%2F&amp;show_text=0&amp;width=560\" width=\"560\" height=\"315\" frameborder=\"0\" scrolling=\"no\" allowfullscreen=\"allowfullscreen\"><\/iframe><\/p>\n<h3>\u00c0 propos de IU Exterior<\/h3>\n<p>La&nbsp;<b>Federaci\u00f3n del Exterior de Izquierda Unida<\/b>&nbsp;<a href=\"http:\/\/iuexterior.org\/fr\/2017\/04\/30\/la-federacion-del-exterior-de-iu-nace-para-movilizar-politicamente-a-la-emigracion-espanola\/\">naci\u00f3 en abril de 2017<\/a>&nbsp;para movilizar pol\u00edticamente a la emigraci\u00f3n espa\u00f1ola y darle voz a sus reivindicaciones. Actualmente contamos con asambleas estables en&nbsp;<a href=\"https:\/\/www.facebook.com\/IUBruselas\/\">Bruselas<\/a>, B\u00e9lgica;&nbsp;<a href=\"https:\/\/www.facebook.com\/iuberlin\/\">Berl\u00edn<\/a>&nbsp;y&nbsp;<a href=\"https:\/\/www.facebook.com\/iufrankfurt\/\">Frankfurt<\/a>, en Alemania;&nbsp;<a href=\"https:\/\/www.facebook.com\/IzquierdaUnidaLuxemburgo\/\">Luxemburgo<\/a>;&nbsp;<a href=\"https:\/\/www.facebook.com\/IUZurich\/\">Z\u00farich<\/a>, en Suiza; en&nbsp;<a href=\"https:\/\/www.facebook.com\/izquierdaunidalyon\/\">Lyon<\/a>&nbsp;y&nbsp;<a href=\"https:\/\/www.facebook.com\/IUToulouse\/\">Toulouse<\/a>, en Francia; y en&nbsp;<a href=\"https:\/\/www.facebook.com\/iuBuenosAires\/\">Buenos Aires<\/a>, Argentina.<\/p>","protected":false},"excerpt":{"rendered":"<p>Un 18 de julio de 1936, el fascismo daba un golpe de Estado al leg\u00edtimo gobierno republicano que dio lugar a 40 a\u00f1os de barbarie. 82 a\u00f1os despu\u00e9s, las asambleas &hellip;<\/p>","protected":false},"author":3,"featured_media":569,"comment_status":"closed","ping_status":"closed","sticky":false,"template":"","format":"standard","meta":{"wds_primary_category":0,"footnotes":""},"categories":[110,1,25,8,29,31,118,9],"tags":[],"class_list":["post-564","post","type-post","status-publish","format-standard","has-post-thumbnail","","category-acciones","category-actualidad","category-asambleas","category-destacado","category-iu-buenos-aires","category-iu-zurich","category-memoria-democratica","category-videos"],"_links":{"self":[{"href":"https:\/\/iuexterior.org\/fr\/wp-json\/wp\/v2\/posts\/564","targetHints":{"allow":["GET"]}}],"collection":[{"href":"https:\/\/iuexterior.org\/fr\/wp-json\/wp\/v2\/posts"}],"about":[{"href":"https:\/\/iuexterior.org\/fr\/wp-json\/wp\/v2\/types\/post"}],"author":[{"embeddable":true,"href":"https:\/\/iuexterior.org\/fr\/wp-json\/wp\/v2\/users\/3"}],"replies":[{"embeddable":true,"href":"https:\/\/iuexterior.org\/fr\/wp-json\/wp\/v2\/comments?post=564"}],"version-history":[{"count":4,"href":"https:\/\/iuexterior.org\/fr\/wp-json\/wp\/v2\/posts\/564\/revisions"}],"predecessor-version":[{"id":1723,"href":"https:\/\/iuexterior.org\/fr\/wp-json\/wp\/v2\/posts\/564\/revisions\/1723"}],"wp:featuredmedia":[{"embeddable":true,"href":"https:\/\/iuexterior.org\/fr\/wp-json\/wp\/v2\/media\/569"}],"wp:attachment":[{"href":"https:\/\/iuexterior.org\/fr\/wp-json\/wp\/v2\/media?parent=564"}],"wp:term":[{"taxonomy":"category","embeddable":true,"href":"https:\/\/iuexterior.org\/fr\/wp-json\/wp\/v2\/categories?post=564"},{"taxonomy":"post_tag","embeddable":true,"href":"https:\/\/iuexterior.org\/fr\/wp-json\/wp\/v2\/tags?post=564"}],"curies":[{"name":"wp","href":"https:\/\/api.w.org\/{rel}","templated":true}]}}