{"id":2697,"date":"2023-04-23T14:37:48","date_gmt":"2023-04-23T12:37:48","guid":{"rendered":"https:\/\/iuexterior.org\/?p=2697"},"modified":"2024-05-05T20:21:43","modified_gmt":"2024-05-05T18:21:43","slug":"mesa-redonda-en-estocolmo-el-proximo-1-de-mayo-sobre-memoria-historica-y-solidaridad-internacional","status":"publish","type":"post","link":"https:\/\/iuexterior.org\/fr\/2023\/04\/23\/mesa-redonda-en-estocolmo-el-proximo-1-de-mayo-sobre-memoria-historica-y-solidaridad-internacional\/","title":{"rendered":"Mesa redonda en Estocolmo el pr\u00f3ximo 1 de mayo sobre Memoria Hist\u00f3rica y Solidaridad Internacional"},"content":{"rendered":"<p class=\"wp-block-paragraph\" id=\"block-b40883b0-9ff6-421e-99b2-965b6fdb3aac\">La Asamblea Global de IU Exterior, junto con V\u00e4nsterpartiet Storstockholm y otros agentes, organizan el pr\u00f3ximo 1 de mayo un evento sobre cultura, literatura, memoria hist\u00f3rica y actualidad pol\u00edtica. El evento tendr\u00e1 lugar en el Kaf\u00e9 Marx (Kungsgatan 84) tras la manifestaci\u00f3n del 1 de mayo en Estocolmo.<\/p>\n\n\n\n<div class=\"wp-block-image\"><figure class=\"aligncenter size-large is-resized\"><img loading=\"lazy\" decoding=\"async\" src=\"http:\/\/iuexterior.org\/wp-content\/uploads\/2023\/04\/Cartel-Acto-Estocolmo-1-Mayo-1-724x1024.jpg\" alt=\"\" class=\"wp-image-2694\" width=\"543\" height=\"768\" srcset=\"https:\/\/iuexterior.org\/wp-content\/uploads\/2023\/04\/Cartel-Acto-Estocolmo-1-Mayo-1-724x1024.jpg 724w, https:\/\/iuexterior.org\/wp-content\/uploads\/2023\/04\/Cartel-Acto-Estocolmo-1-Mayo-1-212x300.jpg 212w, https:\/\/iuexterior.org\/wp-content\/uploads\/2023\/04\/Cartel-Acto-Estocolmo-1-Mayo-1-768x1086.jpg 768w, https:\/\/iuexterior.org\/wp-content\/uploads\/2023\/04\/Cartel-Acto-Estocolmo-1-Mayo-1-1086x1536.jpg 1086w, https:\/\/iuexterior.org\/wp-content\/uploads\/2023\/04\/Cartel-Acto-Estocolmo-1-Mayo-1-1448x2048.jpg 1448w, https:\/\/iuexterior.org\/wp-content\/uploads\/2023\/04\/Cartel-Acto-Estocolmo-1-Mayo-1-8x12.jpg 8w, https:\/\/iuexterior.org\/wp-content\/uploads\/2023\/04\/Cartel-Acto-Estocolmo-1-Mayo-1-scaled.jpg 1810w\" sizes=\"auto, (max-width: 543px) 100vw, 543px\" \/><\/figure><\/div>\n\n\n\n<p class=\"wp-block-paragraph\">Esta mesa redonda aprovechar\u00e1 la ocasi\u00f3n de la exposici\u00f3n fotogr\u00e1fica de <strong>Kerstin Ekstr\u00f6m<\/strong> sobre brigadistas suecos y supervivientes con represaliados de la Guerra Civil Espa\u00f1ola. En el evento estar\u00e1 presente la autora, junto con Juan Carlos Cruz Su\u00e1rez \u2013 profesor e investigador de literatura espa\u00f1ola en la Universidad de Estocolmo &#8211; , Esther L\u00f3pez Barcel\u00f3 \u2013 autora de novelas como la recientemente publicada \u201cCuando ya no quede nadie\u201d &#8211; y Lorena Delgado Varas \u2013 diputada en el Parlamento sueco por V\u00e4nsterpartiet.<\/p>\n\n\n\n<p class=\"wp-block-paragraph\"><strong>\u00a1Nos vemos el pr\u00f3ximo 1 de mayo en Estocolmo!<\/strong> Y si no est\u00e1s all\u00ed, tambi\u00e9n puedes participar online \ud83d\ude09<\/p>\n\n\n\n<p class=\"wp-block-paragraph\">La Asamblea Global de IU Exterior se fund\u00f3 el 30 de enero de 2020 para aglutinar a los y las militantes que carecen de asamblea de base en su ciudad de residencia.Su militancia est\u00e1 repartida por tres continentes:&nbsp;Europa, Am\u00e9rica y \u00c1frica. Desde su creaci\u00f3n, la asamblea se re\u00fane de mensualmente de forma telem\u00e1tica. Ha formado parte de la organizaci\u00f3n de eventos en ciudades como Viena&nbsp;o&nbsp;Londres, y participado en otros en ciudades como&nbsp;Dubl\u00edn,&nbsp;Estocolmo,&nbsp;Nueva York&nbsp;o&nbsp;Kaunas.<\/p>\n\n\n\n<h2 class=\"wp-block-heading\" id=\"block-a9ca021f-50d1-4b61-b475-a745c06bb456\">\u00c0 propos de IU Exterior<\/h2>\n\n\n\n<p class=\"wp-block-paragraph\" id=\"block-9e1dfc72-a0ae-42f2-ab83-cb8fe83e1265\">La&nbsp;<strong>Federaci\u00f3n del Exterior de Izquierda Unida<\/strong>&nbsp;<a href=\"http:\/\/iuexterior.org\/fr\/2017\/04\/30\/la-federacion-del-exterior-de-iu-nace-para-movilizar-politicamente-a-la-emigracion-espanola\/\">naci\u00f3 en abril de 2017<\/a>&nbsp;para movilizar pol\u00edticamente a la emigraci\u00f3n espa\u00f1ola y darle voz a sus reivindicaciones. Actualmente contamos con asambleas estables en&nbsp;<a href=\"https:\/\/iuexterior.org\/fr\/Bruselas\/\">Bruselas<\/a>, B\u00e9lgica;&nbsp;<a href=\"https:\/\/iuexterior.org\/fr\/Berlin\/\">Berl\u00edn<\/a>&nbsp;y&nbsp;<a href=\"https:\/\/iuexterior.org\/fr\/Frankfurt\/\">Frankfurt<\/a>, en Alemania;&nbsp;<a href=\"https:\/\/iuexterior.org\/fr\/Luexmburgo\/\">Luxemburgo<\/a>;&nbsp;<a href=\"https:\/\/iuexterior.org\/fr\/Zurich\/\">Z\u00farich<\/a>, en Suiza; en&nbsp;<a href=\"https:\/\/iuexterior.org\/fr\/Lyon\/\">Lyon<\/a>&nbsp;y&nbsp;<a href=\"https:\/\/iuexterior.org\/fr\/Toulouse\/\">Toulouse<\/a>, en Francia; y tanto en la&nbsp;<a href=\"https:\/\/iuexterior.org\/fr\/BuenosAires\/\">Ciudad de Buenos Aires<\/a>&nbsp;como en la&nbsp;<a href=\"http:\/\/iuexterior.org\/fr\/provinciabuenosaires\/\">Provincia de Buenos Aires<\/a>, Argentina. Adem\u00e1s, la federaci\u00f3n dispone de la asamblea&nbsp;<a href=\"https:\/\/iuexterior.org\/fr\/Global\/\">IU Global<\/a>, por medio de la cual participa la militancia dispersa por el mundo sin acceso a una asamblea local propia.<\/p>\n\n\n\n<p class=\"wp-block-paragraph translation-block\" id=\"block-08d3c176-e1e9-4a7a-91bf-6dbfe90d3e6d\">Puedes contactar con&nbsp;<strong>IU Exterior<\/strong>&nbsp;a trav\u00e9s del correo&nbsp;<a href=\"mailto:exterior@izquierdaunida.org\" rel=\"noreferrer noopener\" target=\"_self\"><strong>exterior@izquierdaunida.org<\/strong><\/a>&nbsp;o de nuestros perfiles en&nbsp;<a href=\"https:\/\/www.facebook.com\/IUExterior\/\" rel=\"noreferrer noopener\" target=\"_self\"><strong>Facebook<\/strong><\/a>,&nbsp;<a href=\"https:\/\/twitter.com\/IUExterior\/\" rel=\"noreferrer noopener\" target=\"_self\"><strong>Twitter<\/strong><\/a>&nbsp;e&nbsp;<a href=\"https:\/\/www.instagram.com\/IUExterior\/\" rel=\"noreferrer noopener\" target=\"_self\"><strong>Instagram<\/strong><\/a>.<\/p>","protected":false},"excerpt":{"rendered":"<p>La Asamblea Global de IU Exterior, junto con V\u00e4nsterpartiet Storstockholm y otros agentes, organizan el pr\u00f3ximo 1 de mayo un evento sobre cultura, literatura, memoria hist\u00f3rica y actualidad pol\u00edtica. El &hellip;<\/p>","protected":false},"author":6,"featured_media":2806,"comment_status":"closed","ping_status":"closed","sticky":false,"template":"","format":"standard","meta":{"wds_primary_category":0,"footnotes":""},"categories":[1,120,127,118],"tags":[],"class_list":["post-2697","post","type-post","status-publish","format-standard","has-post-thumbnail","","category-actualidad","category-antifascismo-solidaridad","category-iu-estocolmo","category-memoria-democratica"],"_links":{"self":[{"href":"https:\/\/iuexterior.org\/fr\/wp-json\/wp\/v2\/posts\/2697","targetHints":{"allow":["GET"]}}],"collection":[{"href":"https:\/\/iuexterior.org\/fr\/wp-json\/wp\/v2\/posts"}],"about":[{"href":"https:\/\/iuexterior.org\/fr\/wp-json\/wp\/v2\/types\/post"}],"author":[{"embeddable":true,"href":"https:\/\/iuexterior.org\/fr\/wp-json\/wp\/v2\/users\/6"}],"replies":[{"embeddable":true,"href":"https:\/\/iuexterior.org\/fr\/wp-json\/wp\/v2\/comments?post=2697"}],"version-history":[{"count":6,"href":"https:\/\/iuexterior.org\/fr\/wp-json\/wp\/v2\/posts\/2697\/revisions"}],"predecessor-version":[{"id":2804,"href":"https:\/\/iuexterior.org\/fr\/wp-json\/wp\/v2\/posts\/2697\/revisions\/2804"}],"wp:featuredmedia":[{"embeddable":true,"href":"https:\/\/iuexterior.org\/fr\/wp-json\/wp\/v2\/media\/2806"}],"wp:attachment":[{"href":"https:\/\/iuexterior.org\/fr\/wp-json\/wp\/v2\/media?parent=2697"}],"wp:term":[{"taxonomy":"category","embeddable":true,"href":"https:\/\/iuexterior.org\/fr\/wp-json\/wp\/v2\/categories?post=2697"},{"taxonomy":"post_tag","embeddable":true,"href":"https:\/\/iuexterior.org\/fr\/wp-json\/wp\/v2\/tags?post=2697"}],"curies":[{"name":"wp","href":"https:\/\/api.w.org\/{rel}","templated":true}]}}