{"id":1205,"date":"2019-05-15T10:39:45","date_gmt":"2019-05-15T08:39:45","guid":{"rendered":"http:\/\/iuexterior.org\/?p=1205"},"modified":"2020-04-30T10:03:09","modified_gmt":"2020-04-30T08:03:09","slug":"iu-castilla-y-leon-en-marcha-propone-la-circunscripcion-del-exterior-para-la-region","status":"publish","type":"post","link":"https:\/\/iuexterior.org\/fr\/2019\/05\/15\/iu-castilla-y-leon-en-marcha-propone-la-circunscripcion-del-exterior-para-la-region\/","title":{"rendered":"IU \u2013 Castilla y Le\u00f3n en Marcha propone la circunscripci\u00f3n del Exterior para la regi\u00f3n"},"content":{"rendered":"<h4 class=\"wp-block-heading\">IU Exterior aplaude la propuesta de la coalici\u00f3n de IU, Anticapitalistas, PCAS-TC y ALTER que dar\u00eda voz a la emigraci\u00f3n con uno o varios procuradores en las Cortes.<\/h4>\n\n\n\n<p class=\"wp-block-paragraph\">Izquierda Unida \u2013 Castilla y Le\u00f3n en Marcha (IU CyL\nen Marcha), la candidatura liderada por <strong>Jos\u00e9 Sarri\u00f3n<\/strong> a gobernar la Junta\nde Castilla y Le\u00f3n, propone en su programa dar voz en las Cortes a la \u00ab10\u00ba\nProvincia\u00bb mediante una reforma de la Ley Electoral. Concretamente, la iniciativa\nconsiste en considerar a la emigraci\u00f3n como una provincia m\u00e1s de la comunidad aut\u00f3noma,\nde forma que, en los ciclos electorales auton\u00f3micos, la emigraci\u00f3n castellana y\nleonesa pudiese elegir \u00abuno o varios procuradores\/as de la representaci\u00f3n\ndel castellano\/a y leon\u00e9s\/a exiliado\u00bb. Con esta medida se pretende no solo\nintegrar a los residentes en el extranjero en la vida pol\u00edtica de la comunidad,\nsino tambi\u00e9n escuchar sus propuestas para favorecer el retorno de la\nemigraci\u00f3n. <\/p>\n\n\n\n<p class=\"wp-block-paragraph\">Para <strong>Jaime Mart\u00ednez<\/strong>, candidato a las Cortes\nde IU-CyL en Marcha por Palencia y coordinador de IU Berl\u00edn, \u00abesta medida\nes fundamental para empezar a pavimentar el camino del retorno de la emigraci\u00f3n\ncastellana y leonesa, porque supone dar voz y escuchar a quienes queremos\nvolver a nuestra tierra. El PSOE y el PP han tratado de silenciarnos con\nmedidas como el voto rogado y desde esta candidatura queremos recuperar la voz\ny la iniciativa legislativa\u00bb.<\/p>\n\n\n\n<p class=\"wp-block-paragraph\">Seg\u00fan datos del INE a 1 de enero de 2019, hay\n176.649 residentes en el extranjero inscritos en las provincias de Castilla y\nLe\u00f3n, casi 3.000 m\u00e1s que en 2018 (173.681), una tendencia de poblaci\u00f3n\ncreciente inversa a la de la comunidad aut\u00f3noma, que a\u00f1o tras a\u00f1o pierde\npoblaci\u00f3n. Actualmente, el n\u00famero de residentes en el extranjero es mayor que\nel de muchas provincias de la comunidad, como \u00c1vila (158.498), Palencia\n(162.035), Segovia (153.342), Soria (88.600) y Zamora (174.549).<\/p>\n\n\n\n<p class=\"wp-block-paragraph\">Cabe recordar que esta medida ya ha sido reclamada por colectivos de emigrantes como Marea Granate o la federaci\u00f3n de Izquierda Unida en el Exterior (IU Exterior). A su vez, IU Castilla y Le\u00f3n fue la primera federaci\u00f3n dentro del Estado que permiti\u00f3 participar a sus emigrantes (aunque estuvieran afiliados en IU Exterior) en los procesos democr\u00e1ticos internos, lo que ha llevado a que el candidato de IU CyL en Palencia, Jaime Mart\u00ednez Porro, sea precisamente un emigrante.<\/p>\n\n\n\n<h2 class=\"wp-block-heading\">\u00c0 propos de IU Exterior<\/h2>\n\n\n\n<p class=\"wp-block-paragraph\">La&nbsp;<strong>Federaci\u00f3n del Exterior de Izquierda Unida<\/strong><a href=\"http:\/\/iuexterior.org\/fr\/2017\/04\/30\/la-federacion-del-exterior-de-iu-nace-para-movilizar-politicamente-a-la-emigracion-espanola\/\">naci\u00f3 en abril de 2017<\/a>&nbsp;para movilizar pol\u00edticamente a la emigraci\u00f3n espa\u00f1ola y darle voz a sus reivindicaciones. Actualmente contamos con asambleas estables en&nbsp;<a rel=\"noreferrer noopener\" href=\"https:\/\/www.facebook.com\/IUBruselas\/\" target=\"_blank\">Bruselas<\/a>, B\u00e9lgica;&nbsp;<a rel=\"noreferrer noopener\" href=\"https:\/\/www.facebook.com\/iuberlin\/\" target=\"_blank\">Berl\u00edn<\/a>&nbsp;y&nbsp;<a rel=\"noreferrer noopener\" href=\"https:\/\/www.facebook.com\/iufrankfurt\/\" target=\"_blank\">Frankfurt<\/a>, en Alemania;&nbsp;<a rel=\"noreferrer noopener\" href=\"https:\/\/www.facebook.com\/IzquierdaUnidaLuxemburgo\/\" target=\"_blank\">Luxemburgo<\/a>;&nbsp;<a rel=\"noreferrer noopener\" href=\"https:\/\/www.facebook.com\/IUZurich\/\" target=\"_blank\">Z\u00farich<\/a>, en Suiza; en&nbsp;<a href=\"https:\/\/www.facebook.com\/izquierdaunidalyon\/\">Lyon<\/a>,&nbsp;<a rel=\"noreferrer noopener\" href=\"https:\/\/www.facebook.com\/IUToulouse\/\" target=\"_blank\">Toulouse<\/a>&nbsp;y&nbsp;<a rel=\"noreferrer noopener\" href=\"https:\/\/www.facebook.com\/iufrancia\/\" target=\"_blank\">Montpellier<\/a>, en Francia; y en&nbsp;<a rel=\"noreferrer noopener\" href=\"https:\/\/www.facebook.com\/iuBuenosAires\/\" target=\"_blank\">Buenos Aires<\/a>, Argentina.<\/p>","protected":false},"excerpt":{"rendered":"<p>IU Exterior aplaude la propuesta de la coalici\u00f3n de IU, Anticapitalistas, PCAS-TC y ALTER que dar\u00eda voz a la emigraci\u00f3n con uno o varios procuradores en las Cortes. Izquierda Unida &hellip;<\/p>","protected":false},"author":3,"featured_media":1207,"comment_status":"closed","ping_status":"closed","sticky":false,"template":"","format":"standard","meta":{"wds_primary_category":0,"footnotes":""},"categories":[110,1,8,32,111],"tags":[],"class_list":["post-1205","post","type-post","status-publish","format-standard","has-post-thumbnail","","category-acciones","category-actualidad","category-destacado","category-federacion","category-voto-rogado"],"_links":{"self":[{"href":"https:\/\/iuexterior.org\/fr\/wp-json\/wp\/v2\/posts\/1205","targetHints":{"allow":["GET"]}}],"collection":[{"href":"https:\/\/iuexterior.org\/fr\/wp-json\/wp\/v2\/posts"}],"about":[{"href":"https:\/\/iuexterior.org\/fr\/wp-json\/wp\/v2\/types\/post"}],"author":[{"embeddable":true,"href":"https:\/\/iuexterior.org\/fr\/wp-json\/wp\/v2\/users\/3"}],"replies":[{"embeddable":true,"href":"https:\/\/iuexterior.org\/fr\/wp-json\/wp\/v2\/comments?post=1205"}],"version-history":[{"count":1,"href":"https:\/\/iuexterior.org\/fr\/wp-json\/wp\/v2\/posts\/1205\/revisions"}],"predecessor-version":[{"id":1206,"href":"https:\/\/iuexterior.org\/fr\/wp-json\/wp\/v2\/posts\/1205\/revisions\/1206"}],"wp:featuredmedia":[{"embeddable":true,"href":"https:\/\/iuexterior.org\/fr\/wp-json\/wp\/v2\/media\/1207"}],"wp:attachment":[{"href":"https:\/\/iuexterior.org\/fr\/wp-json\/wp\/v2\/media?parent=1205"}],"wp:term":[{"taxonomy":"category","embeddable":true,"href":"https:\/\/iuexterior.org\/fr\/wp-json\/wp\/v2\/categories?post=1205"},{"taxonomy":"post_tag","embeddable":true,"href":"https:\/\/iuexterior.org\/fr\/wp-json\/wp\/v2\/tags?post=1205"}],"curies":[{"name":"wp","href":"https:\/\/api.w.org\/{rel}","templated":true}]}}