{"id":3,"name":"Alicia Gab\u00e1n","url":"","description":"","link":"https:\/\/iuexterior.org\/eu\/author\/aliciagaban\/","slug":"aliciagaban","avatar_urls":{"24":"https:\/\/secure.gravatar.com\/avatar\/df0b72f6e92404b4e1f3b74c185179a121a04b2aa101c4b564859d290506f307?s=24&d=mm&r=g","48":"https:\/\/secure.gravatar.com\/avatar\/df0b72f6e92404b4e1f3b74c185179a121a04b2aa101c4b564859d290506f307?s=48&d=mm&r=g","96":"https:\/\/secure.gravatar.com\/avatar\/df0b72f6e92404b4e1f3b74c185179a121a04b2aa101c4b564859d290506f307?s=96&d=mm&r=g"},"meta":[],"yoast_head":"<!-- This site is optimized with the Yoast SEO plugin v25.7 - https:\/\/yoast.com\/wordpress\/plugins\/seo\/ -->\n<title>Alicia Gab\u00e1n, autor en Federaci\u00f3n de Izquierda Unida en el Exterior (IU Exterior)<\/title>\n<meta name=\"robots\" content=\"index, follow, max-snippet:-1, max-image-preview:large, max-video-preview:-1\" \/>\n<link rel=\"canonical\" href=\"http:\/\/iuexterior.org\/eu\/author\/aliciagaban\/\" \/>\n<meta property=\"og:locale\" content=\"en_US\" \/>\n<meta property=\"og:type\" content=\"profile\" \/>\n<meta property=\"og:title\" content=\"Alicia Gab\u00e1n, autor en Federaci\u00f3n de Izquierda Unida en el Exterior (IU Exterior)\" \/>\n<meta property=\"og:url\" content=\"http:\/\/iuexterior.org\/eu\/author\/aliciagaban\/\" \/>\n<meta property=\"og:site_name\" content=\"Federaci\u00f3n de Izquierda Unida en el Exterior (IU Exterior)\" \/>\n<meta property=\"og:image\" content=\"https:\/\/secure.gravatar.com\/avatar\/df0b72f6e92404b4e1f3b74c185179a121a04b2aa101c4b564859d290506f307?s=500&d=mm&r=g\" \/>\n<meta name=\"twitter:card\" content=\"summary_large_image\" \/>\n<script type=\"application\/ld+json\" class=\"yoast-schema-graph\">{\"@context\":\"https:\/\/schema.org\",\"@graph\":[{\"@type\":\"ProfilePage\",\"@id\":\"http:\/\/iuexterior.org\/fr\/author\/aliciagaban\/\",\"url\":\"http:\/\/iuexterior.org\/fr\/author\/aliciagaban\/\",\"name\":\"Alicia Gab\u00e1n, autor en Federaci\u00f3n de Izquierda Unida en el Exterior (IU Exterior)\",\"isPartOf\":{\"@id\":\"https:\/\/iuexterior.org\/#website\"},\"breadcrumb\":{\"@id\":\"http:\/\/iuexterior.org\/fr\/author\/aliciagaban\/#breadcrumb\"},\"inLanguage\":\"eu\",\"potentialAction\":[{\"@type\":\"ReadAction\",\"target\":[\"http:\/\/iuexterior.org\/fr\/author\/aliciagaban\/\"]}]},{\"@type\":\"BreadcrumbList\",\"@id\":\"http:\/\/iuexterior.org\/fr\/author\/aliciagaban\/#breadcrumb\",\"itemListElement\":[{\"@type\":\"ListItem\",\"position\":1,\"name\":\"Portada\",\"item\":\"http:\/\/iuexterior.org\/\"},{\"@type\":\"ListItem\",\"position\":2,\"name\":\"Archivo de Alicia Gab\u00e1n\"}]},{\"@type\":\"WebSite\",\"@id\":\"https:\/\/iuexterior.org\/#website\",\"url\":\"https:\/\/iuexterior.org\/\",\"name\":\"Federaci\u00f3n de Izquierda Unida en el Exterior (IU Exterior)\",\"description\":\"La federaci\u00f3n de IU para la ciudadan\u00eda espa\u00f1ola emigrada.\",\"potentialAction\":[{\"@type\":\"SearchAction\",\"target\":{\"@type\":\"EntryPoint\",\"urlTemplate\":\"https:\/\/iuexterior.org\/?s={search_term_string}\"},\"query-input\":{\"@type\":\"PropertyValueSpecification\",\"valueRequired\":true,\"valueName\":\"search_term_string\"}}],\"inLanguage\":\"eu\"},{\"@type\":\"Person\",\"@id\":\"https:\/\/iuexterior.org\/#\/schema\/person\/0cc306dc9015c21185f0e0684d92e410\",\"name\":\"Alicia Gab\u00e1n\",\"image\":{\"@type\":\"ImageObject\",\"inLanguage\":\"eu\",\"@id\":\"https:\/\/iuexterior.org\/#\/schema\/person\/image\/\",\"url\":\"https:\/\/secure.gravatar.com\/avatar\/df0b72f6e92404b4e1f3b74c185179a121a04b2aa101c4b564859d290506f307?s=96&d=mm&r=g\",\"contentUrl\":\"https:\/\/secure.gravatar.com\/avatar\/df0b72f6e92404b4e1f3b74c185179a121a04b2aa101c4b564859d290506f307?s=96&d=mm&r=g\",\"caption\":\"Alicia Gab\u00e1n\"},\"mainEntityOfPage\":{\"@id\":\"http:\/\/iuexterior.org\/fr\/author\/aliciagaban\/\"}}]}<\/script>\n<!-- \/ Yoast SEO plugin. -->","yoast_head_json":{"title":"Alicia Gab\u00e1n, autor en Federaci\u00f3n de Izquierda Unida en el Exterior (IU Exterior)","robots":{"index":"index","follow":"follow","max-snippet":"max-snippet:-1","max-image-preview":"max-image-preview:large","max-video-preview":"max-video-preview:-1"},"canonical":"http:\/\/iuexterior.org\/eu\/author\/aliciagaban\/","og_locale":"en_US","og_type":"profile","og_title":"Alicia Gab\u00e1n, autor en Federaci\u00f3n de Izquierda Unida en el Exterior (IU Exterior)","og_url":"http:\/\/iuexterior.org\/eu\/author\/aliciagaban\/","og_site_name":"Federaci\u00f3n de Izquierda Unida en el Exterior (IU Exterior)","og_image":[{"url":"https:\/\/secure.gravatar.com\/avatar\/df0b72f6e92404b4e1f3b74c185179a121a04b2aa101c4b564859d290506f307?s=500&d=mm&r=g","type":"","width":"","height":""}],"twitter_card":"summary_large_image","schema":{"@context":"https:\/\/schema.org","@graph":[{"@type":"ProfilePage","@id":"http:\/\/iuexterior.org\/fr\/author\/aliciagaban\/","url":"http:\/\/iuexterior.org\/fr\/author\/aliciagaban\/","name":"Alicia Gab\u00e1n, autor en Federaci\u00f3n de Izquierda Unida en el Exterior (IU Exterior)","isPartOf":{"@id":"https:\/\/iuexterior.org\/#website"},"breadcrumb":{"@id":"http:\/\/iuexterior.org\/fr\/author\/aliciagaban\/#breadcrumb"},"inLanguage":"eu","potentialAction":[{"@type":"ReadAction","target":["http:\/\/iuexterior.org\/fr\/author\/aliciagaban\/"]}]},{"@type":"BreadcrumbList","@id":"http:\/\/iuexterior.org\/fr\/author\/aliciagaban\/#breadcrumb","itemListElement":[{"@type":"ListItem","position":1,"name":"Portada","item":"http:\/\/iuexterior.org\/"},{"@type":"ListItem","position":2,"name":"Archivo de Alicia Gab\u00e1n"}]},{"@type":"WebSite","@id":"https:\/\/iuexterior.org\/#website","url":"https:\/\/iuexterior.org\/","name":"Federaci\u00f3n de Izquierda Unida en el Exterior (IU Exterior)","description":"La federaci\u00f3n de IU para la ciudadan\u00eda espa\u00f1ola emigrada.","potentialAction":[{"@type":"SearchAction","target":{"@type":"EntryPoint","urlTemplate":"https:\/\/iuexterior.org\/?s={search_term_string}"},"query-input":{"@type":"PropertyValueSpecification","valueRequired":true,"valueName":"search_term_string"}}],"inLanguage":"eu"},{"@type":"Person","@id":"https:\/\/iuexterior.org\/#\/schema\/person\/0cc306dc9015c21185f0e0684d92e410","name":"Alicia Gab\u00e1n","image":{"@type":"ImageObject","inLanguage":"eu","@id":"https:\/\/iuexterior.org\/#\/schema\/person\/image\/","url":"https:\/\/secure.gravatar.com\/avatar\/df0b72f6e92404b4e1f3b74c185179a121a04b2aa101c4b564859d290506f307?s=96&d=mm&r=g","contentUrl":"https:\/\/secure.gravatar.com\/avatar\/df0b72f6e92404b4e1f3b74c185179a121a04b2aa101c4b564859d290506f307?s=96&d=mm&r=g","caption":"Alicia Gab\u00e1n"},"mainEntityOfPage":{"@id":"http:\/\/iuexterior.org\/fr\/author\/aliciagaban\/"}}]}},"_links":{"self":[{"href":"https:\/\/iuexterior.org\/eu\/wp-json\/wp\/v2\/users\/3","targetHints":{"allow":["GET"]}}],"collection":[{"href":"https:\/\/iuexterior.org\/eu\/wp-json\/wp\/v2\/users"}]}}