{"id":1988,"date":"2020-07-13T20:33:09","date_gmt":"2020-07-13T18:33:09","guid":{"rendered":"http:\/\/iuexterior.org\/?p=1988"},"modified":"2020-07-13T20:33:10","modified_gmt":"2020-07-13T18:33:10","slug":"unidas-podemos-berlin-alerta-de-una-nueva-bajada-de-la-participacion-en-las-elecciones-vascas-y-gallegas","status":"publish","type":"post","link":"https:\/\/iuexterior.org\/eu\/2020\/07\/13\/unidas-podemos-berlin-alerta-de-una-nueva-bajada-de-la-participacion-en-las-elecciones-vascas-y-gallegas\/","title":{"rendered":"Unidas Podemos Berl\u00edn alerta de una nueva bajada de la participaci\u00f3n en las elecciones vascas y gallegas"},"content":{"rendered":"<p class=\"has-medium-font-size wp-block-paragraph\">De las 991 personas registradas conjuntamente en Berl\u00edn, Brandenburgo, Sajonia, Sajonia-Anhalt y Turingia, fueron aceptadas 229 solicitudes de ruego de voto (23,10%), de los cuales fueron efectuados tan solo 195 (un 19,68% del censo).<\/p>\n\n\n\n<p class=\"wp-block-paragraph\">Las organizaciones que componen\u00a0<strong>Unidas Podemos en Berl\u00edn<\/strong>\u00a0(<strong>IU Berl\u00edn<\/strong>\u00a0y\u00a0<strong>Podemos Berl\u00edn<\/strong>) han hecho una valoraci\u00f3n de la participaci\u00f3n electoral en las\u00a0<strong>elecciones vascas y gallegas del 12 de julio<\/strong>\u00a0en la demarcaci\u00f3n consular que agrupa los Estados de\u00a0<strong>Berl\u00edn, Brandemburgo, Sajonia, Sajonia-Anhalt y Turingia<\/strong>. En los comicios el censo conjunto de electores de Euskadi y Galicia sumaba un total de\u00a0<strong>991 personas<\/strong>. Fueron aceptadas\u00a0<strong>229 solicitudes de ruego de voto (23,10%) y votaron 195 personas (un 85,15% total de los ruegos y un 19,68%)<\/strong>.<\/p>\n\n\n\n<p class=\"wp-block-paragraph\">Cabe recordar que en las elecciones del 10 de noviembre el ruego en la demarcaci\u00f3n de Berl\u00edn ascendi\u00f3\u00a0<strong>por encima del 35% del censo<\/strong>, por lo que hay una ca\u00edda respecto a los \u00faltimos comicios celebrados. No obstante, esta demarcaci\u00f3n consular cuenta con unas tasas altas de participaci\u00f3n en comparaci\u00f3n con la media del voto exterior,\u00a0<strong>cuyas tasas de ruego se situaron en un 2,6% para los comicios gallegos y un 4,5% para los vascos<\/strong>.<\/p>\n\n\n\n<p class=\"wp-block-paragraph\">Tanto\u00a0<strong>Podemos\u00a0<\/strong>como\u00a0<strong>IU Berl\u00edn<\/strong>\u00a0observan que la emigraci\u00f3n producto de la \u00faltima crisis (muy importante en Berl\u00edn) sigue participando m\u00e1s activamente en los procesos electorales, frente a la emigraci\u00f3n de otras generaciones o los colectivos de descendientes, atendiendo a datos comparados con otros consulados donde el colectivo de descendientes es mucho mayor, como los situados en\u00a0<strong>Argentina<\/strong>,\u00a0<strong>Cuba\u00a0<\/strong>u otros pa\u00edses de\u00a0<strong>Am\u00e9rica Latina<\/strong>.<\/p>\n\n\n\n<p class=\"wp-block-paragraph\">Adem\u00e1s, achacan la alta participaci\u00f3n en Berl\u00edn el hecho de que las dos organizaciones est\u00e9n presentes en la ciudad y fomenten campa\u00f1as de informaci\u00f3n y apoyo para tramitar el voto rogado en cada comicio electoral. En este sentido, desde\u00a0<strong>IU\u00a0<\/strong>y\u00a0<strong>Podemos\u00a0<\/strong>han agradecido a los y las representantes que han acudido durante las cinco jornadas electorales a vigilar el proceso electoral y recuerdan que ha sido la \u00fanica formaci\u00f3n que ha tenido presencia activa en el consulado de Berl\u00edn.<\/p>\n\n\n\n<p class=\"wp-block-paragraph\">Finalmente, recuerdan que\u00a0<strong>Unidas Podemos<\/strong>\u00a0ya present\u00f3 en 2017 una iniciativa en el Senado para derogar el voto rogado, aprobada por unanimidad, y que en el programa de Gobierno de coalici\u00f3n PSOE-UP la derogaci\u00f3n del voto rogado y la facilitaci\u00f3n del voto exterior son una prioridad de cara a la comunidad espa\u00f1ola residente en el extranjero.<\/p>\n\n\n\n<p class=\"wp-block-paragraph\">Desde UP Berl\u00edn urgen a la reforma de la ley electoral (LOREG), para que el voto exterior deje de ser una yincana y para que la poblaci\u00f3n residente en el extranjero vea garantizados sus derechos pol\u00edticos y ciudadanos.<\/p>\n\n\n\n<h2 class=\"wp-block-heading\">Kanpoko IUri buruz<\/h2>\n\n\n\n<p class=\"wp-block-paragraph translation-block\">Izquierda Unidaren Kanpoko Federazioa 2017ko apirilean sortu zen espainiar emigrazioa politikoki mobilizatzeko eta bere aldarrikapenei ahotsa emateko. Gaur egun, asanblada egonkorrak ditugu Bruselan, Belgikan; Berlinen eta Frankfurten, Alemanian; Luxenburgon; Zurichen, Suitzan; Lyonen eta Tolosan, Frantzian; eta Buenos Airesen, Argentinan. Gainera, federazioak IU Global asanblada du, eta horren bidez, munduan zehar sakabanatuta dagoen militantziak parte hartzen du, tokiko asanblada propiora sartzeko aukerarik gabe.<\/p>","protected":false},"excerpt":{"rendered":"<p>De las 991 personas registradas conjuntamente en Berl\u00edn, Brandenburgo, Sajonia, Sajonia-Anhalt y Turingia, fueron aceptadas 229 solicitudes de ruego de voto (23,10%), de los cuales fueron efectuados tan solo 195 &hellip;<\/p>","protected":false},"author":2,"featured_media":760,"comment_status":"closed","ping_status":"closed","sticky":false,"template":"","format":"standard","meta":{"wds_primary_category":0,"footnotes":""},"categories":[110,1,25,8,27,111],"tags":[],"class_list":["post-1988","post","type-post","status-publish","format-standard","has-post-thumbnail","","category-acciones","category-actualidad","category-asambleas","category-destacado","category-iu-berlin","category-voto-rogado"],"_links":{"self":[{"href":"https:\/\/iuexterior.org\/eu\/wp-json\/wp\/v2\/posts\/1988","targetHints":{"allow":["GET"]}}],"collection":[{"href":"https:\/\/iuexterior.org\/eu\/wp-json\/wp\/v2\/posts"}],"about":[{"href":"https:\/\/iuexterior.org\/eu\/wp-json\/wp\/v2\/types\/post"}],"author":[{"embeddable":true,"href":"https:\/\/iuexterior.org\/eu\/wp-json\/wp\/v2\/users\/2"}],"replies":[{"embeddable":true,"href":"https:\/\/iuexterior.org\/eu\/wp-json\/wp\/v2\/comments?post=1988"}],"version-history":[{"count":1,"href":"https:\/\/iuexterior.org\/eu\/wp-json\/wp\/v2\/posts\/1988\/revisions"}],"predecessor-version":[{"id":1989,"href":"https:\/\/iuexterior.org\/eu\/wp-json\/wp\/v2\/posts\/1988\/revisions\/1989"}],"wp:featuredmedia":[{"embeddable":true,"href":"https:\/\/iuexterior.org\/eu\/wp-json\/wp\/v2\/media\/760"}],"wp:attachment":[{"href":"https:\/\/iuexterior.org\/eu\/wp-json\/wp\/v2\/media?parent=1988"}],"wp:term":[{"taxonomy":"category","embeddable":true,"href":"https:\/\/iuexterior.org\/eu\/wp-json\/wp\/v2\/categories?post=1988"},{"taxonomy":"post_tag","embeddable":true,"href":"https:\/\/iuexterior.org\/eu\/wp-json\/wp\/v2\/tags?post=1988"}],"curies":[{"name":"wp","href":"https:\/\/api.w.org\/{rel}","templated":true}]}}