{"id":1908,"date":"2020-05-26T16:33:00","date_gmt":"2020-05-26T14:33:00","guid":{"rendered":"http:\/\/iuexterior.org\/?p=1908"},"modified":"2020-06-22T18:56:43","modified_gmt":"2020-06-22T16:56:43","slug":"marea-granate-expondra-este-viernes-los-impedimentos-para-votar-desde-el-extranjero-en-una-nueva-formacionexterior","status":"publish","type":"post","link":"https:\/\/iuexterior.org\/eu\/2020\/05\/26\/marea-granate-expondra-este-viernes-los-impedimentos-para-votar-desde-el-extranjero-en-una-nueva-formacionexterior\/","title":{"rendered":"Marea Granate expondr\u00e1 este viernes los impedimentos para votar desde el extranjero en una nueva #Formaci\u00f3nExterior"},"content":{"rendered":"<h4 class=\"wp-block-heading\">Mar\u00eda Almena y Berta Burguete, representantes de Marea Granate, presentar\u00e1n los problemas con los que se encuentra la emigraci\u00f3n para poder ejercer su voto desde el exterior debido al proceso del voto rogado.<\/h4>\n\n\n\n<p class=\"wp-block-paragraph\">Este <strong>viernes, 29 de mayo<\/strong>, <strong>Mar\u00eda Almena<\/strong> y <strong>Berta Burguete<\/strong>, miembros del colectivo migrante <strong>Marea Granate<\/strong>, nos explicar\u00e1n las principales trabas de la Ley Org\u00e1nica del R\u00e9gimen Electoral General (LOREG) y cu\u00e1l es el proceso para poder votar desde el exterior en la antesala de las <strong>elecciones vascas y gallegas del 12 de julio<\/strong>. Por medio de esta charla, podremos conocer las soluciones que proponen desde Marea Granate para paliar estas situaciones. La misma podr\u00e1 seguirse en directo desde el <strong><a href=\"https:\/\/www.facebook.com\/IUExterior\/\">perfil de Facebook<\/a> de la federaci\u00f3n a las 19:00 horas.<\/strong><\/p>\n\n\n\n<figure><iframe loading=\"lazy\" width=\"560\" height=\"315\" src=\"https:\/\/www.youtube.com\/embed\/DwjU9eRrDpI\" allowfullscreen=\"\"><\/iframe><\/figure>\n\n\n\n<h3 class=\"wp-block-heading\">Encuentros anteriores<\/h3>\n\n\n\n<iframe loading=\"lazy\" src=\"https:\/\/www.facebook.com\/plugins\/video.php?href=https:\/\/www.facebook.com\/IUExterior\/videos\/936753596750740\/&amp;show_text=0&amp;width=560\" width=\"560\" height=\"315\" style=\"border:none;overflow:hidden\" scrolling=\"no\" frameborder=\"0\" allowtransparency=\"true\" allowfullscreen=\"true\"><\/iframe>\n\n\n\n<p class=\"wp-block-paragraph\">El pasado viernes 22 de mayo, la&nbsp;<strong>corresponsable de Acci\u00f3n Pol\u00edtica de la federaci\u00f3n de Izquierda Unida en el Exterior (IU Exterior)&nbsp;<strong>Pilar Moura<\/strong>, miembro IU Buenos Aires<\/strong>, y&nbsp;<strong>Danthe Menes<\/strong>, miembro del&nbsp;<strong>Centro de&nbsp;Descendientes&nbsp;de Espa\u00f1oles Unidos (<strong>CeDEU<\/strong>)<\/strong>&nbsp;explicar\u00f3n en qu\u00e9 consiste la&nbsp;<a href=\"http:\/\/iuexterior.org\/eu\/2018\/11\/30\/el-coportavoz-de-iu-exterior-eduardo-velazquez-visita-argentina-y-uruguay-para-presentar-la-ley-de-nacionalidad-para-descendientes\/\">Ley de Nacionalidad para Descendientes<\/a>. El encuentro fue moderado por el coportavoz de&nbsp;<strong>IU Exterior Eduardo Vel\u00e1zquez<\/strong>. <\/p>\n\n\n\n<figure><iframe loading=\"lazy\" src=\"https:\/\/www.facebook.com\/plugins\/video.php?href=https%3A%2F%2Fwww.facebook.com%2FIUExterior%2Fvideos%2F592216281642208%2F&amp;show_text=0&amp;width=560\" width=\"560\" height=\"315\" allowfullscreen=\"true\"><\/iframe><\/figure>\n\n\n\n<p class=\"wp-block-paragraph\"><strong>H\u00e9ctor Pujols, presidente de la Coordinadora Nacional de Inmigrantes de Chile<\/strong>, protagoniz\u00f3 la charla <em>Chile: un pueblo en lucha<\/em> que tuvo lugar el pasado <strong>15 de mayo<\/strong>.<\/p>\n\n\n\n<figure><iframe loading=\"lazy\" src=\"https:\/\/www.facebook.com\/plugins\/video.php?href=https%3A%2F%2Fwww.facebook.com%2FIUExterior%2Fvideos%2F3106339079431241%2F&amp;show_text=0&amp;width=560\" width=\"560\" height=\"315\" allowfullscreen=\"true\"><\/iframe><\/figure>\n\n\n\n<p class=\"wp-block-paragraph\">El pasado <strong>7 de mayo<\/strong>, antesala del <strong><strong>D\u00eda de la Victoria sobre el Nazismo, Guillermo Fern\u00e1ndez-V\u00e1zquez<\/strong><\/strong>, autor del libro <em>Qu\u00e9 hacer con la extrema derecha en Europa<\/em>, nos dio algunas claves sobre <strong>c\u00f3mo frenar el auge de la ultraderecha<\/strong>.<\/p>\n\n\n\n<figure><iframe loading=\"lazy\" src=\"https:\/\/www.facebook.com\/plugins\/video.php?href=https%3A%2F%2Fwww.facebook.com%2FIUExterior%2Fvideos%2F224160322209817%2F&amp;show_text=0&amp;width=560\" width=\"560\" height=\"315\" allowfullscreen=\"true\"><\/iframe><\/figure>\n\n\n\n<p class=\"wp-block-paragraph\">El pasado <strong>jueves, 30 de abril<\/strong>, <strong><strong>Jaime Mart\u00ednez Porro<\/strong><\/strong>, corresponsable de Organizaci\u00f3n de <strong>IU Exterior<\/strong> y militante de <strong>IU Berl\u00edn<\/strong>, fue el encargado de conducir la sesi\u00f3n titulada <em>Vivienda: construir, regular o expropiar<\/em>.<\/p>\n\n\n\n<figure><iframe loading=\"lazy\" src=\"https:\/\/www.facebook.com\/plugins\/video.php?href=https%3A%2F%2Fwww.facebook.com%2FIUExterior%2Fvideos%2F298723924447174%2F&amp;show_text=0&amp;width=560\" width=\"560\" height=\"315\" allowfullscreen=\"true\"><\/iframe><\/figure>\n\n\n\n<p class=\"wp-block-paragraph\">El <strong>24 de abril<\/strong>, <strong>Nerea Fern\u00e1ndez Cordero, <strong>coportavoz de IU Exterior<\/strong><\/strong>, y <strong><strong>Norma Lorenzo, <\/strong>coordinadora de IU Berl\u00edn<\/strong>, presentaron la siguiente sesi\u00f3n del ciclo <strong>#Formaci\u00f3nExterior<\/strong> de <strong>IU Exterior<\/strong>, titulada &#8216;Emigraci\u00f3n y feminismo: los cuidados&#8217;.<\/p>\n\n\n\n<figure><iframe loading=\"lazy\" src=\"https:\/\/www.facebook.com\/plugins\/video.php?href=https%3A%2F%2Fwww.facebook.com%2FIUExterior%2Fvideos%2F229704948121098%2F&amp;show_text=0&amp;width=560\" width=\"560\" height=\"315\" allowfullscreen=\"true\"><\/iframe><\/figure>\n\n\n\n<p class=\"wp-block-paragraph\">El pasado <strong>17 de abril<\/strong>, <strong>Julia Macera <\/strong>y <strong>Luis Sanz<\/strong>, militantes de <strong>IU Toulouse <\/strong>e <strong>IU Berl\u00edn <\/strong>respectivamente, fueron las encargadas de impartir un taller sobre <em><strong><a rel=\"noreferrer noopener\" href=\"https:\/\/www.facebook.com\/events\/537339667163415\/\" target=\"_blank\">Nociones b\u00e1sicas de marxismo: filosof\u00eda y econom\u00eda<\/a><\/strong><\/em>, una sesi\u00f3n recopilatoria de los aspectos m\u00e1s destacados de los grupos de lectura y debate pol\u00edtico de ambas asambleas. La charla fue moderada por la <strong>corresponsable de Acci\u00f3n Pol\u00edtica de IU Exterior Mar\u00eda Perles<\/strong>.<\/p>\n\n\n\n<figure><iframe loading=\"lazy\" src=\"https:\/\/www.facebook.com\/plugins\/video.php?href=https%3A%2F%2Fwww.facebook.com%2FIUExterior%2Fvideos%2F535437340450060%2F&amp;show_text=0&amp;width=560\" width=\"560\" height=\"315\" allowfullscreen=\"true\"><\/iframe><\/figure>\n\n\n\n<p class=\"wp-block-paragraph\">En la anterior ocasi\u00f3n, que tuvo lugar el <strong>10 de abril<\/strong>, fue el turno de la <strong>exdiputada y coordinadora del \u00e1rea de&nbsp;<a href=\"https:\/\/www.facebook.com\/IUMedioAmbiente\/\">Medio Ambiente de IU<\/a> <a href=\"https:\/\/www.facebook.com\/eva.garciasempere\">Eva Garcia Sempere<\/a><\/strong>, quien habl\u00f3 de <em><strong>Lo que el coronavirus nos ense\u00f1\u00f3: por un nuevo modelo agroalimentario<\/strong><\/em>.<\/p>\n\n\n\n<figure><iframe loading=\"lazy\" src=\"https:\/\/www.facebook.com\/plugins\/video.php?href=https%3A%2F%2Fwww.facebook.com%2FIUExterior%2Fvideos%2F208303283787243%2F&amp;show_text=0&amp;width=560\" width=\"560\" height=\"315\" allowfullscreen=\"true\"><\/iframe><\/figure>\n\n\n\n\n\n<p class=\"wp-block-paragraph\">El pasado <strong><a rel=\"noreferrer noopener\" href=\"https:\/\/www.facebook.com\/events\/2588046114749135\/\" target=\"_blank\">5 de abril<\/a><\/strong>, el <strong>coportavoz de IU Exterior Eduardo Vel\u00e1zquez<\/strong> fue el responsable de hablar sobre las iniciativas en materia de <strong>retorno digno de la emigraci\u00f3n <\/strong>en la que abord\u00f3 las iniciativas por un retorno digno (<strong>#PorUnRetornoDigno<\/strong>) que se han trabajado desde la federaci\u00f3n.<\/p>\n\n\n\n<figure><iframe loading=\"lazy\" src=\"https:\/\/www.facebook.com\/plugins\/video.php?href=https%3A%2F%2Fwww.facebook.com%2FIUExterior%2Fvideos%2F917748275324932%2F&amp;show_text=0&amp;width=560\" width=\"560\" height=\"315\" allowfullscreen=\"true\"><\/iframe><\/figure>\n\n\n\n<p class=\"wp-block-paragraph\">La <strong>eurodiputada Sira Rego <\/strong>particip\u00f3 el pasado<strong> 3 de abril <\/strong>en el tercero de los talleres de <a href=\"http:\/\/iuexterior.org\/wp-admin\/post.php?post=1594&amp;action=edit#Formaci%C3%B3nExterior\">#Formaci\u00f3nExterior<\/a>, donde abord\u00f3 los retos a los que nos enfrentamos a nivel europeo y nos cont\u00f3 cu\u00e1l es el papel de IU en la Euroc\u00e1mara.<\/p>\n\n\n\n<figure><iframe loading=\"lazy\" src=\"https:\/\/www.facebook.com\/plugins\/video.php?href=https%3A%2F%2Fwww.facebook.com%2FIUExterior%2Fvideos%2F226799308560759%2F&amp;show_text=0&amp;width=560\" width=\"560\" height=\"315\" allowfullscreen=\"true\"><\/iframe><\/figure>\n\n\n\n<p class=\"wp-block-paragraph\">En la anterior cita, que tuvo lugar el<strong> 1 de abril<\/strong>, fue <strong>Virginia Hern\u00e1ndez, alcaldesa de San Pelayo (Valladolid)<\/strong> y diputada provincial por <strong>Tu Pueblo Toma la Palabra<\/strong>, la encargada de impartir el taller <strong>\u2018Combatir la despoblaci\u00f3n\u2019<\/strong>.<\/p>\n\n\n\n<figure><iframe loading=\"lazy\" src=\"https:\/\/www.facebook.com\/plugins\/video.php?href=https%3A%2F%2Fwww.facebook.com%2FIUExterior%2Fvideos%2F506415746704683%2F&amp;show_text=0&amp;width=560\" width=\"560\" height=\"315\" allowfullscreen=\"true\"><\/iframe><\/figure>\n\n\n\n<p class=\"wp-block-paragraph\">El pasado <strong>27 de marzo<\/strong>, la <strong>exsenadora y portavoz de ALEAS-Red de Pol\u00edticas LGTBI de IU Vanessa Angustia<\/strong> imparti\u00f3 el taller &#8216;Feminismo y lucha LGTBI: juntas contra el patriarcado&#8217;, el primero de los talleres de <a href=\"https:\/\/www.youtube.com\/results?search_query=%23Formaci%C3%B3nExterior\">#Formaci\u00f3nExterior<\/a> de <strong>IU Exterior<\/strong>.<\/p>\n\n\n\n<h2 class=\"wp-block-heading\">Actividades de las asambleas<\/h2>\n\n\n\n<p class=\"wp-block-paragraph\">En paralelo a las actividades de la federaci\u00f3n, las asambleas de <strong>IU Exterior<\/strong> han mantenido su actividad formativa de manera telem\u00e1tica, como es el caso de los grupos de lectura y debate pol\u00edtico de <a rel=\"noreferrer noopener\" href=\"https:\/\/www.facebook.com\/events\/1016386315429405\/\" target=\"_blank\">IU Berl\u00edn<\/a> e <a rel=\"noreferrer noopener\" href=\"https:\/\/www.facebook.com\/events\/865698863841619\/\" target=\"_blank\">IU Toulouse<\/a>. Por su parte, la asamblea de <strong>IU Buenos Aires<\/strong> celebr\u00f3 el <strong>5 de mayo<\/strong> un <strong><a rel=\"noreferrer noopener\" href=\"https:\/\/www.facebook.com\/watch\/live\/?v=865877523915579\" target=\"_blank\">conversatorio republicano<\/a><\/strong> con <strong>Isabel Soto, hija del gallego Soto Habla<\/strong>, y <strong>Xan Leira, director de <em>Utop\u00eda Libertaria<\/em><\/strong>, con motivo de la <strong>Semana de los y las Trabajadoras<\/strong>. Anteriormente, con ocasi\u00f3n de la declaraci\u00f3n del D\u00eda del Exiliado y la Exiliada Espa\u00f1ola en Argentina, <a rel=\"noreferrer noopener\" href=\"https:\/\/www.facebook.com\/watch\/live\/?v=2600440250276092\" target=\"_blank\">conmemoraron el 14 de abril, D\u00eda de la Rep\u00fablica Espa\u00f1ola<\/a>, de la mano del polit\u00f3logo e historiador <strong>Daniel Campione<\/strong>.<\/p>","protected":false},"excerpt":{"rendered":"<p>Mar\u00eda Almena y Berta Burguete, representantes de Marea Granate, presentar\u00e1n los problemas con los que se encuentra la emigraci\u00f3n para poder ejercer su voto desde el exterior debido al proceso &hellip;<\/p>","protected":false},"author":3,"featured_media":760,"comment_status":"closed","ping_status":"closed","sticky":false,"template":"","format":"standard","meta":{"wds_primary_category":0,"footnotes":""},"categories":[110,1,8,123,111,9],"tags":[],"class_list":["post-1908","post","type-post","status-publish","format-standard","has-post-thumbnail","","category-acciones","category-actualidad","category-destacado","category-formacion","category-voto-rogado","category-videos"],"_links":{"self":[{"href":"https:\/\/iuexterior.org\/eu\/wp-json\/wp\/v2\/posts\/1908","targetHints":{"allow":["GET"]}}],"collection":[{"href":"https:\/\/iuexterior.org\/eu\/wp-json\/wp\/v2\/posts"}],"about":[{"href":"https:\/\/iuexterior.org\/eu\/wp-json\/wp\/v2\/types\/post"}],"author":[{"embeddable":true,"href":"https:\/\/iuexterior.org\/eu\/wp-json\/wp\/v2\/users\/3"}],"replies":[{"embeddable":true,"href":"https:\/\/iuexterior.org\/eu\/wp-json\/wp\/v2\/comments?post=1908"}],"version-history":[{"count":8,"href":"https:\/\/iuexterior.org\/eu\/wp-json\/wp\/v2\/posts\/1908\/revisions"}],"predecessor-version":[{"id":1936,"href":"https:\/\/iuexterior.org\/eu\/wp-json\/wp\/v2\/posts\/1908\/revisions\/1936"}],"wp:featuredmedia":[{"embeddable":true,"href":"https:\/\/iuexterior.org\/eu\/wp-json\/wp\/v2\/media\/760"}],"wp:attachment":[{"href":"https:\/\/iuexterior.org\/eu\/wp-json\/wp\/v2\/media?parent=1908"}],"wp:term":[{"taxonomy":"category","embeddable":true,"href":"https:\/\/iuexterior.org\/eu\/wp-json\/wp\/v2\/categories?post=1908"},{"taxonomy":"post_tag","embeddable":true,"href":"https:\/\/iuexterior.org\/eu\/wp-json\/wp\/v2\/tags?post=1908"}],"curies":[{"name":"wp","href":"https:\/\/api.w.org\/{rel}","templated":true}]}}