{"id":2351,"date":"2021-04-06T11:56:08","date_gmt":"2021-04-06T09:56:08","guid":{"rendered":"http:\/\/iuexterior.org\/?p=2351"},"modified":"2021-04-06T11:56:10","modified_gmt":"2021-04-06T09:56:10","slug":"iu-global-analizara-este-sabado-el-sindicalismo-en-europa-con-una-mirada-puesta-en-la-emigracion","status":"publish","type":"post","link":"https:\/\/iuexterior.org\/en\/2021\/04\/06\/iu-global-analizara-este-sabado-el-sindicalismo-en-europa-con-una-mirada-puesta-en-la-emigracion\/","title":{"rendered":"IU Global analizar\u00e1 este s\u00e1bado el sindicalismo en Europa con una mirada puesta en la emigraci\u00f3n"},"content":{"rendered":"<h3 class=\"wp-block-heading\">IU Global, en colaboraci\u00f3n con IU Exterior, organiza este s\u00e1bado el encuentro virtual \u201cUna mirada al sindicalismo en Europa: apuntes para la emigraci\u00f3n\u00bb sobre el sindicalismo en la Europa de nuestros d\u00edas.<\/h3>\n\n\n\n<p class=\"wp-block-paragraph\"><strong>Alejandra P. Carrasco<\/strong> (presidenta de la secci\u00f3n sindical de ST de la Universidad de Estocolmo, Suecia), <strong>Beatriu Cardona <\/strong>i Prats (Membre del Secretariat de la Intersindical Valenciana y Coordinadora d\u2019Intersindical Dones)y <strong>Claudius Naumann<\/strong> (delegado sindical de la Freie Universit\u00e4t Berlin (Institut f\u00fcr Iranistik, Alemania) analizaran los problemas y posibles soluciones del sindicalismo en la Europa de nuestros d\u00edas. Igualmente, aportaran una serie de apuntes sobre emigraci\u00f3n y sindicalismo.<\/p>\n\n\n\n<p class=\"wp-block-paragraph\">El encuentro podr\u00e1 verse el\u00a0<strong>s\u00e1bado, 10 de abril , a las 12:00 horas<\/strong>\u00a0en la\u00a0<a rel=\"noreferrer noopener\" href=\"https:\/\/www.facebook.com\/IUExterior\/\" target=\"_blank\">p\u00e1gina de Facebook de IU Global<\/a>.<\/p>\n\n\n\n<figure class=\"wp-block-embed is-type-rich is-provider-twitter wp-block-embed-twitter\"><div class=\"wp-block-embed__wrapper\">\nhttps:\/\/twitter.com\/IU_Global\/status\/1378006918439047179\n<\/div><\/figure>\n\n\n\n<h3 class=\"wp-block-heading\">Acerca de <strong>IU Global<\/strong><\/h3>\n\n\n\n<p class=\"wp-block-paragraph\">La\u00a0<strong>Asamblea Global de IU Exterior<\/strong>\u00a0se fund\u00f3 el\u00a0<strong><a href=\"http:\/\/iuexterior.org\/en\/2020\/01\/31\/nace-iu-global-una-asamblea-virtual-para-permitir-la-participacion-de-la-militancia-sin-asamblea-local-cercana\/\" target=\"_blank\" rel=\"noreferrer noopener\">30 de enero de 2020<\/a><\/strong>\u00a0para aglutinar a los y las militantes que carecen de asamblea de base en su ciudad de residencia. Su militancia est\u00e1 repartida por tres continentes:\u00a0<strong>Europa, Am\u00e9rica y \u00c1frica<\/strong>. Desde su creaci\u00f3n, la asamblea se re\u00fane de mensualmente de forma telem\u00e1tica. Ha formado parte de la organizaci\u00f3n de eventos en ciudades como\u00a0<strong>Viena\u00a0<\/strong>o\u00a0<strong>Londres<\/strong>, y participado en otros en ciudades como\u00a0<strong>Dubl\u00edn<\/strong>,\u00a0<strong>Estocolmo<\/strong>,\u00a0<strong>Nueva York<\/strong>\u00a0o\u00a0<strong>Kaunas<\/strong>. <\/p>\n\n\n\n<p class=\"wp-block-paragraph\">Puedes contactar con\u00a0<strong>IU Global\u00a0<\/strong>a trav\u00e9s del correo\u00a0<a href=\"mailto:global@iuexterior.org\">global@iuexterior.org<\/a>\u00a0y de sus perfiles en\u00a0<strong><a href=\"https:\/\/www.facebook.com\/IUAsambleaGlobal\/\" target=\"_blank\" rel=\"noreferrer noopener\">Facebook<\/a><\/strong>\u00a0and\u00a0<strong><a href=\"https:\/\/twitter.com\/IU_Global\" target=\"_blank\" rel=\"noreferrer noopener\">Twitter<\/a><\/strong>.<\/p>\n\n\n\n<h2 class=\"wp-block-heading\">About United Left Abroad<\/h2>\n\n\n\n<p class=\"wp-block-paragraph translation-block\">La&nbsp;<strong>Federaci\u00f3n del Exterior de Izquierda Unida<\/strong>&nbsp;<a href=\"http:\/\/iuexterior.org\/en\/2017\/04\/30\/la-federacion-del-exterior-de-iu-nace-para-movilizar-politicamente-a-la-emigracion-espanola\/\" target=\"_self\">naci\u00f3 en abril de 2017<\/a>&nbsp;para movilizar pol\u00edticamente a la emigraci\u00f3n espa\u00f1ola y darle voz a sus reivindicaciones. Actualmente contamos con asambleas estables en&nbsp;<a href=\"http:\/\/iuexterior.org\/en\/Bruselas\/\" rel=\"noreferrer noopener\" target=\"_self\">Bruselas<\/a>, B\u00e9lgica;&nbsp;<a href=\"http:\/\/iuexterior.org\/en\/Berlin\/\" rel=\"noreferrer noopener\" target=\"_self\">Berl\u00edn<\/a>&nbsp;y&nbsp;<a href=\"http:\/\/iuexterior.org\/en\/Frankfurt\/\" rel=\"noreferrer noopener\" target=\"_self\">Frankfurt<\/a>, en Alemania;&nbsp;<a href=\"http:\/\/iuexterior.org\/en\/Luexmburgo\/\" rel=\"noreferrer noopener\" target=\"_self\">Luxemburgo<\/a>;&nbsp;<a href=\"http:\/\/iuexterior.org\/en\/Zurich\/\" rel=\"noreferrer noopener\" target=\"_self\">Z\u00farich<\/a>, en Suiza; en&nbsp;<a href=\"http:\/\/iuexterior.org\/en\/Lyon\/\" target=\"_self\">Lyon<\/a>&nbsp;y&nbsp;<a href=\"http:\/\/iuexterior.org\/en\/Toulouse\/\" rel=\"noreferrer noopener\" target=\"_self\">Toulouse<\/a>, en Francia; y tanto en&nbsp;la&nbsp;<a href=\"http:\/\/iuexterior.org\/en\/BuenosAires\/\" rel=\"noreferrer noopener\" target=\"_self\">Ciudad de Buenos Aires<\/a>&nbsp;como en la&nbsp;<a href=\"http:\/\/iuexterior.org\/en\/provinciabuenosaires\/\" rel=\"noreferrer noopener\" target=\"_self\">Provincia de Buenos Aires<\/a>, Argentina. Adem\u00e1s, la federaci\u00f3n dispone de la asamblea&nbsp;<a href=\"http:\/\/iuexterior.org\/en\/Global\/\" rel=\"noreferrer noopener\" target=\"_self\">IU Global<\/a>, por medio de la cual participa la militancia dispersa por el mundo sin acceso a una asamblea local propia.<\/p>\n\n\n\n<p class=\"wp-block-paragraph translation-block\">Puedes contactar con&nbsp;<strong>IU Exterior<\/strong>&nbsp;a trav\u00e9s del correo&nbsp;<a href=\"mailto:exterior@izquierdaunida.org\" rel=\"noreferrer noopener\" target=\"_self\"><strong>exterior@izquierdaunida.org<\/strong><\/a>&nbsp;o de nuestros perfiles en&nbsp;<a href=\"https:\/\/www.facebook.com\/IUExterior\/\" rel=\"noreferrer noopener\" target=\"_self\"><strong>Facebook<\/strong><\/a>,&nbsp;<a href=\"https:\/\/twitter.com\/IUExterior\/\" rel=\"noreferrer noopener\" target=\"_self\"><strong>Twitter<\/strong><\/a>&nbsp;e&nbsp;<a href=\"https:\/\/www.instagram.com\/IUExterior\/\" rel=\"noreferrer noopener\" target=\"_self\"><strong>Instagram<\/strong><\/a>.<\/p>","protected":false},"excerpt":{"rendered":"<p>IU Global, en colaboraci\u00f3n con IU Exterior, organiza este s\u00e1bado el encuentro virtual \u201cUna mirada al sindicalismo en Europa: apuntes para la emigraci\u00f3n\u00bb sobre el sindicalismo en la Europa de &hellip;<\/p>","protected":false},"author":3,"featured_media":2360,"comment_status":"closed","ping_status":"closed","sticky":false,"template":"","format":"standard","meta":{"wds_primary_category":0,"footnotes":""},"categories":[1,25,8,35],"tags":[],"class_list":["post-2351","post","type-post","status-publish","format-standard","has-post-thumbnail","","category-actualidad","category-asambleas","category-destacado","category-iu-global"],"_links":{"self":[{"href":"https:\/\/iuexterior.org\/en\/wp-json\/wp\/v2\/posts\/2351","targetHints":{"allow":["GET"]}}],"collection":[{"href":"https:\/\/iuexterior.org\/en\/wp-json\/wp\/v2\/posts"}],"about":[{"href":"https:\/\/iuexterior.org\/en\/wp-json\/wp\/v2\/types\/post"}],"author":[{"embeddable":true,"href":"https:\/\/iuexterior.org\/en\/wp-json\/wp\/v2\/users\/3"}],"replies":[{"embeddable":true,"href":"https:\/\/iuexterior.org\/en\/wp-json\/wp\/v2\/comments?post=2351"}],"version-history":[{"count":5,"href":"https:\/\/iuexterior.org\/en\/wp-json\/wp\/v2\/posts\/2351\/revisions"}],"predecessor-version":[{"id":2361,"href":"https:\/\/iuexterior.org\/en\/wp-json\/wp\/v2\/posts\/2351\/revisions\/2361"}],"wp:featuredmedia":[{"embeddable":true,"href":"https:\/\/iuexterior.org\/en\/wp-json\/wp\/v2\/media\/2360"}],"wp:attachment":[{"href":"https:\/\/iuexterior.org\/en\/wp-json\/wp\/v2\/media?parent=2351"}],"wp:term":[{"taxonomy":"category","embeddable":true,"href":"https:\/\/iuexterior.org\/en\/wp-json\/wp\/v2\/categories?post=2351"},{"taxonomy":"post_tag","embeddable":true,"href":"https:\/\/iuexterior.org\/en\/wp-json\/wp\/v2\/tags?post=2351"}],"curies":[{"name":"wp","href":"https:\/\/api.w.org\/{rel}","templated":true}]}}