{"id":421,"date":"2018-05-06T23:02:17","date_gmt":"2018-05-06T21:02:17","guid":{"rendered":"http:\/\/iuexterior.org\/?p=421"},"modified":"2020-04-29T23:02:27","modified_gmt":"2020-04-29T21:02:27","slug":"iu-exterior-secunda-a-los-marineros-de-long-hope-y-exige-que-noruega-les-pague-sus-pensiones","status":"publish","type":"post","link":"https:\/\/iuexterior.org\/de\/2018\/05\/06\/iu-exterior-secunda-a-los-marineros-de-long-hope-y-exige-que-noruega-les-pague-sus-pensiones\/","title":{"rendered":"IU Exterior secunda a los marineros de Long Hope y exige que Noruega les pague sus pensiones"},"content":{"rendered":"<h4><strong>La asamblea de IU Berl\u00edn apoy\u00f3 a los marineros de Long Hope concentrados en la capital alemana para reivindicar el cobro de sus pensiones al gobierno noruego<\/strong><\/h4>\n<p>Las integrantes de la asamblea de <strong>IU Berlin<\/strong> asistieron el pasado 28 de abril a la concentraci\u00f3n de los marineros gallegos de Long Hope que reivindicaron en la capital alemana el cobro de las pensiones que les adeuda el gobierno noruego, tras haber trabajado durante d\u00e9cadas a bordo de barcos pesqueros del pa\u00eds n\u00f3rdico.<\/p>\n<p>Los marineros de Long Hope, junto a la militancia de <strong>IU Berlin<\/strong>, y otros colectivos como <strong>Marea Granate<\/strong>, desplegaron pancartas ante la puerta de Brandenburgo. Haciendo llegar sus reivindicaciones ante el gobierno alem\u00e1n esperan obtener el apoyo internacional necesario para lograr el justo cobro de sus pensiones.<\/p>\n<p>La <strong>federaci\u00f3n del Exterior de IU<\/strong> vuelve a mostrar as\u00ed su compromiso con las y los trabajadores, y su defensa de los derechos y los intereses de la clase obrera, a nivel internacional.<\/p>\n<p><em><strong>\u00a0\u00dcber die IU Exterior<\/strong><\/em><\/p>\n<p>La Federaci\u00f3n del Exterior de Izquierda Unida naci\u00f3 en abril de 2017 para movilizar pol\u00edticamente a la emigraci\u00f3n espa\u00f1ola y darle voz a sus reivindicaciones. Actualmente contamos con asambleas estables en Bruselas, B\u00e9lgica; Berl\u00edn y Frankfurt, en Alemania; Luxemburgo; Z\u00farich, en Suiza; en Lyon, Toulouse y Montpellier, en Francia; y en Buenos Aires, Argentina.<\/p>\n<p>Para contactar con IU Exterior env\u00edanos un mail a: <strong>exterior@izquierdaunida.org<\/strong><\/p>","protected":false},"excerpt":{"rendered":"<p>La asamblea de IU Berl\u00edn apoy\u00f3 a los marineros de Long Hope concentrados en la capital alemana para reivindicar el cobro de sus pensiones al gobierno noruego Las integrantes de &hellip;<\/p>","protected":false},"author":1,"featured_media":422,"comment_status":"closed","ping_status":"closed","sticky":false,"template":"","format":"standard","meta":{"wds_primary_category":0,"footnotes":""},"categories":[110,1,25,8,4,27,119],"tags":[22,7,13],"class_list":["post-421","post","type-post","status-publish","format-standard","has-post-thumbnail","","category-acciones","category-actualidad","category-asambleas","category-destacado","category-documentos","category-iu-berlin","category-pensiones-dignas","tag-berlin","tag-derechos-laborales","tag-iuexterior"],"_links":{"self":[{"href":"https:\/\/iuexterior.org\/de\/wp-json\/wp\/v2\/posts\/421","targetHints":{"allow":["GET"]}}],"collection":[{"href":"https:\/\/iuexterior.org\/de\/wp-json\/wp\/v2\/posts"}],"about":[{"href":"https:\/\/iuexterior.org\/de\/wp-json\/wp\/v2\/types\/post"}],"author":[{"embeddable":true,"href":"https:\/\/iuexterior.org\/de\/wp-json\/wp\/v2\/users\/1"}],"replies":[{"embeddable":true,"href":"https:\/\/iuexterior.org\/de\/wp-json\/wp\/v2\/comments?post=421"}],"version-history":[{"count":7,"href":"https:\/\/iuexterior.org\/de\/wp-json\/wp\/v2\/posts\/421\/revisions"}],"predecessor-version":[{"id":1715,"href":"https:\/\/iuexterior.org\/de\/wp-json\/wp\/v2\/posts\/421\/revisions\/1715"}],"wp:featuredmedia":[{"embeddable":true,"href":"https:\/\/iuexterior.org\/de\/wp-json\/wp\/v2\/media\/422"}],"wp:attachment":[{"href":"https:\/\/iuexterior.org\/de\/wp-json\/wp\/v2\/media?parent=421"}],"wp:term":[{"taxonomy":"category","embeddable":true,"href":"https:\/\/iuexterior.org\/de\/wp-json\/wp\/v2\/categories?post=421"},{"taxonomy":"post_tag","embeddable":true,"href":"https:\/\/iuexterior.org\/de\/wp-json\/wp\/v2\/tags?post=421"}],"curies":[{"name":"wp","href":"https:\/\/api.w.org\/{rel}","templated":true}]}}