{"id":2596,"date":"2022-06-13T13:01:54","date_gmt":"2022-06-13T11:01:54","guid":{"rendered":"http:\/\/iuexterior.org\/?p=2596"},"modified":"2022-06-13T14:26:53","modified_gmt":"2022-06-13T12:26:53","slug":"iu-exterior-presenta-un-informe-sobre-la-educacion-exterior-y-el-papel-de-los-centros-educativos-espanoles-en-el-exterior","status":"publish","type":"post","link":"https:\/\/iuexterior.org\/de\/2022\/06\/13\/iu-exterior-presenta-un-informe-sobre-la-educacion-exterior-y-el-papel-de-los-centros-educativos-espanoles-en-el-exterior\/","title":{"rendered":"IU Exterior presenta un informe sobre la educaci\u00f3n exterior y el papel de los centros educativos espa\u00f1oles en el exterior"},"content":{"rendered":"<p class=\"wp-block-paragraph\">Desde la Federaci\u00f3n de Izquierda Unida en el Exterior (IU Exterior) y la asamblea de IU Global presentan un informe detallado sobre la educaci\u00f3n exterior y el papel de los centros educativos espa\u00f1oles en el exterior. <\/p>\n\n\n\n<p class=\"wp-block-paragraph\">La asamblea de IU Global, la asamblea virtual de las militantes que no tienen una asamblea f\u00edsica en sus ciudades de residencia, ha elaborado <strong>u<a href=\"http:\/\/iuexterior.org\/wp-content\/uploads\/2022\/06\/informe-IU-exterior-3.pdf\">n inform<\/a>e exhaustivo sobre la Actividad Educativa del Espa\u00f1ol en el Exterior (AEEE)<\/strong> as\u00ed como<strong> el perfil del personal laboral en los centros en el exterior<\/strong> y sus <strong>condiciones laborales<\/strong>.<\/p>\n\n\n\n<p class=\"wp-block-paragraph\">Con este informe se pretende profundizar en la estructura de la (AEEE) que se desarrolla fuera del territorio nacional bajo la responsabilidad pol\u00edtica del Gobierno de Espa\u00f1a, del cual participamos, as\u00ed como monitorizar las condiciones de trabajo e impulsar mejoras laborales junto a identificar propuestas que puedan mejorar el efecto de las actividades educativas sobre la poblaci\u00f3n residente en el exterior.<\/p>\n\n\n\n<p class=\"wp-block-paragraph\">IU Exterior recuerda que la educaci\u00f3n es un derecho humano fundamental y un pilar b\u00e1sico de las sociedades. Desde nuestra organizaci\u00f3n defendemos siempre una educaci\u00f3n p\u00fablica universal, que sea gratuita, laica, inclusiva, solidaria, coeducativa, personalizada, participativa, ecol\u00f3gica, integral, intercultural y democr\u00e1tica. Defendemos ante todo una educaci\u00f3n p\u00fablica por ser la \u00fanica que garantiza la igualdad de derechos y posibilidades para todos y todas. Consideramos que la escuela p\u00fablica debe ser un lugar de encuentro entre las personas que conviven en una sociedad cada vez m\u00e1s plural y multicultural, como una premisa necesaria del aut\u00e9ntico desarrollo de una educaci\u00f3n para la paz, en igualdad de g\u00e9neros y respetuosa con la diversidad afectivo-sexual.<\/p>\n\n\n\n<p class=\"wp-block-paragraph\">Compartimos y colectivizamos este informe para que residentes en el exterior, sindicatos, trabajadoras de la educaci\u00f3n en el exterior y cualquier persona interesada pueda acceder libremente. <\/p>\n\n\n\n<p class=\"wp-block-paragraph\">Desde nuestra Federaci\u00f3n y la asamblea de IU Global queremos seguir actualiz\u00e1ndolo y trabajando por los derechos laborales y educativos de las residentes 2.742.605 personas  que residen de manera oficial en el exterior a 1 de enero de 2022. <\/p>\n\n\n\n<h2 class=\"wp-block-heading\">\u00dcber die IU Exterior<\/h2>\n\n\n\n<p class=\"wp-block-paragraph\">La&nbsp;<strong>Federaci\u00f3n del Exterior de Izquierda Unida<\/strong>&nbsp;<a href=\"http:\/\/iuexterior.org\/de\/2017\/04\/30\/la-federacion-del-exterior-de-iu-nace-para-movilizar-politicamente-a-la-emigracion-espanola\/\">naci\u00f3 en abril de 2017<\/a>&nbsp;para movilizar pol\u00edticamente a la emigraci\u00f3n espa\u00f1ola y darle voz a sus reivindicaciones. Actualmente contamos con asambleas estables en&nbsp;<a href=\"https:\/\/iuexterior.org\/de\/Bruselas\/\">Bruselas<\/a>, B\u00e9lgica;&nbsp;<a href=\"https:\/\/iuexterior.org\/de\/Berlin\/\">Berl\u00edn<\/a>&nbsp;y&nbsp;<a href=\"https:\/\/iuexterior.org\/de\/Frankfurt\/\">Frankfurt<\/a>, en Alemania;&nbsp;<a href=\"https:\/\/iuexterior.org\/de\/Luexmburgo\/\">Luxemburgo<\/a>;&nbsp;<a href=\"https:\/\/iuexterior.org\/de\/Zurich\/\">Z\u00farich<\/a>, en Suiza; en&nbsp;<a href=\"https:\/\/iuexterior.org\/de\/Lyon\/\">Lyon<\/a>&nbsp;y&nbsp;<a href=\"https:\/\/iuexterior.org\/de\/Toulouse\/\">Toulouse<\/a>, en Francia; y tanto en la&nbsp;<a href=\"https:\/\/iuexterior.org\/de\/BuenosAires\/\">Ciudad de Buenos Aires<\/a>&nbsp;como en la&nbsp;<a href=\"http:\/\/iuexterior.org\/de\/provinciabuenosaires\/\">Provincia de Buenos Aires<\/a>, Argentina. Adem\u00e1s, la federaci\u00f3n dispone de la asamblea&nbsp;<a href=\"https:\/\/iuexterior.org\/de\/Global\/\">IU Global<\/a>, por medio de la cual participa la militancia dispersa por el mundo sin acceso a una asamblea local propia.<\/p>\n\n\n\n<p class=\"wp-block-paragraph translation-block\">Puedes contactar con&nbsp;<strong>IU Exterior<\/strong>&nbsp;a trav\u00e9s del correo&nbsp;<a href=\"mailto:exterior@izquierdaunida.org\" rel=\"noreferrer noopener\" target=\"_self\"><strong>exterior@izquierdaunida.org<\/strong><\/a>&nbsp;o de nuestros perfiles en&nbsp;<a href=\"https:\/\/www.facebook.com\/IUExterior\/\" rel=\"noreferrer noopener\" target=\"_self\"><strong>Facebook<\/strong><\/a>,&nbsp;<a href=\"https:\/\/twitter.com\/IUExterior\/\" rel=\"noreferrer noopener\" target=\"_self\"><strong>Twitter<\/strong><\/a>&nbsp;e&nbsp;<a href=\"https:\/\/www.instagram.com\/IUExterior\/\" rel=\"noreferrer noopener\" target=\"_self\"><strong>Instagram<\/strong><\/a>.<\/p>\n<!-- WP Attachments -->\r\n        <div style=\"width:100%;margin:10px 0 10px 0;\">\r\n            <h3>Angeh\u00e4ngte Dateien<\/h3>\r\n        <ul class=\"post-attachments\"><li class=\"post-attachment mime-application-pdf\"><a target=\"_blank\" rel=\"noopener noreferrer\" href=\"https:\/\/iuexterior.org\/wp-content\/uploads\/2022\/06\/informe-IU-exterior-3.pdf\">informe-IU-exterior-3<\/a> <small>(597 kB)<\/small><\/li><\/ul><\/div>","protected":false},"excerpt":{"rendered":"<p>Desde la Federaci\u00f3n de Izquierda Unida en el Exterior (IU Exterior) y la asamblea de IU Global presentan un informe detallado sobre la educaci\u00f3n exterior y el papel de los &hellip;<\/p>","protected":false},"author":3,"featured_media":2600,"comment_status":"closed","ping_status":"closed","sticky":false,"template":"","format":"standard","meta":{"wds_primary_category":0,"footnotes":""},"categories":[110,25,8,4,35,115,122],"tags":[],"class_list":["post-2596","post","type-post","status-publish","format-standard","has-post-thumbnail","","category-acciones","category-asambleas","category-destacado","category-documentos","category-iu-global","category-trabajadoras-desplazadas","category-universidad-e-investigacion"],"_links":{"self":[{"href":"https:\/\/iuexterior.org\/de\/wp-json\/wp\/v2\/posts\/2596","targetHints":{"allow":["GET"]}}],"collection":[{"href":"https:\/\/iuexterior.org\/de\/wp-json\/wp\/v2\/posts"}],"about":[{"href":"https:\/\/iuexterior.org\/de\/wp-json\/wp\/v2\/types\/post"}],"author":[{"embeddable":true,"href":"https:\/\/iuexterior.org\/de\/wp-json\/wp\/v2\/users\/3"}],"replies":[{"embeddable":true,"href":"https:\/\/iuexterior.org\/de\/wp-json\/wp\/v2\/comments?post=2596"}],"version-history":[{"count":4,"href":"https:\/\/iuexterior.org\/de\/wp-json\/wp\/v2\/posts\/2596\/revisions"}],"predecessor-version":[{"id":2608,"href":"https:\/\/iuexterior.org\/de\/wp-json\/wp\/v2\/posts\/2596\/revisions\/2608"}],"wp:featuredmedia":[{"embeddable":true,"href":"https:\/\/iuexterior.org\/de\/wp-json\/wp\/v2\/media\/2600"}],"wp:attachment":[{"href":"https:\/\/iuexterior.org\/de\/wp-json\/wp\/v2\/media?parent=2596"}],"wp:term":[{"taxonomy":"category","embeddable":true,"href":"https:\/\/iuexterior.org\/de\/wp-json\/wp\/v2\/categories?post=2596"},{"taxonomy":"post_tag","embeddable":true,"href":"https:\/\/iuexterior.org\/de\/wp-json\/wp\/v2\/tags?post=2596"}],"curies":[{"name":"wp","href":"https:\/\/api.w.org\/{rel}","templated":true}]}}