{"id":2751,"date":"2023-07-11T18:16:33","date_gmt":"2023-07-11T16:16:33","guid":{"rendered":"https:\/\/iuexterior.org\/?p=2751"},"modified":"2025-11-04T11:17:19","modified_gmt":"2025-11-04T10:17:19","slug":"el-historico-centro-garcia-lorca-acogera-el-acto-central-de-campana-de-sumar-en-belgica","status":"publish","type":"post","link":"https:\/\/iuexterior.org\/ca\/2023\/07\/11\/el-historico-centro-garcia-lorca-acogera-el-acto-central-de-campana-de-sumar-en-belgica\/","title":{"rendered":"El hist\u00f3rico Centro Garc\u00eda Lorca acoger\u00e1 el acto central de campa\u00f1a de Sumar en B\u00e9lgica"},"content":{"rendered":"<p class=\"wp-block-paragraph\"><em>La comunidad espa\u00f1ola en Bruselas organizar\u00e1 un acto de campa\u00f1a con la presencia de Carlos Corrochano, portavoz de Sumar, Panayota Maniou y Benedetta de Marte, Secretarias Generales de The Left y European Greens.<\/em><\/p>\n\n\n\n<p class=\"wp-block-paragraph\">\u00a1La campa\u00f1a para las generales continua! Desde las primeras asambleas abiertas en Berl\u00edn y Bruselas ha habido un verdadero contagio por todo el Exterior. Centenares de personas han creado grupos de apoyo a Sumar, organizando encuentros, actos y acciones de todo tipo de la candidatura en<strong>&nbsp;Par\u00eds, Berl\u00edn, Buenos Aires, Bogot\u00e1 y \u00c1msterdam<\/strong>.<\/p>\n\n\n\n<figure class=\"wp-block-embed is-type-video is-provider-youtube wp-block-embed-youtube wp-embed-aspect-16-9 wp-has-aspect-ratio\"><div class=\"wp-block-embed__wrapper\">\n<iframe loading=\"lazy\" title=\"La Diaspora Suma: Acto central de campa\u00f1a Exterior generales 2023\" width=\"618\" height=\"348\" src=\"https:\/\/www.youtube.com\/embed\/U9Y4U_SwwI8?start=5290&#038;feature=oembed\" frameborder=\"0\" allow=\"accelerometer; autoplay; clipboard-write; encrypted-media; gyroscope; picture-in-picture; web-share\" referrerpolicy=\"strict-origin-when-cross-origin\" allowfullscreen><\/iframe>\n<\/div><\/figure>\n\n\n\n<p class=\"wp-block-paragraph\">En este contexto, el comit\u00e9 de campa\u00f1a de Bruselas organizar\u00e1 el&nbsp;<strong>acto central de campa\u00f1a en B\u00e9lgica <\/strong>nada mas y nada menos que en el hist\u00f3rico&nbsp;<strong>Centro Garc\u00eda Lorca<\/strong>. Antigua sede del Partido Comunista de Espa\u00f1a y punto de encuentro de la emigraci\u00f3n espa\u00f1ola desde sus inicios en B\u00e9lgica. El acto comenzar\u00e1 a las&nbsp;<strong>19 horas<\/strong>&nbsp;de este&nbsp;<strong>jueves 13 de julio<\/strong>, con aforo libre hasta completarse. Contar\u00e1 con la presencia de&nbsp;<strong>Carlos Corrochano<\/strong>,&nbsp;<strong>Coportavoz de Sumar<\/strong>&nbsp;y&nbsp;<strong>responsable de pol\u00edtica internacional<\/strong>, as\u00ed como de las secretarias generales de The Left y el Partido Verde Europeo, Panayota Maniou y Benedetta de Marte.<\/p>\n\n\n\n<p class=\"wp-block-paragraph\">El acto versar\u00e1 sobre el&nbsp;<strong>programa&nbsp;<\/strong>de Sumar, y las propuestas de la candidatura para resolver los problemas como espa\u00f1olas en el Exterior. Habr\u00e1 tambi\u00e9n&nbsp;<strong>barra, fiesta,&nbsp;picoteo y m\u00fasica<\/strong>&nbsp;despu\u00e9s del acto, como es habitual en el Garc\u00eda Lorca. Toda la comunidad espa\u00f1ola est\u00e1 invitada a acudir el jueves 13 a la&nbsp;<strong>Rue des Foulons\/Volderstraat&nbsp;47<\/strong>, a \u00abseguir sumando y que la remontada se sienta en todas partes\u00bb, en palabras de la comisi\u00f3n organizadora.<\/p>\n\n\n\n<p class=\"wp-block-paragraph\">Para cualquier pregunta, se puede contactar a la mismas en&nbsp;<strong><a href=\"https:\/\/pce.us21.list-manage.com\/track\/click?u=848d44ca13f92c2571f0f7f60&amp;id=d2714788d1&amp;e=676214b559\" target=\"_blank\" rel=\"noreferrer noopener\">belgica@pce.es<\/a><\/strong>&nbsp;y en&nbsp;<strong><a href=\"mailto:bruselas@iuexterior.org\" target=\"_blank\" rel=\"noreferrer noopener\">bruselas@iuexterior.org<\/a><\/strong>&nbsp;as\u00ed como sus perfiles en Twitter, Facebook&nbsp;e Instagram:&nbsp;<strong>@PCEBelgica,@IUBruselas y @SumarBelgica<\/strong><\/p>\n\n\n\n<p class=\"wp-block-paragraph\"><\/p>\n\n\n\n<h2 class=\"wp-block-heading\" id=\"block-a9ca021f-50d1-4b61-b475-a745c06bb456\">Sobre IU Exterior<\/h2>\n\n\n\n<p class=\"wp-block-paragraph\" id=\"block-9e1dfc72-a0ae-42f2-ab83-cb8fe83e1265\">La&nbsp;<strong>Federaci\u00f3n del Exterior de Izquierda Unida<\/strong>&nbsp;<a href=\"http:\/\/iuexterior.org\/ca\/2017\/04\/30\/la-federacion-del-exterior-de-iu-nace-para-movilizar-politicamente-a-la-emigracion-espanola\/\">naci\u00f3 en abril de 2017<\/a>&nbsp;para movilizar pol\u00edticamente a la emigraci\u00f3n espa\u00f1ola y darle voz a sus reivindicaciones. Actualmente contamos con asambleas estables en&nbsp;<a href=\"https:\/\/iuexterior.org\/ca\/Bruselas\/\">Bruselas<\/a>, B\u00e9lgica;&nbsp;<a href=\"https:\/\/iuexterior.org\/ca\/Berlin\/\">Berl\u00edn<\/a>&nbsp;y&nbsp;<a href=\"https:\/\/iuexterior.org\/ca\/Frankfurt\/\">Frankfurt<\/a>, en Alemania;&nbsp;<a href=\"https:\/\/iuexterior.org\/ca\/Luexmburgo\/\">Luxemburgo<\/a>;&nbsp;<a href=\"https:\/\/iuexterior.org\/ca\/Zurich\/\">Z\u00farich<\/a>, en Suiza; en&nbsp;<a href=\"https:\/\/iuexterior.org\/ca\/Lyon\/\">Lyon<\/a>&nbsp;y&nbsp;<a href=\"https:\/\/iuexterior.org\/ca\/Toulouse\/\">Toulouse<\/a>, en Francia; y tanto en la&nbsp;<a href=\"https:\/\/iuexterior.org\/ca\/BuenosAires\/\">Ciudad de Buenos Aires<\/a>&nbsp;como en la&nbsp;<a href=\"http:\/\/iuexterior.org\/ca\/provinciabuenosaires\/\">Provincia de Buenos Aires<\/a>, Argentina. Adem\u00e1s, la federaci\u00f3n dispone de la asamblea&nbsp;<a href=\"https:\/\/iuexterior.org\/ca\/Global\/\">IU Global<\/a>, por medio de la cual participa la militancia dispersa por el mundo sin acceso a una asamblea local propia.<\/p>\n\n\n\n<p class=\"wp-block-paragraph translation-block\" id=\"block-08d3c176-e1e9-4a7a-91bf-6dbfe90d3e6d\">Pots contactar amb <strong>IU Exterior<\/strong> a trav\u00e9s del correu <a href=\"mailto:exterior@izquierdaunida.org\" rel=\"noreferrer noopener\" target=\"_self\"><strong>exterior@izquierdaunida.org<\/strong><\/a> o dels nostres perfils en <a href=\"https:\/\/www.facebook.com\/IUExterior\/\" rel=\"noreferrer noopener\" target=\"_self\"><strong>Facebook<\/strong><\/a>,\u00a0<a href=\"https:\/\/twitter.com\/IUExterior\/\" rel=\"noreferrer noopener\" target=\"_self\"><strong>Twitter<\/strong><\/a>\u00a0i\u00a0<a href=\"https:\/\/www.instagram.com\/IUExterior\/\" rel=\"noreferrer noopener\" target=\"_self\"><strong>Instagram<\/strong><\/a>.<\/p>","protected":false},"excerpt":{"rendered":"<p>La comunidad espa\u00f1ola en Bruselas organizar\u00e1 un acto de campa\u00f1a con la presencia de Carlos Corrochano, portavoz de Sumar, Panayota Maniou y Benedetta de Marte, Secretarias Generales de The Left &hellip;<\/p>","protected":false},"author":1,"featured_media":3553,"comment_status":"closed","ping_status":"closed","sticky":false,"template":"","format":"standard","meta":{"wds_primary_category":0,"footnotes":""},"categories":[1,25,8,28,111],"tags":[],"class_list":["post-2751","post","type-post","status-publish","format-standard","has-post-thumbnail","","category-actualidad","category-asambleas","category-destacado","category-iu-bruselas","category-voto-rogado"],"_links":{"self":[{"href":"https:\/\/iuexterior.org\/ca\/wp-json\/wp\/v2\/posts\/2751","targetHints":{"allow":["GET"]}}],"collection":[{"href":"https:\/\/iuexterior.org\/ca\/wp-json\/wp\/v2\/posts"}],"about":[{"href":"https:\/\/iuexterior.org\/ca\/wp-json\/wp\/v2\/types\/post"}],"author":[{"embeddable":true,"href":"https:\/\/iuexterior.org\/ca\/wp-json\/wp\/v2\/users\/1"}],"replies":[{"embeddable":true,"href":"https:\/\/iuexterior.org\/ca\/wp-json\/wp\/v2\/comments?post=2751"}],"version-history":[{"count":4,"href":"https:\/\/iuexterior.org\/ca\/wp-json\/wp\/v2\/posts\/2751\/revisions"}],"predecessor-version":[{"id":3556,"href":"https:\/\/iuexterior.org\/ca\/wp-json\/wp\/v2\/posts\/2751\/revisions\/3556"}],"wp:featuredmedia":[{"embeddable":true,"href":"https:\/\/iuexterior.org\/ca\/wp-json\/wp\/v2\/media\/3553"}],"wp:attachment":[{"href":"https:\/\/iuexterior.org\/ca\/wp-json\/wp\/v2\/media?parent=2751"}],"wp:term":[{"taxonomy":"category","embeddable":true,"href":"https:\/\/iuexterior.org\/ca\/wp-json\/wp\/v2\/categories?post=2751"},{"taxonomy":"post_tag","embeddable":true,"href":"https:\/\/iuexterior.org\/ca\/wp-json\/wp\/v2\/tags?post=2751"}],"curies":[{"name":"wp","href":"https:\/\/api.w.org\/{rel}","templated":true}]}}