{"id":2727,"date":"2023-06-10T21:22:27","date_gmt":"2023-06-10T19:22:27","guid":{"rendered":"https:\/\/iuexterior.org\/?p=2727"},"modified":"2025-11-04T11:18:52","modified_gmt":"2025-11-04T10:18:52","slug":"asamblea-abierta-para-construir-sumar-en-bruselas-el-proximo-15-de-junio","status":"publish","type":"post","link":"https:\/\/iuexterior.org\/ca\/2023\/06\/10\/asamblea-abierta-para-construir-sumar-en-bruselas-el-proximo-15-de-junio\/","title":{"rendered":"Asamblea abierta para construir SUMAR en Bruselas el pr\u00f3ximo 15 de junio"},"content":{"rendered":"<p class=\"wp-block-paragraph\">El acuerdo de unidad alcanzado por m\u00e1s de 15 fuerzas pol\u00edticas para concurrir juntas a las pr\u00f3ximas elecciones generales es una gran noticia para nuestro pa\u00eds. La divisi\u00f3n era un motivo de desmovilizaci\u00f3n para la izquierda que necesitaba desde hace tiempo volver a compartir espacios y luchar en com\u00fan por lo verdaderamente importante: parar a la reacci\u00f3n y avanzar en derechos.<\/p>\n\n\n\n<p class=\"wp-block-paragraph\">Firmados los acuerdos, ahora nos toca a las bases llevarlos a la pr\u00e1ctica. Desde Izquierda Unida Bruselas y el n\u00facleo del PCE en B\u00e9lgica hemos estado trabajando con Podemos B\u00e9lgica y otras fuerzas para lanzar una primera asamblea abierta a la ciudadan\u00eda para dar los primeros pasos de Sumar en B\u00e9lgica.<\/p>\n\n\n\n<p class=\"wp-block-paragraph\">La asamblea se celebrar\u00e1 el <strong>jueves 15 de junio a las 18:30h <\/strong>en el <strong>parque Square Fr\u00e8re-Orban Park<\/strong>, frente a la embajada de Espa\u00f1a, lugar de especial simbolismo, pues es donde el 15M Bruselas sol\u00eda hacer sus asambleas.<\/p>\n\n\n\n<p class=\"wp-block-paragraph\">Toda la comunidad espa\u00f1ola en Bruselas est\u00e1 invitada a participar, independientemente de si militan o no en partidos, de a quien han votado en el pasado o con qui\u00e9n simpatizan m\u00e1s. La asamblea ser\u00e1 una oportunidad para que expresen sus preocupaciones y puedan participar de forma democr\u00e1tica de un proceso pol\u00edtico vital para nuestro pa\u00eds.<\/p>\n\n\n\n<p class=\"wp-block-paragraph\">Nos jugamos mucho este 23 de julio y cada voto cuenta. Tras la derogaci\u00f3n del voto rogado, los espa\u00f1oles emigrados recuperamos nuestro derecho a decidir sobre nuestro futuro. Queremos construir SUMAR, hacer a Yolanda D\u00edaz presidenta y salimos a ganar. \u00bfTe vienes?<\/p>\n\n\n\n<div class=\"wp-block-image\"><figure class=\"aligncenter size-large\"><img loading=\"lazy\" decoding=\"async\" width=\"819\" height=\"1024\" src=\"https:\/\/iuexterior.org\/wp-content\/uploads\/2023\/06\/cartel_bruselas_sumar-819x1024.jpg\" alt=\"\" class=\"wp-image-2729\"\/><\/figure><\/div>\n\n\n\n<p class=\"wp-block-paragraph\"><strong>\u00a1Nos vemos el pr\u00f3ximo jueves 15 de junio a las 18.30h en Bruselas!<\/strong><\/p>\n\n\n\n<h2 class=\"wp-block-heading\" id=\"block-a9ca021f-50d1-4b61-b475-a745c06bb456\">Sobre IU Exterior<\/h2>\n\n\n\n<p class=\"wp-block-paragraph\" id=\"block-9e1dfc72-a0ae-42f2-ab83-cb8fe83e1265\">La&nbsp;<strong>Federaci\u00f3n del Exterior de Izquierda Unida<\/strong>&nbsp;<a href=\"http:\/\/iuexterior.org\/ca\/2017\/04\/30\/la-federacion-del-exterior-de-iu-nace-para-movilizar-politicamente-a-la-emigracion-espanola\/\">naci\u00f3 en abril de 2017<\/a>&nbsp;para movilizar pol\u00edticamente a la emigraci\u00f3n espa\u00f1ola y darle voz a sus reivindicaciones. Actualmente contamos con asambleas estables en&nbsp;<a href=\"https:\/\/iuexterior.org\/ca\/Bruselas\/\">Bruselas<\/a>, B\u00e9lgica;&nbsp;<a href=\"https:\/\/iuexterior.org\/ca\/Berlin\/\">Berl\u00edn<\/a>&nbsp;y&nbsp;<a href=\"https:\/\/iuexterior.org\/ca\/Frankfurt\/\">Frankfurt<\/a>, en Alemania;&nbsp;<a href=\"https:\/\/iuexterior.org\/ca\/Luexmburgo\/\">Luxemburgo<\/a>;&nbsp;<a href=\"https:\/\/iuexterior.org\/ca\/Zurich\/\">Z\u00farich<\/a>, en Suiza; en&nbsp;<a href=\"https:\/\/iuexterior.org\/ca\/Lyon\/\">Lyon<\/a>&nbsp;y&nbsp;<a href=\"https:\/\/iuexterior.org\/ca\/Toulouse\/\">Toulouse<\/a>, en Francia; y tanto en la&nbsp;<a href=\"https:\/\/iuexterior.org\/ca\/BuenosAires\/\">Ciudad de Buenos Aires<\/a>&nbsp;como en la&nbsp;<a href=\"http:\/\/iuexterior.org\/ca\/provinciabuenosaires\/\">Provincia de Buenos Aires<\/a>, Argentina. Adem\u00e1s, la federaci\u00f3n dispone de la asamblea&nbsp;<a href=\"https:\/\/iuexterior.org\/ca\/Global\/\">IU Global<\/a>, por medio de la cual participa la militancia dispersa por el mundo sin acceso a una asamblea local propia.<\/p>\n\n\n\n<p class=\"wp-block-paragraph translation-block\" id=\"block-08d3c176-e1e9-4a7a-91bf-6dbfe90d3e6d\">Pots contactar amb <strong>IU Exterior<\/strong> a trav\u00e9s del correu <a href=\"mailto:exterior@izquierdaunida.org\" rel=\"noreferrer noopener\" target=\"_self\"><strong>exterior@izquierdaunida.org<\/strong><\/a> o dels nostres perfils en <a href=\"https:\/\/www.facebook.com\/IUExterior\/\" rel=\"noreferrer noopener\" target=\"_self\"><strong>Facebook<\/strong><\/a>,\u00a0<a href=\"https:\/\/twitter.com\/IUExterior\/\" rel=\"noreferrer noopener\" target=\"_self\"><strong>Twitter<\/strong><\/a>\u00a0i\u00a0<a href=\"https:\/\/www.instagram.com\/IUExterior\/\" rel=\"noreferrer noopener\" target=\"_self\"><strong>Instagram<\/strong><\/a>.<\/p>","protected":false},"excerpt":{"rendered":"<p>El acuerdo de unidad alcanzado por m\u00e1s de 15 fuerzas pol\u00edticas para concurrir juntas a las pr\u00f3ximas elecciones generales es una gran noticia para nuestro pa\u00eds. La divisi\u00f3n era un &hellip;<\/p>","protected":false},"author":6,"featured_media":3557,"comment_status":"closed","ping_status":"closed","sticky":false,"template":"","format":"standard","meta":{"wds_primary_category":0,"footnotes":""},"categories":[1,25,8,28],"tags":[],"class_list":["post-2727","post","type-post","status-publish","format-standard","has-post-thumbnail","","category-actualidad","category-asambleas","category-destacado","category-iu-bruselas"],"_links":{"self":[{"href":"https:\/\/iuexterior.org\/ca\/wp-json\/wp\/v2\/posts\/2727","targetHints":{"allow":["GET"]}}],"collection":[{"href":"https:\/\/iuexterior.org\/ca\/wp-json\/wp\/v2\/posts"}],"about":[{"href":"https:\/\/iuexterior.org\/ca\/wp-json\/wp\/v2\/types\/post"}],"author":[{"embeddable":true,"href":"https:\/\/iuexterior.org\/ca\/wp-json\/wp\/v2\/users\/6"}],"replies":[{"embeddable":true,"href":"https:\/\/iuexterior.org\/ca\/wp-json\/wp\/v2\/comments?post=2727"}],"version-history":[{"count":3,"href":"https:\/\/iuexterior.org\/ca\/wp-json\/wp\/v2\/posts\/2727\/revisions"}],"predecessor-version":[{"id":2734,"href":"https:\/\/iuexterior.org\/ca\/wp-json\/wp\/v2\/posts\/2727\/revisions\/2734"}],"wp:featuredmedia":[{"embeddable":true,"href":"https:\/\/iuexterior.org\/ca\/wp-json\/wp\/v2\/media\/3557"}],"wp:attachment":[{"href":"https:\/\/iuexterior.org\/ca\/wp-json\/wp\/v2\/media?parent=2727"}],"wp:term":[{"taxonomy":"category","embeddable":true,"href":"https:\/\/iuexterior.org\/ca\/wp-json\/wp\/v2\/categories?post=2727"},{"taxonomy":"post_tag","embeddable":true,"href":"https:\/\/iuexterior.org\/ca\/wp-json\/wp\/v2\/tags?post=2727"}],"curies":[{"name":"wp","href":"https:\/\/api.w.org\/{rel}","templated":true}]}}