{"id":2589,"date":"2022-05-26T08:29:26","date_gmt":"2022-05-26T06:29:26","guid":{"rendered":"http:\/\/iuexterior.org\/?p=2589"},"modified":"2022-05-26T08:29:28","modified_gmt":"2022-05-26T06:29:28","slug":"iu-exterior-considera-la-aprobacion-de-la-derogacion-del-voto-rogado-una-victoria-de-la-emigracion-organizada","status":"publish","type":"post","link":"https:\/\/iuexterior.org\/ca\/2022\/05\/26\/iu-exterior-considera-la-aprobacion-de-la-derogacion-del-voto-rogado-una-victoria-de-la-emigracion-organizada\/","title":{"rendered":"IU Exterior considera la aprobaci\u00f3n de la derogaci\u00f3n del voto rogado \u00abuna victoria de la emigraci\u00f3n organizada\u00bb"},"content":{"rendered":"<p class=\"wp-block-paragraph\">\u201cDesde la federaci\u00f3n de Izquierda Unida en el Exterior (IU Exterior) llevamos much\u00edsimos a\u00f1os trabajando por conseguir la derogaci\u00f3n del voto rogado y por fin podemos celebrar esta noticia que se ha hecho de rogar m\u00e1s de 10 a\u00f1os. El derecho al sufragio\u00a0 de las residentes en el exterior est\u00e1 a un paso de alcanzarse y es una victoria de la emigraci\u00f3n organizada.\u201d<\/p>\n\n\n\n<p class=\"wp-block-paragraph\">La federaci\u00f3 <strong>Izquierda Unida a l'Exterior (IU Exterior)<\/strong> celebra que por fin se haya aprobado la propuesta de reforma en la Comisi\u00f3n Constitucional del Congreso de los Diputados, que llevaba atascada m\u00e1s de un a\u00f1o, y que conlleva la derogaci\u00f3n del voto rogado para los espa\u00f1oles residentes en el extranjero, con el fin de agilizar los tr\u00e1mites y permitir su participaci\u00f3n democr\u00e1tica sin tener que superar numerosas trabas burocr\u00e1ticas.&nbsp;<\/p>\n\n\n\n<p class=\"wp-block-paragraph\">Para la coordinadora de <strong>IU Exterior<\/strong>, <strong>Nerea Fern\u00e1ndez<\/strong>, la aprobaci\u00f3n de la tramitaci\u00f3n que pondr\u00e1 fin al voto rogado supone <em>\u00abuna victoria para la emigraci\u00f3n organizada en colectivos migrantes colectivos como Marea Granate, FIEC, Emigrantes de Arag\u00f3n y nuestras compa\u00f1eras en el exterior como PCE y Podemos Exterior. Todas llevamos a\u00f1os luchando por un cambio legislativo y denunciando la injusticia que sufrimos quienes nos vimos obligadas a emigrar precisamente para buscarnos un futuro que no nos permit\u00edan quienes nos limitaron el acceso al voto\u00bb<\/em>.<\/p>\n\n\n\n<figure class=\"wp-block-embed is-type-rich is-provider-twitter wp-block-embed-twitter\"><div class=\"wp-block-embed__wrapper\">\nhttps:\/\/twitter.com\/IUExterior\/status\/1529467329674940417?s=20&#038;t=UHdCgHuS8ingcUL7yMIiCQ\n<\/div><\/figure>\n\n\n\n<p class=\"wp-block-paragraph\">La proposici\u00f3n de ley, prevista en el acuerdo de Gobierno, recoge una de las reivindicaciones m\u00e1s reclamadas por la di\u00e1spora espa\u00f1ola, desde que PP, PSOE, CiU y PNV implantaron en 2011 este sistema, que redujo la participaci\u00f3n exterior a m\u00ednimos de hasta el 5%. En ese momento, Izquierda Unida ya mostr\u00f3 su rechazo frontal a la medida a trav\u00e9s de su militancia en el Exterior.<\/p>\n\n\n\n<p class=\"wp-block-paragraph\">La nueva propuesta eliminar\u00e1 por completo el ruego del voto, <strong>evitando a la emigraci\u00f3n tener que solicitar previamente el voto<\/strong>. Ahora ser\u00e1 la Oficina del Censo Electoral la que remitir\u00e1 de oficio a todas las personas inscritas en el Censo de Electores Residentes Ausentes los certificados, los sobres y la documentaci\u00f3n necesaria para votar; <strong>se permite la descarga de los juegos de papeletas de forma telem\u00e1tica;<\/strong> <strong>se adelantan los plazos de env\u00edo de la documentaci\u00f3n electoral<\/strong>; <strong>se ampl\u00eda el plazo para el escrutinio general<\/strong>; <strong>se realizar\u00e1 una actualizaci\u00f3n peri\u00f3dica del censo electoral CERA; la inclusi\u00f3n de la valija diplom\u00e1tica<\/strong>: para asegurar que los votos lleguen a tiempo desde el extranjero. Asimismo se implementar\u00e1n varias medidas para <strong>reducir la brecha digital: <\/strong>adem\u00e1s de la posibilidad de descarga de los juegos de papeletas, estas seguir\u00e1n siendo enviadas por las delegaciones provinciales de la Oficina del Censo Electoral, de oficio, a los residentes en el extranjero.<\/p>\n\n\n\n<p class=\"wp-block-paragraph\"><strong>Fern\u00e1ndez <\/strong>incide en que <em>\u00abla reforma es una buena noticia, aunque llega tarde, despu\u00e9s de 10 a\u00f1os en los que la emigraci\u00f3n se ha sentido ninguneada\u00bb.<\/em>\u00a0 Adem\u00e1s, recuerda que<strong> <\/strong>la derogaci\u00f3n del voto rogado debe venir acompa\u00f1ada por otras medidas como \u00ab<em>incrementar los medios t\u00e9cnicos y humanos en los consulados, especialmente en aquellos en los que m\u00e1s ha crecido el n\u00famero de residentes, y mejorar las condiciones laborales del personal laboral de servicio exterior que vienen denunciando con huelgas y protestas su situaci\u00f3n en los \u00faltimos meses\u00bb.<\/em><\/p>\n\n\n\n<h2 class=\"wp-block-heading\">Sobre IU Exterior<\/h2>\n\n\n\n<p class=\"wp-block-paragraph\">La&nbsp;<strong>Federaci\u00f3n del Exterior de Izquierda Unida<\/strong>&nbsp;<a href=\"http:\/\/iuexterior.org\/ca\/2017\/04\/30\/la-federacion-del-exterior-de-iu-nace-para-movilizar-politicamente-a-la-emigracion-espanola\/\">naci\u00f3 en abril de 2017<\/a>&nbsp;para movilizar pol\u00edticamente a la emigraci\u00f3n espa\u00f1ola y darle voz a sus reivindicaciones. Actualmente contamos con asambleas estables en&nbsp;<a href=\"https:\/\/iuexterior.org\/ca\/Bruselas\/\">Bruselas<\/a>, B\u00e9lgica;&nbsp;<a href=\"https:\/\/iuexterior.org\/ca\/Berlin\/\">Berl\u00edn<\/a>&nbsp;y&nbsp;<a href=\"https:\/\/iuexterior.org\/ca\/Frankfurt\/\">Frankfurt<\/a>, en Alemania;&nbsp;<a href=\"https:\/\/iuexterior.org\/ca\/Luexmburgo\/\">Luxemburgo<\/a>;&nbsp;<a href=\"https:\/\/iuexterior.org\/ca\/Zurich\/\">Z\u00farich<\/a>, en Suiza; en&nbsp;<a href=\"https:\/\/iuexterior.org\/ca\/Lyon\/\">Lyon<\/a>&nbsp;y&nbsp;<a href=\"https:\/\/iuexterior.org\/ca\/Toulouse\/\">Toulouse<\/a>, en Francia; y tanto en la&nbsp;<a href=\"https:\/\/iuexterior.org\/ca\/BuenosAires\/\">Ciudad de Buenos Aires<\/a>&nbsp;como en la&nbsp;<a href=\"http:\/\/iuexterior.org\/ca\/provinciabuenosaires\/\">Provincia de Buenos Aires<\/a>, Argentina. Adem\u00e1s, la federaci\u00f3n dispone de la asamblea&nbsp;<a href=\"https:\/\/iuexterior.org\/ca\/Global\/\">IU Global<\/a>, por medio de la cual participa la militancia dispersa por el mundo sin acceso a una asamblea local propia.<\/p>\n\n\n\n<p class=\"wp-block-paragraph translation-block\">Pots contactar amb <strong>IU Exterior<\/strong> a trav\u00e9s del correu <a href=\"mailto:exterior@izquierdaunida.org\" rel=\"noreferrer noopener\" target=\"_self\"><strong>exterior@izquierdaunida.org<\/strong><\/a> o dels nostres perfils en <a href=\"https:\/\/www.facebook.com\/IUExterior\/\" rel=\"noreferrer noopener\" target=\"_self\"><strong>Facebook<\/strong><\/a>,\u00a0<a href=\"https:\/\/twitter.com\/IUExterior\/\" rel=\"noreferrer noopener\" target=\"_self\"><strong>Twitter<\/strong><\/a>\u00a0i\u00a0<a href=\"https:\/\/www.instagram.com\/IUExterior\/\" rel=\"noreferrer noopener\" target=\"_self\"><strong>Instagram<\/strong><\/a>.<\/p>","protected":false},"excerpt":{"rendered":"<p>\u201cDesde la federaci\u00f3n de Izquierda Unida en el Exterior (IU Exterior) llevamos much\u00edsimos a\u00f1os trabajando por conseguir la derogaci\u00f3n del voto rogado y por fin podemos celebrar esta noticia que &hellip;<\/p>","protected":false},"author":3,"featured_media":760,"comment_status":"closed","ping_status":"closed","sticky":false,"template":"","format":"standard","meta":{"wds_primary_category":0,"footnotes":""},"categories":[110,1,8,111],"tags":[],"class_list":["post-2589","post","type-post","status-publish","format-standard","has-post-thumbnail","","category-acciones","category-actualidad","category-destacado","category-voto-rogado"],"_links":{"self":[{"href":"https:\/\/iuexterior.org\/ca\/wp-json\/wp\/v2\/posts\/2589","targetHints":{"allow":["GET"]}}],"collection":[{"href":"https:\/\/iuexterior.org\/ca\/wp-json\/wp\/v2\/posts"}],"about":[{"href":"https:\/\/iuexterior.org\/ca\/wp-json\/wp\/v2\/types\/post"}],"author":[{"embeddable":true,"href":"https:\/\/iuexterior.org\/ca\/wp-json\/wp\/v2\/users\/3"}],"replies":[{"embeddable":true,"href":"https:\/\/iuexterior.org\/ca\/wp-json\/wp\/v2\/comments?post=2589"}],"version-history":[{"count":1,"href":"https:\/\/iuexterior.org\/ca\/wp-json\/wp\/v2\/posts\/2589\/revisions"}],"predecessor-version":[{"id":2590,"href":"https:\/\/iuexterior.org\/ca\/wp-json\/wp\/v2\/posts\/2589\/revisions\/2590"}],"wp:featuredmedia":[{"embeddable":true,"href":"https:\/\/iuexterior.org\/ca\/wp-json\/wp\/v2\/media\/760"}],"wp:attachment":[{"href":"https:\/\/iuexterior.org\/ca\/wp-json\/wp\/v2\/media?parent=2589"}],"wp:term":[{"taxonomy":"category","embeddable":true,"href":"https:\/\/iuexterior.org\/ca\/wp-json\/wp\/v2\/categories?post=2589"},{"taxonomy":"post_tag","embeddable":true,"href":"https:\/\/iuexterior.org\/ca\/wp-json\/wp\/v2\/tags?post=2589"}],"curies":[{"name":"wp","href":"https:\/\/api.w.org\/{rel}","templated":true}]}}