{"id":340,"date":"2018-03-27T14:18:44","date_gmt":"2018-03-27T12:18:44","guid":{"rendered":"http:\/\/iuexterior.org\/?p=340"},"modified":"2020-04-29T21:07:33","modified_gmt":"2020-04-29T19:07:33","slug":"iu-buenos-aires-reclama-memoria-verdad-y-justicia-para-los-desaparecidos-de-las-dictaduras-argentina-y-espanola","status":"publish","type":"post","link":"http:\/\/iuexterior.org\/gl\/2018\/03\/27\/iu-buenos-aires-reclama-memoria-verdad-y-justicia-para-los-desaparecidos-de-las-dictaduras-argentina-y-espanola\/","title":{"rendered":"IU Buenos Aires reclama Memoria, Verdad y Justicia para los desaparecidos de las dictaduras argentina y espa\u00f1ola"},"content":{"rendered":"<p>La asamblea de <strong>IU Buenos Aires\u00a0<\/strong>y otros colectivos memorialistas de Argentina como <strong>La<\/strong> <strong>Lorca<\/strong>, integrados por descendientes del exilio republicano espa\u00f1ol en Argentina, se manifestaron el pasado 24 de marzo por las calles de la capital bonaerense para reclamar Memoria, Verdad y Justicia por las y los desaparecidos durante las dictaduras argentina y espa\u00f1ola.<\/p>\n<p>Hace 42 a\u00f1os comenz\u00f3 en Argentina una de las dictaduras mas crueles de la historia, que se extendi\u00f3 desde el a\u00f1o 1976 hasta 1983. Unos 30.000 opositores pol\u00edticos al r\u00e9gimen militar, en su gran mayor\u00eda de izquierdas, fueron secuestrados, torturados y asesinados en centros clandestinos de detenci\u00f3n y tortura.<\/p>\n<div style=\"width: 618px;\" class=\"wp-video\"><video class=\"wp-video-shortcode\" id=\"video-340-1\" width=\"618\" height=\"348\" preload=\"metadata\" controls=\"controls\"><source type=\"video\/mp4\" src=\"http:\/\/iuexterior.org\/wp-content\/uploads\/2018\/03\/video_2018-03-27_13-51-37.mp4?_=1\" \/><a href=\"http:\/\/iuexterior.org\/wp-content\/uploads\/2018\/03\/video_2018-03-27_13-51-37.mp4\">http:\/\/iuexterior.org\/wp-content\/uploads\/2018\/03\/video_2018-03-27_13-51-37.mp4<\/a><\/video><\/div>\n<p>Cada a\u00f1o, el d\u00eda <strong>24 de marzo<\/strong> la militancia de <strong>IU Buenos Aires<\/strong>, englobada dentro de la <strong>federaci\u00f3n del Exterior de Izquierda Unida<\/strong>, marcha desde la Avenida de Mayo hasta la c\u00e9ntrica Plaza de Mayo, tradicional lugar de encuentro de las madres y las abuelas de los compa\u00f1eros desaparecidos durante la dictadura militar que asol\u00f3 el pa\u00eds. En la Plaza de Mayo, como cada a\u00f1o, se realiz\u00f3 el acto en memoria por los desaparecidos junto a las madres y abuelas.<\/p>\n<p><em><strong>Acerca de IU Exterior<\/strong><\/em><\/p>\n<p>La <strong>Federaci\u00f3n del Exterior de Izquierda Unida<\/strong> naci\u00f3 en abril de 2017 para movilizar pol\u00edticamente a la emigraci\u00f3n espa\u00f1ola y darle voz a sus reivindicaciones. Actualmente contamos con asambleas estables en <strong>Bruselas<\/strong>, B\u00e9lgica; <strong>Berl\u00edn y Frankfurt<\/strong>, en Alemania; <strong>Luxemburgo<\/strong>; <strong>Z\u00farich<\/strong>, en Suiza; en <strong>Lyon, Toulouse y Montpellier<\/strong>, en Francia; y en <strong>Buenos Aires<\/strong>, Argentina.<\/p>\n<p>Para contactar con IU Exterior env\u00edanos un mail a: <strong>exterior@izquierdaunida.org<\/strong><\/p>\n<!-- WP Attachments -->\r\n        <div style=\"width:100%;margin:10px 0 10px 0;\">\r\n            <h3>Arquivos adxuntos:<\/h3>\r\n        <ul class=\"post-attachments\"><li class=\"post-attachment mime-video-mp4\"><a target=\"_blank\" rel=\"noopener noreferrer\" href=\"http:\/\/iuexterior.org\/wp-content\/uploads\/2018\/03\/video_2018-03-27_13-51-37.mp4\">video_2018-03-27_13-51-37<\/a> <small>(4 MB)<\/small><\/li><\/ul><\/div>","protected":false},"excerpt":{"rendered":"<p>La asamblea de IU Buenos Aires\u00a0y otros colectivos memorialistas de Argentina como La Lorca, integrados por descendientes del exilio republicano espa\u00f1ol en Argentina, se manifestaron el pasado 24 de marzo &hellip;<\/p>","protected":false},"author":1,"featured_media":345,"comment_status":"closed","ping_status":"closed","sticky":false,"template":"","format":"standard","meta":{"wds_primary_category":0,"footnotes":""},"categories":[110,1,25,8,4,29,118],"tags":[19,20],"class_list":["post-340","post","type-post","status-publish","format-standard","has-post-thumbnail","","category-acciones","category-actualidad","category-asambleas","category-destacado","category-documentos","category-iu-buenos-aires","category-memoria-democratica","tag-buenos-aires","tag-memoria"],"_links":{"self":[{"href":"http:\/\/iuexterior.org\/gl\/wp-json\/wp\/v2\/posts\/340","targetHints":{"allow":["GET"]}}],"collection":[{"href":"http:\/\/iuexterior.org\/gl\/wp-json\/wp\/v2\/posts"}],"about":[{"href":"http:\/\/iuexterior.org\/gl\/wp-json\/wp\/v2\/types\/post"}],"author":[{"embeddable":true,"href":"http:\/\/iuexterior.org\/gl\/wp-json\/wp\/v2\/users\/1"}],"replies":[{"embeddable":true,"href":"http:\/\/iuexterior.org\/gl\/wp-json\/wp\/v2\/comments?post=340"}],"version-history":[{"count":8,"href":"http:\/\/iuexterior.org\/gl\/wp-json\/wp\/v2\/posts\/340\/revisions"}],"predecessor-version":[{"id":354,"href":"http:\/\/iuexterior.org\/gl\/wp-json\/wp\/v2\/posts\/340\/revisions\/354"}],"wp:featuredmedia":[{"embeddable":true,"href":"http:\/\/iuexterior.org\/gl\/wp-json\/wp\/v2\/media\/345"}],"wp:attachment":[{"href":"http:\/\/iuexterior.org\/gl\/wp-json\/wp\/v2\/media?parent=340"}],"wp:term":[{"taxonomy":"category","embeddable":true,"href":"http:\/\/iuexterior.org\/gl\/wp-json\/wp\/v2\/categories?post=340"},{"taxonomy":"post_tag","embeddable":true,"href":"http:\/\/iuexterior.org\/gl\/wp-json\/wp\/v2\/tags?post=340"}],"curies":[{"name":"wp","href":"https:\/\/api.w.org\/{rel}","templated":true}]}}