{"id":2827,"date":"2025-05-05T12:21:20","date_gmt":"2025-05-05T10:21:20","guid":{"rendered":"https:\/\/iuexterior.org\/?p=2827"},"modified":"2025-11-04T11:22:27","modified_gmt":"2025-11-04T10:22:27","slug":"ii-escuela-de-primavera-de-iu-exterior-en-berlin","status":"publish","type":"post","link":"http:\/\/iuexterior.org\/gl\/2025\/05\/05\/ii-escuela-de-primavera-de-iu-exterior-en-berlin\/","title":{"rendered":"II Escuela de Primavera de IU Exterior en Berl\u00edn"},"content":{"rendered":"<p class=\"has-text-align-left wp-block-paragraph\"><\/p>\n\n\n\n<h4 class=\"wp-block-heading\"><strong>IU Exterior organiza su II Escuela de Primavera los d\u00edas 9, 10 y 11 de mayo en Berl\u00edn&nbsp;<\/strong><\/h4>\n\n\n\n<p class=\"wp-block-paragraph\">La Federaci\u00f3n de Izquierda Unida en el Exterior organiza su II Escuela de Primavera como espacio de encuentro entre la militancia y la emigraci\u00f3n organizada en el exterior, representantes de partidos pol\u00edticos, movimientos sociales y sindicatos, para reflexionar y debatir sobre los temas que afectan a la di\u00e1spora espa\u00f1ola.<\/p>\n\n\n\n<p class=\"wp-block-paragraph\">Bajo el lema <strong>\u201cPaz y derechos desde una perspectiva migrante\u201d, <\/strong>la federaci\u00f3n de Izquierda Unida en el Exterior (IU Exterior) organiza su II Escuela de Primavera, invitando a la emigraci\u00f3n organizada a reflexionar sobre diversos temas que afectan a la comunidad migrante, como la situaci\u00f3n del servicio exterior, los \u00f3rganos de participaci\u00f3n de la ciudadan\u00eda en el exterior, la situaci\u00f3n de la vivienda, la crisis clim\u00e1tica, el decrecimiento, paz e internacionalismo y los feminismos en la di\u00e1spora. La escuela se celebrar\u00e1 en la Naturfreundehaus Hermsdorfer Flie\u00dftal en Berl\u00edn, los d\u00edas 9, 10 y 11 de mayo, dando continuidad a la <a href=\"https:\/\/youtube.com\/playlist?list=PLk4mOxTjnS0FLSeVEogRbZnfwrToMJhrM\">primera edici\u00f3n<\/a> que tuvo lugar en Viena en noviembre de 2022.<\/p>\n\n\n\n<p class=\"wp-block-paragraph\"><strong>Luis Cort\u00e9s Barbado<\/strong>, portavoz y coordinador de IU Exterior, ha destacado \u201cla importancia de abrir estos espacios de formaci\u00f3n, debate y encuentro pol\u00edtico y humano, en los que se hable de los problemas concretos de la di\u00e1spora por parte de las personas involucradas, y a la vez se construyan lazos que permitan ofrecer una alternativa integral al modelo neoliberal y al auge de la reacci\u00f3n, que nos abocan a un recorte de derechos y libertades sin precedentes, y que ahora mismo suponen un desaf\u00edo civilizatorio que pone en cuesti\u00f3n la posibilidad de una vida digna para la mayor\u00eda de la poblaci\u00f3n, en Espa\u00f1a, en la di\u00e1spora, y a nivel mundial.\u201d<\/p>\n\n\n\n<p class=\"wp-block-paragraph\">La escuela arrancar\u00e1 el viernes 9 de mayo a las 20h con la intervenci\u00f3n invitada de <strong>Kerstin Wolter<\/strong>, portavoz de <strong>Die Linke Friedrichshain-Kreuzberg<\/strong> y candidata a portavoz de Die Linke Berl\u00edn, que hablar\u00e1 sobre la situaci\u00f3n de Die Linke tras las elecciones alemanas, y con el acto formal de apertura por parte del coordinador Luis Cort\u00e9s.<\/p>\n\n\n\n<figure class=\"wp-block-embed is-type-video is-provider-youtube wp-block-embed-youtube wp-embed-aspect-16-9 wp-has-aspect-ratio\"><div class=\"wp-block-embed__wrapper\">\n<iframe loading=\"lazy\" title=\"II Escuela de Primavera - IU Exterior - Viernes 9 de mayo\" width=\"618\" height=\"348\" src=\"https:\/\/www.youtube.com\/embed\/J1QqmTC4O8c?feature=oembed\" frameborder=\"0\" allow=\"accelerometer; autoplay; clipboard-write; encrypted-media; gyroscope; picture-in-picture; web-share\" referrerpolicy=\"strict-origin-when-cross-origin\" allowfullscreen><\/iframe>\n<\/div><\/figure>\n\n\n\n<p class=\"wp-block-paragraph\">La jornada fuerte ser\u00e1 la del s\u00e1bado 10 y comenzar\u00e1 a las 9 de la ma\u00f1ana con tres ponencias: <em>La descapitalizaci\u00f3n del servicio exterior <\/em>a cargo de <strong>Miguel Montero,<\/strong> del <strong>Secci\u00f3n Sindical del Servicio Exterior<\/strong> de CCOO; <em>Derecho a la vivienda <\/em>a cargo de <strong>Camilo Almendrales de Deutsche Wohnen &amp; Co Enteignen<\/strong> y <strong>Concha \u00c1lvarez de la Asamblea Migrante Berl\u00edn <\/strong>y <em>\u00d3rganos de participaci\u00f3n de la ciudadan\u00eda en el exterior <\/em>con las intervenciones de <strong>Violeta Alonso<\/strong>, presidenta del <strong>Consejo General de la Ciudadan\u00eda Espa\u00f1ola en el Exterior<\/strong> y <strong>N\u00faria Fraile<\/strong>, fundadora de la <strong>Oficina Precaria en Escocia.<\/strong><\/p>\n\n\n\n<figure class=\"wp-block-embed is-type-video is-provider-youtube wp-block-embed-youtube wp-embed-aspect-16-9 wp-has-aspect-ratio\"><div class=\"wp-block-embed__wrapper\">\n<iframe loading=\"lazy\" title=\"II Escuela de Primavera -  IU Exterior - S\u00e1bado 10 de mayo - Primera sesi\u00f3n\" width=\"618\" height=\"348\" src=\"https:\/\/www.youtube.com\/embed\/tRpICki4_l8?feature=oembed\" frameborder=\"0\" allow=\"accelerometer; autoplay; clipboard-write; encrypted-media; gyroscope; picture-in-picture; web-share\" referrerpolicy=\"strict-origin-when-cross-origin\" allowfullscreen><\/iframe>\n<\/div><\/figure>\n\n\n\n<p class=\"wp-block-paragraph\">Contin\u00faa la tarde con la ponencia sobre <em>Di\u00e1spora espa\u00f1ola y feminismos <\/em>a cargo de <strong>Alberto Jim\u00e9nez y Olga Bautista<\/strong>, co-autoras del libro <a href=\"https:\/\/editorial.tirant.com\/es\/ebook\/no-nos-vamos-nos-echan-las-luchas-contra-la-precariedad-de-la-nueva-diaspora-espanola-belen-fernandez-suarez-9788411837118\">\u201cNo nos vamos, nos echan\u201d<\/a> un texto que explora c\u00f3mo la crisis econ\u00f3mica de 2008 impuls\u00f3 a miles de j\u00f3venes espa\u00f1oles a emigrar, transform\u00e1ndolos en un potente actor pol\u00edtico transnacional.&nbsp;<\/p>\n\n\n\n<p class=\"wp-block-paragraph\">Las \u00faltimas dos charlas ser\u00e1n <em>Paz, internacionalismo y migraci\u00f3n <\/em>presentada por\u00a0 <strong>Valentina Skafar<\/strong>, miembro de la Comisi\u00f3n Internacional del <strong>Partido de la Izquierda Europea<\/strong> y <em>Crisis clim\u00e1tica y decrecimiento<\/em> por <strong>H\u00e9ctor Escudero<\/strong>, <strong>responsable de ecosocialismo de Izquierda Unida Federal.<\/strong><\/p>\n\n\n\n<figure class=\"wp-block-embed is-type-video is-provider-youtube wp-block-embed-youtube wp-embed-aspect-16-9 wp-has-aspect-ratio\"><div class=\"wp-block-embed__wrapper\">\n<iframe loading=\"lazy\" title=\"II Escuela de Primavera - IU Exterior - S\u00e1bado 10 de mayo - Segunda sesi\u00f3n\" width=\"618\" height=\"348\" src=\"https:\/\/www.youtube.com\/embed\/agAgAfdNKmw?feature=oembed\" frameborder=\"0\" allow=\"accelerometer; autoplay; clipboard-write; encrypted-media; gyroscope; picture-in-picture; web-share\" referrerpolicy=\"strict-origin-when-cross-origin\" allowfullscreen><\/iframe>\n<\/div><\/figure>\n\n\n\n<p class=\"wp-block-paragraph\"><p>El domingo 11 se dedicar\u00e1 a la iniciativa de Izquierda Unida <a href=\"https:\/\/izquierdaunida.org\/convocatoria-por-la-democracia\/\"><strong>Convocatoria por la Democracia<\/strong><\/a>, con una presentaci\u00f3n por parte del coordinador <strong>Luis Cort\u00e9s <\/strong>y un <strong>panel de debate diverso,<\/strong> moderado por <strong>Mar\u00eda Perles<\/strong>, co-responsable de acci\u00f3n pol\u00edtica de IU Exterior. Se debatir\u00e1 sobre c\u00f3mo dar continuidad a las luchas concretas que se han abordado el d\u00eda anterior, y tambi\u00e9n sobre c\u00f3mo integrarlas en una lucha amplia y conjunta por una democracia plena y en paz, frente a la mercantilizaci\u00f3n de la vida, el auge de la reacci\u00f3n y la deriva belicista. La jornada terminar\u00e1 con un debate abierto entre toda la asistencia, que dar\u00e1 clausura a la escuela.<\/p>\n<ul>\n<li><strong><a href=\"http:\/\/iuexterior.org\/wp-content\/uploads\/2025\/05\/escuela-iuexterior-2025.pdf\" target=\"_blank\" rel=\"noopener\">Descargar programa completo de la II Escuela de Primavera de IU Exterior<\/a><\/strong> (.pdf, 1,5Mb)<\/li>\n<\/ul><\/p>\n\n\n\n<p class=\"wp-block-paragraph\"><\/p>","protected":false},"excerpt":{"rendered":"<p>IU Exterior organiza su II Escuela de Primavera los d\u00edas 9, 10 y 11 de mayo en Berl\u00edn&nbsp; La Federaci\u00f3n de Izquierda Unida en el Exterior organiza su II Escuela &hellip;<\/p>","protected":false},"author":1,"featured_media":2846,"comment_status":"closed","ping_status":"closed","sticky":false,"template":"","format":"standard","meta":{"wds_primary_category":0,"footnotes":""},"categories":[25,8,132,27,28,29,127,35,26,125,30,31],"tags":[22,138,139,134,133,15,137,140,141,136,6,135],"class_list":["post-2827","post","type-post","status-publish","format-standard","has-post-thumbnail","","category-asambleas","category-destacado","category-escuela-de-formacion","category-iu-berlin","category-iu-bruselas","category-iu-buenos-aires","category-iu-estocolmo","category-iu-global","category-iu-luxemburgo","category-iu-provincia-de-buenos-aires","category-iu-toulouse","category-iu-zurich","tag-berlin","tag-crisis-climatica","tag-decrecimiento","tag-diaspora","tag-escuela-primavera","tag-feminismo","tag-internacionalismo","tag-migraciones","tag-participacion","tag-paz","tag-servicio-exterior","tag-vivienda"],"_links":{"self":[{"href":"http:\/\/iuexterior.org\/gl\/wp-json\/wp\/v2\/posts\/2827","targetHints":{"allow":["GET"]}}],"collection":[{"href":"http:\/\/iuexterior.org\/gl\/wp-json\/wp\/v2\/posts"}],"about":[{"href":"http:\/\/iuexterior.org\/gl\/wp-json\/wp\/v2\/types\/post"}],"author":[{"embeddable":true,"href":"http:\/\/iuexterior.org\/gl\/wp-json\/wp\/v2\/users\/1"}],"replies":[{"embeddable":true,"href":"http:\/\/iuexterior.org\/gl\/wp-json\/wp\/v2\/comments?post=2827"}],"version-history":[{"count":18,"href":"http:\/\/iuexterior.org\/gl\/wp-json\/wp\/v2\/posts\/2827\/revisions"}],"predecessor-version":[{"id":2865,"href":"http:\/\/iuexterior.org\/gl\/wp-json\/wp\/v2\/posts\/2827\/revisions\/2865"}],"wp:featuredmedia":[{"embeddable":true,"href":"http:\/\/iuexterior.org\/gl\/wp-json\/wp\/v2\/media\/2846"}],"wp:attachment":[{"href":"http:\/\/iuexterior.org\/gl\/wp-json\/wp\/v2\/media?parent=2827"}],"wp:term":[{"taxonomy":"category","embeddable":true,"href":"http:\/\/iuexterior.org\/gl\/wp-json\/wp\/v2\/categories?post=2827"},{"taxonomy":"post_tag","embeddable":true,"href":"http:\/\/iuexterior.org\/gl\/wp-json\/wp\/v2\/tags?post=2827"}],"curies":[{"name":"wp","href":"https:\/\/api.w.org\/{rel}","templated":true}]}}