{"id":2816,"date":"2024-05-24T11:01:40","date_gmt":"2024-05-24T09:01:40","guid":{"rendered":"https:\/\/iuexterior.org\/?p=2816"},"modified":"2024-05-24T11:01:41","modified_gmt":"2024-05-24T09:01:41","slug":"iu-exterior-condena-el-ataque-israeli-a-los-servicios-consulares-espanoles","status":"publish","type":"post","link":"http:\/\/iuexterior.org\/gl\/2024\/05\/24\/iu-exterior-condena-el-ataque-israeli-a-los-servicios-consulares-espanoles\/","title":{"rendered":"IU Exterior condena el ataque israel\u00ed a los servicios consulares espa\u00f1oles"},"content":{"rendered":"<p class=\"wp-block-paragraph\"><em><em><em><em><em>Desde la Federaci\u00f3n piden que se estudie si la decisi\u00f3n de Israel viola la Convenci\u00f3n de Viena sobre relaciones consulares.<\/em><\/em><\/em><\/em><\/em><\/p>\n\n\n\n<p class=\"wp-block-paragraph\">La federaci\u00f3n de Izquierda Unida en el Exterior (IU Exterior) ha <strong>condenado <\/strong>este viernes la decisi\u00f3n del Gobierno de Israel de <strong>bloquear parte de los servicios consulares que ofrece Espa\u00f1a en Israel<\/strong>. En concreto, el gobierno de Netanyahu ha decidido prohibir a la Embajada de Espa\u00f1a y a sus servicios consulares en Jerusal\u00e9n \u00abprestar servicio a los palestinos\u00bb.<\/p>\n\n\n\n<p class=\"wp-block-paragraph\">\u00abEsta decisi\u00f3n podr\u00eda estar<strong> violando la Convenci\u00f3n de Viena<\/strong> sobre relaciones consulares, ya que el pa\u00eds receptor debe garantizar la protecci\u00f3n y normal funcionamiento de los mismos. No es admisible esta injerencia en la acci\u00f3n leg\u00edtima de las misiones diplom\u00e1ticas\u00bb, ha declarado <strong>Luis Cort\u00e9s Barbado<\/strong>, portavoz y coordinador de IU Exterior. Desde la federaci\u00f3n consideran que, en el contexto de la invasi\u00f3n israel\u00ed en Gaza, los servicios consulares ofrecen protecci\u00f3n y ayuda a quienes han perdido su casa, su familia y todo lo que tienen. \u00abEstamos hablando del derecho humanitario internacional m\u00e1s b\u00e1sico\u00bb, ha recalcado Cort\u00e9s Barbado.<\/p>\n\n\n\n<p class=\"wp-block-paragraph\">Desde la Federaci\u00f3n de Exterior recuerdan que, precisamente, gracias a la actuaci\u00f3n individual de algunos c\u00f3nsules y servicios consulares espa\u00f1oles (en contra del criterio del propio estado franquista), miles de jud\u00edos sefard\u00edes pudieron escapar de las c\u00e1maras de gas de los campos de concentraci\u00f3n y de exterminio durante el periodo nazi.<\/p>\n\n\n\n<p class=\"wp-block-paragraph\">Finalmente, la federaci\u00f3n ha mostrado su apoyo al Gobierno de Espa\u00f1a y a la vicepresidenta Yolanda D\u00edaz, que ha sufrido los ataques furibundos del Estado de Israel en las \u00faltimas horas por su apoyo al reconocimiento del Estado Palestino. \u00ab<strong>Las acusaciones de antisemitismo lanzadas por Israel no van a callarnos ni a hacer que nos tiemble el pulso<\/strong>\u00ab, concluye Cort\u00e9s Barbado.<\/p>\n\n\n\n<h2 class=\"wp-block-heading\" id=\"block-a9ca021f-50d1-4b61-b475-a745c06bb456\">Acerca de IU Exterior<\/h2>\n\n\n\n<p class=\"wp-block-paragraph\" id=\"block-9e1dfc72-a0ae-42f2-ab83-cb8fe83e1265\">La&nbsp;<strong>Federaci\u00f3n del Exterior de Izquierda Unida<\/strong>&nbsp;<a href=\"http:\/\/iuexterior.org\/gl\/2017\/04\/30\/la-federacion-del-exterior-de-iu-nace-para-movilizar-politicamente-a-la-emigracion-espanola\/\">naci\u00f3 en abril de 2017<\/a>&nbsp;para movilizar pol\u00edticamente a la emigraci\u00f3n espa\u00f1ola y darle voz a sus reivindicaciones. Actualmente contamos con asambleas estables en&nbsp;<a href=\"http:\/\/iuexterior.org\/gl\/Bruselas\/\">Bruselas<\/a>, B\u00e9lgica;&nbsp;<a href=\"http:\/\/iuexterior.org\/gl\/Berlin\/\">Berl\u00edn<\/a>&nbsp;y&nbsp;<a href=\"http:\/\/iuexterior.org\/gl\/Frankfurt\/\">Frankfurt<\/a>, en Alemania;&nbsp;<a href=\"http:\/\/iuexterior.org\/gl\/Luexmburgo\/\">Luxemburgo<\/a>;&nbsp;<a href=\"http:\/\/iuexterior.org\/gl\/Zurich\/\">Z\u00farich<\/a>, en Suiza; en&nbsp;<a href=\"http:\/\/iuexterior.org\/gl\/Lyon\/\">Lyon<\/a>&nbsp;y&nbsp;<a href=\"http:\/\/iuexterior.org\/gl\/Toulouse\/\">Toulouse<\/a>, en Francia; y tanto en la&nbsp;<a href=\"http:\/\/iuexterior.org\/gl\/BuenosAires\/\">Ciudad de Buenos Aires<\/a>&nbsp;como en la&nbsp;<a href=\"http:\/\/iuexterior.org\/gl\/provinciabuenosaires\/\">Provincia de Buenos Aires<\/a>, Argentina. Adem\u00e1s, la federaci\u00f3n dispone de la asamblea&nbsp;<a href=\"http:\/\/iuexterior.org\/gl\/Global\/\">IU Global<\/a>, por medio de la cual participa la militancia dispersa por el mundo sin acceso a una asamblea local propia.<\/p>\n\n\n\n<p class=\"wp-block-paragraph translation-block\" id=\"block-08d3c176-e1e9-4a7a-91bf-6dbfe90d3e6d\">Puedes contactar con&nbsp;<strong>IU Exterior<\/strong>&nbsp;a trav\u00e9s del correo&nbsp;<a href=\"mailto:exterior@izquierdaunida.org\" rel=\"noreferrer noopener\" target=\"_self\"><strong>exterior@izquierdaunida.org<\/strong><\/a>&nbsp;o de nuestros perfiles en&nbsp;<a href=\"https:\/\/www.facebook.com\/IUExterior\/\" rel=\"noreferrer noopener\" target=\"_self\"><strong>Facebook<\/strong><\/a>,&nbsp;<a href=\"https:\/\/twitter.com\/IUExterior\/\" rel=\"noreferrer noopener\" target=\"_self\"><strong>Twitter<\/strong><\/a>&nbsp;e&nbsp;<a href=\"https:\/\/www.instagram.com\/IUExterior\/\" rel=\"noreferrer noopener\" target=\"_self\"><strong>Instagram<\/strong><\/a>.<\/p>","protected":false},"excerpt":{"rendered":"<p>Desde la Federaci\u00f3n piden que se estudie si la decisi\u00f3n de Israel viola la Convenci\u00f3n de Viena sobre relaciones consulares. La federaci\u00f3n de Izquierda Unida en el Exterior (IU Exterior) &hellip;<\/p>","protected":false},"author":1,"featured_media":2818,"comment_status":"closed","ping_status":"closed","sticky":false,"template":"","format":"standard","meta":{"wds_primary_category":0,"footnotes":""},"categories":[110,1,8,32,113],"tags":[],"class_list":["post-2816","post","type-post","status-publish","format-standard","has-post-thumbnail","","category-acciones","category-actualidad","category-destacado","category-federacion","category-servicio-exterior"],"_links":{"self":[{"href":"http:\/\/iuexterior.org\/gl\/wp-json\/wp\/v2\/posts\/2816","targetHints":{"allow":["GET"]}}],"collection":[{"href":"http:\/\/iuexterior.org\/gl\/wp-json\/wp\/v2\/posts"}],"about":[{"href":"http:\/\/iuexterior.org\/gl\/wp-json\/wp\/v2\/types\/post"}],"author":[{"embeddable":true,"href":"http:\/\/iuexterior.org\/gl\/wp-json\/wp\/v2\/users\/1"}],"replies":[{"embeddable":true,"href":"http:\/\/iuexterior.org\/gl\/wp-json\/wp\/v2\/comments?post=2816"}],"version-history":[{"count":1,"href":"http:\/\/iuexterior.org\/gl\/wp-json\/wp\/v2\/posts\/2816\/revisions"}],"predecessor-version":[{"id":2819,"href":"http:\/\/iuexterior.org\/gl\/wp-json\/wp\/v2\/posts\/2816\/revisions\/2819"}],"wp:featuredmedia":[{"embeddable":true,"href":"http:\/\/iuexterior.org\/gl\/wp-json\/wp\/v2\/media\/2818"}],"wp:attachment":[{"href":"http:\/\/iuexterior.org\/gl\/wp-json\/wp\/v2\/media?parent=2816"}],"wp:term":[{"taxonomy":"category","embeddable":true,"href":"http:\/\/iuexterior.org\/gl\/wp-json\/wp\/v2\/categories?post=2816"},{"taxonomy":"post_tag","embeddable":true,"href":"http:\/\/iuexterior.org\/gl\/wp-json\/wp\/v2\/tags?post=2816"}],"curies":[{"name":"wp","href":"https:\/\/api.w.org\/{rel}","templated":true}]}}