{"id":2765,"date":"2023-10-14T12:15:00","date_gmt":"2023-10-14T10:15:00","guid":{"rendered":"https:\/\/iuexterior.org\/?p=2765"},"modified":"2023-10-14T12:15:07","modified_gmt":"2023-10-14T10:15:07","slug":"iu-berlin-condena-la-mordaza-alemana-contra-las-protestas-pro-palestina","status":"publish","type":"post","link":"http:\/\/iuexterior.org\/gl\/2023\/10\/14\/iu-berlin-condena-la-mordaza-alemana-contra-las-protestas-pro-palestina\/","title":{"rendered":"IU Berl\u00edn condena la mordaza alemana contra las protestas pro-Palestina"},"content":{"rendered":"<p class=\"wp-block-paragraph\"><em><em>Con el pretexto de combatir el antisemitismo, Alemania y especialmente la capital berlinesa est\u00e1n ilegalizando organizaciones pro-Palestina y prohibiendo manifestaciones solidarias<\/em>.<\/em><\/p>\n\n\n\n<p class=\"wp-block-paragraph\">La asamblea de Izquierda Unida Berl\u00edn quiere mostrar la condena en\u00e9rgica y la total repulsa a la mordaza impuesta sobre las personas que se solidarizan con el pueblo palestino en el pa\u00eds germano. La espiral de represi\u00f3n impuesta por las autoridades alemanas y berlinesas, en el primer caso por socialdem\u00f3cratas, verdes y liberales; en el segundo por democristianos y socialdem\u00f3cratas, es una violaci\u00f3n de la libertad de expresi\u00f3n y del derecho de manifestaci\u00f3n.<\/p>\n\n\n\n<p class=\"wp-block-paragraph\">La ilegalizaci\u00f3n de diversas organizaciones que apoyan el derecho de autodeterminaci\u00f3n y la libertad del pueblo palestino y la prohibici\u00f3n de muestras de solidaridad con el pueblo palestino refuerzan la deriva autoritaria del pa\u00eds. En este caso, la represi\u00f3n, ejecutada mediante arrestos, encapsulamientos e identificaciones de personas que porten cualquier s\u00edmbolo palestino, o mediante el acoso en redes sociales y en los puestos de trabajo a cualquier persona que se solidarice con Palestina, se suma a la impartida contra otros colectivos anteriormente, como los activistas por el clima.<\/p>\n\n\n\n<p class=\"wp-block-paragraph\">Desde IU Berl\u00edn se denuncia la deriva autoritaria de Alemania, acompa\u00f1ada de un crecimiento sin precedentes de la derecha y de la extrema-derecha, que desgraciadamente traen a la memoria oscuros fantasmas del pasado. Nuestra solidaridad siempre con el pueblo palestino, con quienes ponen sus cuerpos para levantar la voz en Alemania contra la masacre que se est\u00e1 perpetrando en Gaza; nuestra solidaridad con las organizaciones pro-Palestina en Alemania y contra las v\u00edctimas de la represi\u00f3n del Estado alem\u00e1n.<\/p>\n\n\n\n<p class=\"wp-block-paragraph\"><\/p>\n\n\n\n<h2 class=\"wp-block-heading\" id=\"block-a9ca021f-50d1-4b61-b475-a745c06bb456\">Acerca de IU Exterior<\/h2>\n\n\n\n<p class=\"wp-block-paragraph\" id=\"block-9e1dfc72-a0ae-42f2-ab83-cb8fe83e1265\">La&nbsp;<strong>Federaci\u00f3n del Exterior de Izquierda Unida<\/strong>&nbsp;<a href=\"http:\/\/iuexterior.org\/gl\/2017\/04\/30\/la-federacion-del-exterior-de-iu-nace-para-movilizar-politicamente-a-la-emigracion-espanola\/\">naci\u00f3 en abril de 2017<\/a>&nbsp;para movilizar pol\u00edticamente a la emigraci\u00f3n espa\u00f1ola y darle voz a sus reivindicaciones. Actualmente contamos con asambleas estables en&nbsp;<a href=\"http:\/\/iuexterior.org\/gl\/Bruselas\/\">Bruselas<\/a>, B\u00e9lgica;&nbsp;<a href=\"http:\/\/iuexterior.org\/gl\/Berlin\/\">Berl\u00edn<\/a>&nbsp;y&nbsp;<a href=\"http:\/\/iuexterior.org\/gl\/Frankfurt\/\">Frankfurt<\/a>, en Alemania;&nbsp;<a href=\"http:\/\/iuexterior.org\/gl\/Luexmburgo\/\">Luxemburgo<\/a>;&nbsp;<a href=\"http:\/\/iuexterior.org\/gl\/Zurich\/\">Z\u00farich<\/a>, en Suiza; en&nbsp;<a href=\"http:\/\/iuexterior.org\/gl\/Lyon\/\">Lyon<\/a>&nbsp;y&nbsp;<a href=\"http:\/\/iuexterior.org\/gl\/Toulouse\/\">Toulouse<\/a>, en Francia; y tanto en la&nbsp;<a href=\"http:\/\/iuexterior.org\/gl\/BuenosAires\/\">Ciudad de Buenos Aires<\/a>&nbsp;como en la&nbsp;<a href=\"http:\/\/iuexterior.org\/gl\/provinciabuenosaires\/\">Provincia de Buenos Aires<\/a>, Argentina. Adem\u00e1s, la federaci\u00f3n dispone de la asamblea&nbsp;<a href=\"http:\/\/iuexterior.org\/gl\/Global\/\">IU Global<\/a>, por medio de la cual participa la militancia dispersa por el mundo sin acceso a una asamblea local propia.<\/p>\n\n\n\n<p class=\"wp-block-paragraph translation-block\" id=\"block-08d3c176-e1e9-4a7a-91bf-6dbfe90d3e6d\">Puedes contactar con&nbsp;<strong>IU Exterior<\/strong>&nbsp;a trav\u00e9s del correo&nbsp;<a href=\"mailto:exterior@izquierdaunida.org\" rel=\"noreferrer noopener\" target=\"_self\"><strong>exterior@izquierdaunida.org<\/strong><\/a>&nbsp;o de nuestros perfiles en&nbsp;<a href=\"https:\/\/www.facebook.com\/IUExterior\/\" rel=\"noreferrer noopener\" target=\"_self\"><strong>Facebook<\/strong><\/a>,&nbsp;<a href=\"https:\/\/twitter.com\/IUExterior\/\" rel=\"noreferrer noopener\" target=\"_self\"><strong>Twitter<\/strong><\/a>&nbsp;e&nbsp;<a href=\"https:\/\/www.instagram.com\/IUExterior\/\" rel=\"noreferrer noopener\" target=\"_self\"><strong>Instagram<\/strong><\/a>.<\/p>","protected":false},"excerpt":{"rendered":"<p>Con el pretexto de combatir el antisemitismo, Alemania y especialmente la capital berlinesa est\u00e1n ilegalizando organizaciones pro-Palestina y prohibiendo manifestaciones solidarias. La asamblea de Izquierda Unida Berl\u00edn quiere mostrar la &hellip;<\/p>","protected":false},"author":1,"featured_media":2766,"comment_status":"closed","ping_status":"closed","sticky":false,"template":"","format":"standard","meta":{"wds_primary_category":0,"footnotes":""},"categories":[110,1,120,25,8,27],"tags":[],"class_list":["post-2765","post","type-post","status-publish","format-standard","has-post-thumbnail","","category-acciones","category-actualidad","category-antifascismo-solidaridad","category-asambleas","category-destacado","category-iu-berlin"],"_links":{"self":[{"href":"http:\/\/iuexterior.org\/gl\/wp-json\/wp\/v2\/posts\/2765","targetHints":{"allow":["GET"]}}],"collection":[{"href":"http:\/\/iuexterior.org\/gl\/wp-json\/wp\/v2\/posts"}],"about":[{"href":"http:\/\/iuexterior.org\/gl\/wp-json\/wp\/v2\/types\/post"}],"author":[{"embeddable":true,"href":"http:\/\/iuexterior.org\/gl\/wp-json\/wp\/v2\/users\/1"}],"replies":[{"embeddable":true,"href":"http:\/\/iuexterior.org\/gl\/wp-json\/wp\/v2\/comments?post=2765"}],"version-history":[{"count":1,"href":"http:\/\/iuexterior.org\/gl\/wp-json\/wp\/v2\/posts\/2765\/revisions"}],"predecessor-version":[{"id":2767,"href":"http:\/\/iuexterior.org\/gl\/wp-json\/wp\/v2\/posts\/2765\/revisions\/2767"}],"wp:featuredmedia":[{"embeddable":true,"href":"http:\/\/iuexterior.org\/gl\/wp-json\/wp\/v2\/media\/2766"}],"wp:attachment":[{"href":"http:\/\/iuexterior.org\/gl\/wp-json\/wp\/v2\/media?parent=2765"}],"wp:term":[{"taxonomy":"category","embeddable":true,"href":"http:\/\/iuexterior.org\/gl\/wp-json\/wp\/v2\/categories?post=2765"},{"taxonomy":"post_tag","embeddable":true,"href":"http:\/\/iuexterior.org\/gl\/wp-json\/wp\/v2\/tags?post=2765"}],"curies":[{"name":"wp","href":"https:\/\/api.w.org\/{rel}","templated":true}]}}