{"id":2471,"date":"2021-06-02T10:18:22","date_gmt":"2021-06-02T08:18:22","guid":{"rendered":"http:\/\/iuexterior.org\/?p=2471"},"modified":"2021-06-04T09:28:05","modified_gmt":"2021-06-04T07:28:05","slug":"iu-global-conversara-este-sabado-sobre-el-conflicto-del-sahara-occidental","status":"publish","type":"post","link":"http:\/\/iuexterior.org\/gl\/2021\/06\/02\/iu-global-conversara-este-sabado-sobre-el-conflicto-del-sahara-occidental\/","title":{"rendered":"IU Global conversar\u00e1 este s\u00e1bado sobre el conflicto del S\u00e1hara Occidental"},"content":{"rendered":"<h4 class=\"wp-block-heading\">IU Global, en colaboraci\u00f3n con IU Exterior, organiza este s\u00e1bado 5 de junio a las 18h00 (CET) el encuentro virtual \u00abPersiguiendo las nubes: la incansable lucha del pueblo saharaui\u00bb sobre el conflicto del S\u00e1hara Occidental, su origen y los intereses imperialistas que impiden una resoluci\u00f3n del conflicto.<\/h4>\n\n\n\n<p class=\"wp-block-paragraph\"><strong>Omar Abed Jalil<\/strong>\u00a0(Presidente de la Coordinadora Sindical Canarias Espa\u00f1a de apoyo al pueblo saharaui -COSCAPS),\u00a0<strong>Taleb Alisalim<\/strong>\u00a0(Activista y analista pol\u00edtico especializado en el conflicto del S\u00e1hara Occidental),\u00a0<strong>Angela Carrillo<\/strong>\u00a0(Presidenta de la Coordinadora de Asociaciones Solidarias con el pueblo saharaui de la provincia de Alicante y Presidenta de la asociaci\u00f3n de ayuda al Sahara Occidental de Elche) y\u00a0<strong>Jon S. Forrest<\/strong>\u00a0(Responsable de la Comisi\u00f3n de Relaciones Internacionales de Izquierda Unida) conversar\u00e1n sobre la incansable lucha del pueblo saharaui.<\/p>\n\n\n\n<p class=\"wp-block-paragraph\">El pueblo saharaui lleva ya 45 a\u00f1os esperando una resoluci\u00f3n del conflicto que los llevo a tener que abandonar su tierra. En este \u00faltimo a\u00f1o hemos visto como el conflicto se ha encrudecido, por ello desde IU Exterior e IU Global consideran que \u00abeste encuentro se celebra en un momento crucial y as\u00ed hacer entender el origen y las causas del conflicto en el Sahara Occidental.\u00bb<\/p>\n\n\n\n<p class=\"wp-block-paragraph\">El encuentro podr\u00e1 verse el&nbsp;<strong>sabado, 5 de junio, a las 18:00 (hora<\/strong>&nbsp;peninsular)&nbsp;en la&nbsp;<a rel=\"noreferrer noopener\" href=\"https:\/\/www.facebook.com\/IUExterior\/\" target=\"_blank\">p\u00e1gina de Facebook de IU Global<\/a>.<\/p>\n\n\n\n<figure class=\"wp-block-embed is-type-video is-provider-youtube wp-block-embed-youtube wp-embed-aspect-4-3 wp-has-aspect-ratio\"><div class=\"wp-block-embed__wrapper\">\nhttps:\/\/www.youtube.com\/watch?v=AqxenY8fPf0\n<\/div><\/figure>\n\n\n\n<h2 class=\"wp-block-heading\">Acerca de&nbsp;IU Global<\/h2>\n\n\n\n<p class=\"wp-block-paragraph\">La&nbsp;<strong>Asamblea Global de IU Exterior<\/strong>&nbsp;se fund\u00f3 el&nbsp;<strong><a href=\"http:\/\/iuexterior.org\/gl\/2020\/01\/31\/nace-iu-global-una-asamblea-virtual-para-permitir-la-participacion-de-la-militancia-sin-asamblea-local-cercana\/\" target=\"_blank\" rel=\"noreferrer noopener\">30 de enero de 2020<\/a><\/strong>&nbsp;para aglutinar a los y las militantes que carecen de asamblea de base en su ciudad de residencia. Su militancia est\u00e1 repartida por tres continentes:&nbsp;<strong>Europa, Am\u00e9rica y \u00c1frica<\/strong>. Desde su creaci\u00f3n, la asamblea se re\u00fane de mensualmente de forma telem\u00e1tica. Ha formado parte de la organizaci\u00f3n de eventos en ciudades como&nbsp;<strong>Viena&nbsp;<\/strong>o&nbsp;<strong>Londres<\/strong>, y participado en otros en ciudades como&nbsp;<strong>Dubl\u00edn<\/strong>,&nbsp;<strong>Estocolmo<\/strong>,&nbsp;<strong>Nueva York<\/strong>&nbsp;o&nbsp;<strong>Kaunas<\/strong>.<\/p>\n\n\n\n<p class=\"wp-block-paragraph\">Puedes contactar con&nbsp;<strong>IU Global&nbsp;<\/strong>a trav\u00e9s del correo&nbsp;<a href=\"mailto:global@iuexterior.org\">global@iuexterior.org<\/a>&nbsp;y de sus perfiles en&nbsp;<strong><a href=\"https:\/\/www.facebook.com\/IUAsambleaGlobal\/\" target=\"_blank\" rel=\"noreferrer noopener\">Facebook<\/a><\/strong>&nbsp;y&nbsp;<strong><a href=\"https:\/\/twitter.com\/IU_Global\" target=\"_blank\" rel=\"noreferrer noopener\">Twitter<\/a><\/strong>.<\/p>\n\n\n\n<h2 class=\"wp-block-heading\">Acerca de IU Exterior<\/h2>\n\n\n\n<p class=\"wp-block-paragraph translation-block\">La&nbsp;<strong>Federaci\u00f3n del Exterior de Izquierda Unida<\/strong>&nbsp;<a href=\"http:\/\/iuexterior.org\/gl\/2017\/04\/30\/la-federacion-del-exterior-de-iu-nace-para-movilizar-politicamente-a-la-emigracion-espanola\/\" target=\"_self\">naci\u00f3 en abril de 2017<\/a>&nbsp;para movilizar pol\u00edticamente a la emigraci\u00f3n espa\u00f1ola y darle voz a sus reivindicaciones. Actualmente contamos con asambleas estables en&nbsp;<a href=\"http:\/\/iuexterior.org\/gl\/Bruselas\/\" rel=\"noreferrer noopener\" target=\"_self\">Bruselas<\/a>, B\u00e9lgica;&nbsp;<a href=\"http:\/\/iuexterior.org\/gl\/Berlin\/\" rel=\"noreferrer noopener\" target=\"_self\">Berl\u00edn<\/a>&nbsp;y&nbsp;<a href=\"http:\/\/iuexterior.org\/gl\/Frankfurt\/\" rel=\"noreferrer noopener\" target=\"_self\">Frankfurt<\/a>, en Alemania;&nbsp;<a href=\"http:\/\/iuexterior.org\/gl\/Luexmburgo\/\" rel=\"noreferrer noopener\" target=\"_self\">Luxemburgo<\/a>;&nbsp;<a href=\"http:\/\/iuexterior.org\/gl\/Zurich\/\" rel=\"noreferrer noopener\" target=\"_self\">Z\u00farich<\/a>, en Suiza; en&nbsp;<a href=\"http:\/\/iuexterior.org\/gl\/Lyon\/\" target=\"_self\">Lyon<\/a>&nbsp;y&nbsp;<a href=\"http:\/\/iuexterior.org\/gl\/Toulouse\/\" rel=\"noreferrer noopener\" target=\"_self\">Toulouse<\/a>, en Francia; y tanto en&nbsp;la&nbsp;<a href=\"http:\/\/iuexterior.org\/gl\/BuenosAires\/\" rel=\"noreferrer noopener\" target=\"_self\">Ciudad de Buenos Aires<\/a>&nbsp;como en la&nbsp;<a href=\"http:\/\/iuexterior.org\/gl\/provinciabuenosaires\/\" rel=\"noreferrer noopener\" target=\"_self\">Provincia de Buenos Aires<\/a>, Argentina. Adem\u00e1s, la federaci\u00f3n dispone de la asamblea&nbsp;<a href=\"http:\/\/iuexterior.org\/gl\/Global\/\" rel=\"noreferrer noopener\" target=\"_self\">IU Global<\/a>, por medio de la cual participa la militancia dispersa por el mundo sin acceso a una asamblea local propia.<\/p>\n\n\n\n<p class=\"wp-block-paragraph translation-block\">Puedes contactar con&nbsp;<strong>IU Exterior<\/strong>&nbsp;a trav\u00e9s del correo&nbsp;<a href=\"mailto:exterior@izquierdaunida.org\" rel=\"noreferrer noopener\" target=\"_self\"><strong>exterior@izquierdaunida.org<\/strong><\/a>&nbsp;o de nuestros perfiles en&nbsp;<a href=\"https:\/\/www.facebook.com\/IUExterior\/\" rel=\"noreferrer noopener\" target=\"_self\"><strong>Facebook<\/strong><\/a>,&nbsp;<a href=\"https:\/\/twitter.com\/IUExterior\/\" rel=\"noreferrer noopener\" target=\"_self\"><strong>Twitter<\/strong><\/a>&nbsp;e&nbsp;<a href=\"https:\/\/www.instagram.com\/IUExterior\/\" rel=\"noreferrer noopener\" target=\"_self\"><strong>Instagram<\/strong><\/a>.<\/p>","protected":false},"excerpt":{"rendered":"<p>IU Global, en colaboraci\u00f3n con IU Exterior, organiza este s\u00e1bado 5 de junio a las 18h00 (CET) el encuentro virtual \u00abPersiguiendo las nubes: la incansable lucha del pueblo saharaui\u00bb sobre &hellip;<\/p>","protected":false},"author":3,"featured_media":2476,"comment_status":"closed","ping_status":"closed","sticky":false,"template":"","format":"standard","meta":{"wds_primary_category":0,"footnotes":""},"categories":[1,8,35],"tags":[],"class_list":["post-2471","post","type-post","status-publish","format-standard","has-post-thumbnail","","category-actualidad","category-destacado","category-iu-global"],"_links":{"self":[{"href":"http:\/\/iuexterior.org\/gl\/wp-json\/wp\/v2\/posts\/2471","targetHints":{"allow":["GET"]}}],"collection":[{"href":"http:\/\/iuexterior.org\/gl\/wp-json\/wp\/v2\/posts"}],"about":[{"href":"http:\/\/iuexterior.org\/gl\/wp-json\/wp\/v2\/types\/post"}],"author":[{"embeddable":true,"href":"http:\/\/iuexterior.org\/gl\/wp-json\/wp\/v2\/users\/3"}],"replies":[{"embeddable":true,"href":"http:\/\/iuexterior.org\/gl\/wp-json\/wp\/v2\/comments?post=2471"}],"version-history":[{"count":4,"href":"http:\/\/iuexterior.org\/gl\/wp-json\/wp\/v2\/posts\/2471\/revisions"}],"predecessor-version":[{"id":2477,"href":"http:\/\/iuexterior.org\/gl\/wp-json\/wp\/v2\/posts\/2471\/revisions\/2477"}],"wp:featuredmedia":[{"embeddable":true,"href":"http:\/\/iuexterior.org\/gl\/wp-json\/wp\/v2\/media\/2476"}],"wp:attachment":[{"href":"http:\/\/iuexterior.org\/gl\/wp-json\/wp\/v2\/media?parent=2471"}],"wp:term":[{"taxonomy":"category","embeddable":true,"href":"http:\/\/iuexterior.org\/gl\/wp-json\/wp\/v2\/categories?post=2471"},{"taxonomy":"post_tag","embeddable":true,"href":"http:\/\/iuexterior.org\/gl\/wp-json\/wp\/v2\/tags?post=2471"}],"curies":[{"name":"wp","href":"https:\/\/api.w.org\/{rel}","templated":true}]}}