{"id":2434,"date":"2021-05-05T12:20:01","date_gmt":"2021-05-05T10:20:01","guid":{"rendered":"http:\/\/iuexterior.org\/?p=2434"},"modified":"2021-05-05T12:20:02","modified_gmt":"2021-05-05T10:20:02","slug":"iu-berlin-denuncia-condiciones-de-explotacion-en-ofertas-de-trabajo-del-sepe-para-alemania","status":"publish","type":"post","link":"http:\/\/iuexterior.org\/gl\/2021\/05\/05\/iu-berlin-denuncia-condiciones-de-explotacion-en-ofertas-de-trabajo-del-sepe-para-alemania\/","title":{"rendered":"IU Berl\u00edn Denuncia Condiciones De Explotaci\u00f3n En Ofertas De Trabajo Del SEPE Para Alemania"},"content":{"rendered":"<h4 class=\"wp-block-heading\">La Bundesagentur f\u00fcr Arbeit y el SEPE publican ofertas en el sector cuidados a mayores en Baviera con condiciones de trabajo que la asamblea de IU Berl\u00edn califica de \u00abexplotaci\u00f3n\u00bb y a las que acusa de \u00abfalta de rigor y claridad.\u00bb\u00a0<\/h4>\n\n\n\n<p>El pasado 21 de abril, la Agencia de Colocaci\u00f3n en el Extranjero (Zentrale Auslands- und Fachvermittlung) de la Agencia Alemana de Empleo (Bundesagentur f\u00fcr Arbeit) colocaba a trav\u00e9s de EURES en el Servicio P\u00fablico de Empleo (SEPE)&nbsp;<a href=\"https:\/\/www.sepe.es\/HomeSepe\/que-es-el-sepe\/comunicacion-institucional\/noticias\/detalle-noticia.html?folder=\/2021\/Abril\/&amp;detail=proceso-seleccion-eures-formacion-profesional-dual-cuidados-geriatricos\">ofertas de trabajo en el sector de cuidados a personas mayores (Altenpflege) para Baviera<\/a>. En ellas se ofertan, entre otras condiciones, formaci\u00f3n dual, cursos de alem\u00e1n y un salario bruto de 1950\u20ac\/mes desde 2022 a 2026, acabada la formaci\u00f3n inicial.<\/p>\n\n\n\n<p><strong>Luis Sanz<\/strong>, portavoz de&nbsp;<strong>IU Berl\u00edn<\/strong>, considera que \u00abestas ofertas son una trampa, porque aunque est\u00e9n en el marco de la ley vigente, pueden llevar a situaciones de extrema precariedad e incluso, seg\u00fan las cl\u00e1usulas, a adquirir deudas con empleadores\u00bb, como ya sucedi\u00f3 en 2015&nbsp;<a href=\"http:\/\/iuexterior.org\/gl\/category\/acciones\/trabajadoras-desplazadas\/\">con el caso de las ETTs en Holanda denunciado por IU Exterior<\/a>. Por eso, a\u00f1ade que \u00abel Ministerio de Trabajo y la Consejer\u00eda de Empleo en Alemania deber\u00edan poner recursos en filtrar las ofertas que llegan desde el exterior, de forma que se proteja a las trabajadoras ante posibles procesos migratorios traum\u00e1ticos\u00bb.<\/p>\n\n\n\n<p>Desde<strong>&nbsp;IU Berl\u00edn&nbsp;<\/strong>alertan de que estos empleos tienen condiciones laborales en r\u00e9gimen de explotaci\u00f3n, con un salario totalmente precario. Las ofertas se producen en el contexto de la lucha sindical por un convenio para el sector de cuidados a mayores y que ha sido bloqueado por la oposici\u00f3n de las asociaciones cristianas Caritas y Diakonie, que detentan el control de gran parte del sector.&nbsp;<a href=\"https:\/\/gesundheit-soziales.verdi.de\/mein-arbeitsplatz\/altenpflege\/++co++b5a1b88a-a744-11eb-bbb3-001a4a160110\">Desde el sindicato mayoritario Ver.di se encuentran \u00aben shock, decepcionados, cabreados y confusos\u00bb.<\/a><\/p>\n\n\n\n<p>A pesar de no tener convenio sectorial, 1950\u20ac brutos al mes (equivalente a en torno a 1.400\u20ac netos) se sit\u00faa&nbsp;<a href=\"https:\/\/oeffentlicher-dienst.info\/c\/t\/rechner\/tvoed\/p?id=tvoed-p-2021&amp;matrix=1\">400\u20ac por debajo del rango m\u00e1s bajo del convenio del sector cuidados<\/a>, que ampara, por ejemplo, a auxiliares de enfermer\u00eda con un a\u00f1o de formaci\u00f3n profesional (Grupo P6). Adem\u00e1s, se especifica que la oferta es para trabajar en Baviera, un estado federal con unos altos costes de la vida.<\/p>\n\n\n\n<p>La falta de mano de obra en el sector es sist\u00e9mica y se debe a las p\u00e9simas condiciones salariales y a la sobrecarga de trabajo, de forma que se recurre a mano de obra migrante, \u00aba la caza de quienes desconocen la situaci\u00f3n y las condiciones\u00bb como denuncia&nbsp;<strong>Estela D\u00edaz<\/strong>, profesional sanitaria en Berl\u00edn. \u00abLas condiciones laborales son de explotaci\u00f3n y adem\u00e1s hay muchas sombras: \u00bfqu\u00e9 condiciones laborales se dan hasta 2022, durante la formaci\u00f3n? \u00bfQu\u00e9 pasa si se quiere rescindir el contrato hasta 2026? La oferta carece de rigor y claridad\u00bb, sostiene&nbsp;<strong>D\u00edaz<\/strong>.<\/p>\n\n\n\n<p>No es la primera vez que se dan este tipo de ofertas, alertan desde\u00a0<strong>IU Berl\u00edn<\/strong>.\u00a0<a href=\"https:\/\/www.eldiario.es\/sociedad\/enfermeros-espanoles-alemania-organizan-precariedad_1_4834572.html\">En 2014-15 hubo denuncias masivas de contratos oscuros en el sector de la enfermer\u00eda<\/a>, que ten\u00edan cl\u00e1usulas de rescisi\u00f3n de miles de euros encriptadas en una legislaci\u00f3n que para la migraci\u00f3n es ajena. Adem\u00e1s, el periodo de formaci\u00f3n no era tal, sino que se realizaban jornadas laborales completas y muy a menudo con horas extra y largos desplazamientos a lugares mal comunicados, lo que ahondaba en un aislamiento y abandono de las trabajadoras.<\/p>\n\n\n\n<h3 class=\"wp-block-heading\">Acerca de IU Berl\u00edn<\/h3>\n\n\n\n<p>La asamblea de<strong>\u00a0IU Berl\u00edn<\/strong>\u00a0se constituy\u00f3,\u00a0<a href=\"http:\/\/iuexterior.org\/gl\/i-asamblea-de-iu-exterior\/\">tras la creaci\u00f3n de IU Exterior<\/a>, el\u00a0<strong>2 de septiembre de 2017<\/strong>. Anteriormente, su militancia participaba desde la estructura de la antigua federaci\u00f3n de IU Alemania. La asamblea se re\u00fane, regularmente y salvo excepciones, la cuarta semana de cada mes..<\/p>\n\n\n\n<p>Puedes contactar con&nbsp;<strong>IU Berl\u00edn<\/strong>&nbsp;a trav\u00e9s del correo&nbsp;<a href=\"mailto:berlin@iuexterior.org\" rel=\"noreferrer noopener\" target=\"_blank\">berlin@iuexterior.org<\/a>&nbsp;y de sus perfiles en&nbsp;<a href=\"https:\/\/www.facebook.com\/IzquierdaUnidaBerlin\" rel=\"noreferrer noopener\" target=\"_blank\">Facebook<\/a>,&nbsp;<a href=\"https:\/\/twitter.com\/IU_Berlin\" rel=\"noreferrer noopener\" target=\"_blank\">Twitter<\/a>&nbsp;e&nbsp;<a href=\"https:\/\/www.instagram.com\/iuberlin\/\" rel=\"noreferrer noopener\" target=\"_blank\">Instagram<\/a>, o seguir su actualidad a trav\u00e9s de su&nbsp;<a href=\"https:\/\/t.me\/IUBerlin\" rel=\"noreferrer noopener\" target=\"_blank\">canal de Telegram<\/a>..<\/p>\n<!-- AddThis Advanced Settings generic via filter on the_content --><!-- AddThis Share Buttons generic via filter on the_content -->","protected":false},"excerpt":{"rendered":"<p>La Bundesagentur f\u00fcr Arbeit y el SEPE publican ofertas en el sector cuidados a mayores en Baviera con condiciones de trabajo que la asamblea de IU Berl\u00edn califica de \u00abexplotaci\u00f3n\u00bb &hellip;<!-- AddThis Advanced Settings generic via filter on get_the_excerpt --><!-- AddThis Share Buttons generic via filter on get_the_excerpt --><\/p>","protected":false},"author":3,"featured_media":2435,"comment_status":"closed","ping_status":"open","sticky":false,"template":"","format":"standard","meta":{"footnotes":""},"categories":[1,8,27],"tags":[],"class_list":["post-2434","post","type-post","status-publish","format-standard","has-post-thumbnail","","category-actualidad","category-destacado","category-iu-berlin"],"yoast_head":"<!-- This site is optimized with the Yoast SEO plugin v25.7 - https:\/\/yoast.com\/wordpress\/plugins\/seo\/ -->\n<title>IU Berl\u00edn Denuncia Condiciones De Explotaci\u00f3n En Ofertas De Trabajo Del SEPE Para Alemania - Federaci\u00f3n de Izquierda Unida en el Exterior (IU Exterior)<\/title>\n<meta name=\"robots\" content=\"index, follow, max-snippet:-1, max-image-preview:large, max-video-preview:-1\" \/>\n<link rel=\"canonical\" href=\"http:\/\/iuexterior.org\/gl\/2021\/05\/05\/iu-berlin-denuncia-condiciones-de-explotacion-en-ofertas-de-trabajo-del-sepe-para-alemania\/\" \/>\n<meta property=\"og:locale\" content=\"gl_ES\" \/>\n<meta property=\"og:type\" content=\"article\" \/>\n<meta property=\"og:title\" content=\"IU Berl\u00edn Denuncia Condiciones De Explotaci\u00f3n En Ofertas De Trabajo Del SEPE Para Alemania - Federaci\u00f3n de Izquierda Unida en el Exterior (IU Exterior)\" \/>\n<meta property=\"og:description\" content=\"La Bundesagentur f\u00fcr Arbeit y el SEPE publican ofertas en el sector cuidados a mayores en Baviera con condiciones de trabajo que la asamblea de IU Berl\u00edn califica de \u00abexplotaci\u00f3n\u00bb &hellip;\" \/>\n<meta property=\"og:url\" content=\"http:\/\/iuexterior.org\/gl\/2021\/05\/05\/iu-berlin-denuncia-condiciones-de-explotacion-en-ofertas-de-trabajo-del-sepe-para-alemania\/\" \/>\n<meta property=\"og:site_name\" content=\"Federaci\u00f3n de Izquierda Unida en el Exterior (IU Exterior)\" \/>\n<meta property=\"article:published_time\" content=\"2021-05-05T10:20:01+00:00\" \/>\n<meta property=\"article:modified_time\" content=\"2021-05-05T10:20:02+00:00\" \/>\n<meta property=\"og:image\" content=\"http:\/\/iuexterior.org\/wp-content\/uploads\/2021\/05\/photo5224622627056890559.jpg\" \/>\n\t<meta property=\"og:image:width\" content=\"770\" \/>\n\t<meta property=\"og:image:height\" content=\"433\" \/>\n\t<meta property=\"og:image:type\" content=\"image\/jpeg\" \/>\n<meta name=\"author\" content=\"Alicia Gab\u00e1n\" \/>\n<meta name=\"twitter:card\" content=\"summary_large_image\" \/>\n<meta name=\"twitter:label1\" content=\"Escrito por\" \/>\n\t<meta name=\"twitter:data1\" content=\"Alicia Gab\u00e1n\" \/>\n\t<meta name=\"twitter:label2\" content=\"Tempo de lectura\" \/>\n\t<meta name=\"twitter:data2\" content=\"3 minutos\" \/>\n<script type=\"application\/ld+json\" class=\"yoast-schema-graph\">{\"@context\":\"https:\/\/schema.org\",\"@graph\":[{\"@type\":\"WebPage\",\"@id\":\"http:\/\/iuexterior.org\/eu\/2021\/05\/05\/iu-berlin-denuncia-condiciones-de-explotacion-en-ofertas-de-trabajo-del-sepe-para-alemania\/\",\"url\":\"http:\/\/iuexterior.org\/eu\/2021\/05\/05\/iu-berlin-denuncia-condiciones-de-explotacion-en-ofertas-de-trabajo-del-sepe-para-alemania\/\",\"name\":\"IU Berl\u00edn Denuncia Condiciones De Explotaci\u00f3n En Ofertas De Trabajo Del SEPE Para Alemania - Federaci\u00f3n de Izquierda Unida en el Exterior (IU Exterior)\",\"isPartOf\":{\"@id\":\"https:\/\/iuexterior.org\/ca\/#website\"},\"primaryImageOfPage\":{\"@id\":\"http:\/\/iuexterior.org\/eu\/2021\/05\/05\/iu-berlin-denuncia-condiciones-de-explotacion-en-ofertas-de-trabajo-del-sepe-para-alemania\/#primaryimage\"},\"image\":{\"@id\":\"http:\/\/iuexterior.org\/eu\/2021\/05\/05\/iu-berlin-denuncia-condiciones-de-explotacion-en-ofertas-de-trabajo-del-sepe-para-alemania\/#primaryimage\"},\"thumbnailUrl\":\"http:\/\/iuexterior.org\/wp-content\/uploads\/2021\/05\/photo5224622627056890559.jpg\",\"datePublished\":\"2021-05-05T10:20:01+00:00\",\"dateModified\":\"2021-05-05T10:20:02+00:00\",\"author\":{\"@id\":\"https:\/\/iuexterior.org\/ca\/#\/schema\/person\/0cc306dc9015c21185f0e0684d92e410\"},\"breadcrumb\":{\"@id\":\"http:\/\/iuexterior.org\/eu\/2021\/05\/05\/iu-berlin-denuncia-condiciones-de-explotacion-en-ofertas-de-trabajo-del-sepe-para-alemania\/#breadcrumb\"},\"inLanguage\":\"gl-ES\",\"potentialAction\":[{\"@type\":\"ReadAction\",\"target\":[\"http:\/\/iuexterior.org\/eu\/2021\/05\/05\/iu-berlin-denuncia-condiciones-de-explotacion-en-ofertas-de-trabajo-del-sepe-para-alemania\/\"]}]},{\"@type\":\"ImageObject\",\"inLanguage\":\"gl-ES\",\"@id\":\"http:\/\/iuexterior.org\/eu\/2021\/05\/05\/iu-berlin-denuncia-condiciones-de-explotacion-en-ofertas-de-trabajo-del-sepe-para-alemania\/#primaryimage\",\"url\":\"http:\/\/iuexterior.org\/wp-content\/uploads\/2021\/05\/photo5224622627056890559.jpg\",\"contentUrl\":\"http:\/\/iuexterior.org\/wp-content\/uploads\/2021\/05\/photo5224622627056890559.jpg\",\"width\":770,\"height\":433},{\"@type\":\"BreadcrumbList\",\"@id\":\"http:\/\/iuexterior.org\/eu\/2021\/05\/05\/iu-berlin-denuncia-condiciones-de-explotacion-en-ofertas-de-trabajo-del-sepe-para-alemania\/#breadcrumb\",\"itemListElement\":[{\"@type\":\"ListItem\",\"position\":1,\"name\":\"Portada\",\"item\":\"https:\/\/iuexterior.org\/de\/\"},{\"@type\":\"ListItem\",\"position\":2,\"name\":\"IU Berl\u00edn Denuncia Condiciones De Explotaci\u00f3n En Ofertas De Trabajo Del SEPE Para Alemania\"}]},{\"@type\":\"WebSite\",\"@id\":\"https:\/\/iuexterior.org\/ca\/#website\",\"url\":\"https:\/\/iuexterior.org\/ca\/\",\"name\":\"Federaci\u00f3n de Izquierda Unida en el Exterior (IU Exterior)\",\"description\":\"La federaci\u00f3n de IU para la ciudadan\u00eda espa\u00f1ola emigrada.\",\"potentialAction\":[{\"@type\":\"SearchAction\",\"target\":{\"@type\":\"EntryPoint\",\"urlTemplate\":\"https:\/\/iuexterior.org\/ca\/?s={search_term_string}\"},\"query-input\":{\"@type\":\"PropertyValueSpecification\",\"valueRequired\":true,\"valueName\":\"search_term_string\"}}],\"inLanguage\":\"gl-ES\"},{\"@type\":\"Person\",\"@id\":\"https:\/\/iuexterior.org\/ca\/#\/schema\/person\/0cc306dc9015c21185f0e0684d92e410\",\"name\":\"Alicia Gab\u00e1n\",\"image\":{\"@type\":\"ImageObject\",\"inLanguage\":\"gl-ES\",\"@id\":\"https:\/\/iuexterior.org\/ca\/#\/schema\/person\/image\/\",\"url\":\"https:\/\/secure.gravatar.com\/avatar\/df0b72f6e92404b4e1f3b74c185179a121a04b2aa101c4b564859d290506f307?s=96&d=mm&r=g\",\"contentUrl\":\"https:\/\/secure.gravatar.com\/avatar\/df0b72f6e92404b4e1f3b74c185179a121a04b2aa101c4b564859d290506f307?s=96&d=mm&r=g\",\"caption\":\"Alicia Gab\u00e1n\"},\"url\":\"http:\/\/iuexterior.org\/gl\/author\/aliciagaban\/\"}]}<\/script>\n<!-- \/ Yoast SEO plugin. -->","yoast_head_json":{"title":"IU Berl\u00edn Denuncia Condiciones De Explotaci\u00f3n En Ofertas De Trabajo Del SEPE Para Alemania - Federaci\u00f3n de Izquierda Unida en el Exterior (IU Exterior)","robots":{"index":"index","follow":"follow","max-snippet":"max-snippet:-1","max-image-preview":"max-image-preview:large","max-video-preview":"max-video-preview:-1"},"canonical":"http:\/\/iuexterior.org\/gl\/2021\/05\/05\/iu-berlin-denuncia-condiciones-de-explotacion-en-ofertas-de-trabajo-del-sepe-para-alemania\/","og_locale":"gl_ES","og_type":"article","og_title":"IU Berl\u00edn Denuncia Condiciones De Explotaci\u00f3n En Ofertas De Trabajo Del SEPE Para Alemania - Federaci\u00f3n de Izquierda Unida en el Exterior (IU Exterior)","og_description":"La Bundesagentur f\u00fcr Arbeit y el SEPE publican ofertas en el sector cuidados a mayores en Baviera con condiciones de trabajo que la asamblea de IU Berl\u00edn califica de \u00abexplotaci\u00f3n\u00bb &hellip;","og_url":"http:\/\/iuexterior.org\/gl\/2021\/05\/05\/iu-berlin-denuncia-condiciones-de-explotacion-en-ofertas-de-trabajo-del-sepe-para-alemania\/","og_site_name":"Federaci\u00f3n de Izquierda Unida en el Exterior (IU Exterior)","article_published_time":"2021-05-05T10:20:01+00:00","article_modified_time":"2021-05-05T10:20:02+00:00","og_image":[{"width":770,"height":433,"url":"http:\/\/iuexterior.org\/wp-content\/uploads\/2021\/05\/photo5224622627056890559.jpg","type":"image\/jpeg"}],"author":"Alicia Gab\u00e1n","twitter_card":"summary_large_image","twitter_misc":{"Escrito por":"Alicia Gab\u00e1n","Tempo de lectura":"3 minutos"},"schema":{"@context":"https:\/\/schema.org","@graph":[{"@type":"WebPage","@id":"http:\/\/iuexterior.org\/eu\/2021\/05\/05\/iu-berlin-denuncia-condiciones-de-explotacion-en-ofertas-de-trabajo-del-sepe-para-alemania\/","url":"http:\/\/iuexterior.org\/eu\/2021\/05\/05\/iu-berlin-denuncia-condiciones-de-explotacion-en-ofertas-de-trabajo-del-sepe-para-alemania\/","name":"IU Berl\u00edn Denuncia Condiciones De Explotaci\u00f3n En Ofertas De Trabajo Del SEPE Para Alemania - Federaci\u00f3n de Izquierda Unida en el Exterior (IU Exterior)","isPartOf":{"@id":"https:\/\/iuexterior.org\/ca\/#website"},"primaryImageOfPage":{"@id":"http:\/\/iuexterior.org\/eu\/2021\/05\/05\/iu-berlin-denuncia-condiciones-de-explotacion-en-ofertas-de-trabajo-del-sepe-para-alemania\/#primaryimage"},"image":{"@id":"http:\/\/iuexterior.org\/eu\/2021\/05\/05\/iu-berlin-denuncia-condiciones-de-explotacion-en-ofertas-de-trabajo-del-sepe-para-alemania\/#primaryimage"},"thumbnailUrl":"http:\/\/iuexterior.org\/wp-content\/uploads\/2021\/05\/photo5224622627056890559.jpg","datePublished":"2021-05-05T10:20:01+00:00","dateModified":"2021-05-05T10:20:02+00:00","author":{"@id":"https:\/\/iuexterior.org\/ca\/#\/schema\/person\/0cc306dc9015c21185f0e0684d92e410"},"breadcrumb":{"@id":"http:\/\/iuexterior.org\/eu\/2021\/05\/05\/iu-berlin-denuncia-condiciones-de-explotacion-en-ofertas-de-trabajo-del-sepe-para-alemania\/#breadcrumb"},"inLanguage":"gl-ES","potentialAction":[{"@type":"ReadAction","target":["http:\/\/iuexterior.org\/eu\/2021\/05\/05\/iu-berlin-denuncia-condiciones-de-explotacion-en-ofertas-de-trabajo-del-sepe-para-alemania\/"]}]},{"@type":"ImageObject","inLanguage":"gl-ES","@id":"http:\/\/iuexterior.org\/eu\/2021\/05\/05\/iu-berlin-denuncia-condiciones-de-explotacion-en-ofertas-de-trabajo-del-sepe-para-alemania\/#primaryimage","url":"http:\/\/iuexterior.org\/wp-content\/uploads\/2021\/05\/photo5224622627056890559.jpg","contentUrl":"http:\/\/iuexterior.org\/wp-content\/uploads\/2021\/05\/photo5224622627056890559.jpg","width":770,"height":433},{"@type":"BreadcrumbList","@id":"http:\/\/iuexterior.org\/eu\/2021\/05\/05\/iu-berlin-denuncia-condiciones-de-explotacion-en-ofertas-de-trabajo-del-sepe-para-alemania\/#breadcrumb","itemListElement":[{"@type":"ListItem","position":1,"name":"Portada","item":"https:\/\/iuexterior.org\/de\/"},{"@type":"ListItem","position":2,"name":"IU Berl\u00edn Denuncia Condiciones De Explotaci\u00f3n En Ofertas De Trabajo Del SEPE Para Alemania"}]},{"@type":"WebSite","@id":"https:\/\/iuexterior.org\/ca\/#website","url":"https:\/\/iuexterior.org\/ca\/","name":"Federaci\u00f3n de Izquierda Unida en el Exterior (IU Exterior)","description":"La federaci\u00f3n de IU para la ciudadan\u00eda espa\u00f1ola emigrada.","potentialAction":[{"@type":"SearchAction","target":{"@type":"EntryPoint","urlTemplate":"https:\/\/iuexterior.org\/ca\/?s={search_term_string}"},"query-input":{"@type":"PropertyValueSpecification","valueRequired":true,"valueName":"search_term_string"}}],"inLanguage":"gl-ES"},{"@type":"Person","@id":"https:\/\/iuexterior.org\/ca\/#\/schema\/person\/0cc306dc9015c21185f0e0684d92e410","name":"Alicia Gab\u00e1n","image":{"@type":"ImageObject","inLanguage":"gl-ES","@id":"https:\/\/iuexterior.org\/ca\/#\/schema\/person\/image\/","url":"https:\/\/secure.gravatar.com\/avatar\/df0b72f6e92404b4e1f3b74c185179a121a04b2aa101c4b564859d290506f307?s=96&d=mm&r=g","contentUrl":"https:\/\/secure.gravatar.com\/avatar\/df0b72f6e92404b4e1f3b74c185179a121a04b2aa101c4b564859d290506f307?s=96&d=mm&r=g","caption":"Alicia Gab\u00e1n"},"url":"http:\/\/iuexterior.org\/gl\/author\/aliciagaban\/"}]}},"_links":{"self":[{"href":"http:\/\/iuexterior.org\/gl\/wp-json\/wp\/v2\/posts\/2434","targetHints":{"allow":["GET"]}}],"collection":[{"href":"http:\/\/iuexterior.org\/gl\/wp-json\/wp\/v2\/posts"}],"about":[{"href":"http:\/\/iuexterior.org\/gl\/wp-json\/wp\/v2\/types\/post"}],"author":[{"embeddable":true,"href":"http:\/\/iuexterior.org\/gl\/wp-json\/wp\/v2\/users\/3"}],"replies":[{"embeddable":true,"href":"http:\/\/iuexterior.org\/gl\/wp-json\/wp\/v2\/comments?post=2434"}],"version-history":[{"count":0,"href":"http:\/\/iuexterior.org\/gl\/wp-json\/wp\/v2\/posts\/2434\/revisions"}],"wp:featuredmedia":[{"embeddable":true,"href":"http:\/\/iuexterior.org\/gl\/wp-json\/wp\/v2\/media\/2435"}],"wp:attachment":[{"href":"http:\/\/iuexterior.org\/gl\/wp-json\/wp\/v2\/media?parent=2434"}],"wp:term":[{"taxonomy":"category","embeddable":true,"href":"http:\/\/iuexterior.org\/gl\/wp-json\/wp\/v2\/categories?post=2434"},{"taxonomy":"post_tag","embeddable":true,"href":"http:\/\/iuexterior.org\/gl\/wp-json\/wp\/v2\/tags?post=2434"}],"curies":[{"name":"wp","href":"https:\/\/api.w.org\/{rel}","templated":true}]}}