{"id":2276,"date":"2021-02-17T09:00:00","date_gmt":"2021-02-17T08:00:00","guid":{"rendered":"http:\/\/iuexterior.org\/?p=2276"},"modified":"2021-02-16T12:32:10","modified_gmt":"2021-02-16T11:32:10","slug":"iu-berlin-cierra-con-exito-dos-anos-de-formacion-politica","status":"publish","type":"post","link":"http:\/\/iuexterior.org\/gl\/2021\/02\/17\/iu-berlin-cierra-con-exito-dos-anos-de-formacion-politica\/","title":{"rendered":"IU Berl\u00edn cierra con \u00e9xito dos a\u00f1os de formaci\u00f3n pol\u00edtica"},"content":{"rendered":"<h4 class=\"wp-block-heading\">El Grupo de Lectura y Debate Pol\u00edtico de la asamblea de Izquierda Unida en la capital alemana pone fin a un programa de formaci\u00f3n marxista que empez\u00f3 en enero de 2019.<\/h4>\n\n\n\n<p class=\"wp-block-paragraph\"><strong>Marx, Zetkin, Engels, Luxemburgo, Lenin, Kollontai<\/strong>\u2026 Son muchas las p\u00e1ginas que se han abierto paso durante dos a\u00f1os del Grupo de Lectura y Debate Pol\u00edtico organizado por la asamblea de la <strong>federaci\u00f3n de Izquierda Unida en el Exterior en Berl\u00edn (IU Berl\u00edn)<\/strong> desde que arrancara en enero de 2019. Hoy, mi\u00e9rcoles 17 de febrero, se pone fin al programa dise\u00f1ado por la asamblea, con las \u00faltimas p\u00e1ginas del libro <em>Un partido con paredes de cristal<\/em> de <strong>Alvaro Cunhal<\/strong>, hist\u00f3rico l\u00edder del <strong>Partido Comunista de Portugal<\/strong>.<\/p>\n\n\n\n<p class=\"wp-block-paragraph\"><em>\u00abEl objetivo de este grupo era desarrollar unas nociones te\u00f3ricas b\u00e1sicas para analizar la realidad de manera cient\u00edfica y as\u00ed poder incidir sobre ella hasta transformarla\u00bb<\/em>, aclara <strong>\u00d3scar Carri\u00f3n<\/strong>, uno de los miembros del grupo motor que ha organizado este proyecto de formaci\u00f3n. <em>\u00abEste plan de lecturas aporta los conocimientos de filosof\u00eda y econom\u00eda necesarios para continuar y profundizar el estudio\u00bb<\/em>.<\/p>\n\n\n\n<p class=\"wp-block-paragraph\">Originalmente, las sesiones se realizaron presencialmente hasta que la pandemia hizo que el grupo pasara a formato virtual, algo que tambi\u00e9n ha permitido que gente de fuera de Berl\u00edn se sumara a las sesiones de formaci\u00f3n. Adem\u00e1s, este proyecto de formaci\u00f3n tambi\u00e9n se est\u00e1 llevando a t\u00e9rmino en la asamblea de IU Toulouse, que arranc\u00f3 unos meses m\u00e1s tarde. De hecho, <strong>Luis Sanz (IU Berl\u00edn)<\/strong> y <strong>Julia Macera (IU Toulouse)<\/strong> participaron dentro del ciclo de charlas <em><a href=\"https:\/\/www.youtube.com\/watch?v=YH8cZCsx5wk&amp;list=PLk4mOxTjnS0HY2x7VAyZG_srsX8OfasCY\" target=\"_blank\" rel=\"noreferrer noopener\">#Formaci\u00f3nExterior<\/a><\/em>, organizado por <strong>IU Exterior<\/strong>, con la charla <a href=\"https:\/\/www.facebook.com\/IUExterior\/videos\/229704948121098\"><em>Nociones b\u00e1sicas de marxismo<\/em><\/a>, donde se hizo un repaso de ciertas nociones y conceptos trabajados en los grupos de lectura respectivos.<\/p>\n\n\n\n<figure class=\"wp-block-embed is-type-rich is-provider-gestor-del-servicio wp-block-embed-gestor-del-servicio wp-embed-aspect-16-9 wp-has-aspect-ratio\"><div class=\"wp-block-embed__wrapper\">\n<iframe loading=\"lazy\" title=\"#Formaci\u00f3nExterior con Julia Macera y Luis Sanz - &#039;Principios de marxismo&#039;\" width=\"618\" height=\"348\" src=\"https:\/\/www.youtube.com\/embed\/859mo8T9L9M?feature=oembed\" frameborder=\"0\" allow=\"accelerometer; autoplay; clipboard-write; encrypted-media; gyroscope; picture-in-picture; web-share\" referrerpolicy=\"strict-origin-when-cross-origin\" allowfullscreen><\/iframe>\n<\/div><\/figure>\n\n\n\n<p class=\"wp-block-paragraph\">El balance del grupo ha sido positivo para la asamblea, pues ha permitido desarrollar debates ideol\u00f3gicos y pol\u00edticos en un ambiente distendido y alejado de la urgencia de la actualidad pol\u00edtica. Adem\u00e1s, ha acercado al debate pol\u00edtico a personas que no siempre militan en una organizaci\u00f3n pol\u00edtica. <em>\u00abEs una experiencia enriquecedora tanto a nivel intelectual como personal, una puerta directa a unas lecturas muchas veces olvidadas y que recuperamos y analizamos en conjunto\u00bb<\/em>, comenta <strong>Gema Pe\u00f1a<\/strong>, tambi\u00e9n miembro del grupo motor. <em>\u00abEspero que se repita\u00bb<\/em>.<\/p>\n\n\n\n<p class=\"wp-block-paragraph\">Este mi\u00e9rcoles 17 de febrero se cierra un ciclo de formaci\u00f3n de dos a\u00f1os. Sin embargo, desde la asamblea ya est\u00e1n pensando f\u00f3rmulas para seguir con la formaci\u00f3n. <em>\u00abSe discutir\u00e1 en la federaci\u00f3n y fundamentalmente en la asamblea c\u00f3mo continuar el grupo de lectura, d\u00f3nde profundizar o qu\u00e9 din\u00e1micas cambiar para conseguir involucrar a m\u00e1s gente no solo en la lectura y debate de los textos, sino tambi\u00e9n en la organizaci\u00f3n del grupo y en el dise\u00f1o de los ciclos y selecci\u00f3n de las lecturas\u00bb<\/em>, comenta <strong>Luis Sanz, portavoz de IU Berl\u00edn<\/strong>. <em>\u00abEn cualquier caso, tenemos claro que la formaci\u00f3n es un pilar fundamental del trabajo pol\u00edtico de nuestra asamblea<\/em>\u00bb.<\/p>\n\n\n\n<h2 class=\"wp-block-heading\">Acerca de IU Exterior<\/h2>\n\n\n\n<p class=\"wp-block-paragraph translation-block\">La&nbsp;<strong>Federaci\u00f3n del Exterior de Izquierda Unida<\/strong>&nbsp;<a href=\"http:\/\/iuexterior.org\/gl\/2017\/04\/30\/la-federacion-del-exterior-de-iu-nace-para-movilizar-politicamente-a-la-emigracion-espanola\/\" target=\"_self\">naci\u00f3 en abril de 2017<\/a>&nbsp;para movilizar pol\u00edticamente a la emigraci\u00f3n espa\u00f1ola y darle voz a sus reivindicaciones. Actualmente contamos con asambleas estables en&nbsp;<a href=\"http:\/\/iuexterior.org\/gl\/Bruselas\/\" rel=\"noreferrer noopener\" target=\"_self\">Bruselas<\/a>, B\u00e9lgica;&nbsp;<a href=\"http:\/\/iuexterior.org\/gl\/Berlin\/\" rel=\"noreferrer noopener\" target=\"_self\">Berl\u00edn<\/a>&nbsp;y&nbsp;<a href=\"http:\/\/iuexterior.org\/gl\/Frankfurt\/\" rel=\"noreferrer noopener\" target=\"_self\">Frankfurt<\/a>, en Alemania;&nbsp;<a href=\"http:\/\/iuexterior.org\/gl\/Luexmburgo\/\" rel=\"noreferrer noopener\" target=\"_self\">Luxemburgo<\/a>;&nbsp;<a href=\"http:\/\/iuexterior.org\/gl\/Zurich\/\" rel=\"noreferrer noopener\" target=\"_self\">Z\u00farich<\/a>, en Suiza; en&nbsp;<a href=\"http:\/\/iuexterior.org\/gl\/Lyon\/\" target=\"_self\">Lyon<\/a>&nbsp;y&nbsp;<a href=\"http:\/\/iuexterior.org\/gl\/Toulouse\/\" rel=\"noreferrer noopener\" target=\"_self\">Toulouse<\/a>, en Francia; y tanto en&nbsp;la&nbsp;<a href=\"http:\/\/iuexterior.org\/gl\/BuenosAires\/\" rel=\"noreferrer noopener\" target=\"_self\">Ciudad de Buenos Aires<\/a>&nbsp;como en la&nbsp;<a href=\"http:\/\/iuexterior.org\/gl\/provinciabuenosaires\/\" rel=\"noreferrer noopener\" target=\"_self\">Provincia de Buenos Aires<\/a>, Argentina. Adem\u00e1s, la federaci\u00f3n dispone de la asamblea&nbsp;<a href=\"http:\/\/iuexterior.org\/gl\/Global\/\" rel=\"noreferrer noopener\" target=\"_self\">IU Global<\/a>, por medio de la cual participa la militancia dispersa por el mundo sin acceso a una asamblea local propia.<\/p>\n\n\n\n<p class=\"wp-block-paragraph translation-block\">Puedes contactar con&nbsp;<strong>IU Exterior<\/strong>&nbsp;a trav\u00e9s del correo&nbsp;<a href=\"mailto:exterior@izquierdaunida.org\" rel=\"noreferrer noopener\" target=\"_self\"><strong>exterior@izquierdaunida.org<\/strong><\/a>&nbsp;o de nuestros perfiles en&nbsp;<a href=\"https:\/\/www.facebook.com\/IUExterior\/\" rel=\"noreferrer noopener\" target=\"_self\"><strong>Facebook<\/strong><\/a>,&nbsp;<a href=\"https:\/\/twitter.com\/IUExterior\/\" rel=\"noreferrer noopener\" target=\"_self\"><strong>Twitter<\/strong><\/a>&nbsp;e&nbsp;<a href=\"https:\/\/www.instagram.com\/IUExterior\/\" rel=\"noreferrer noopener\" target=\"_self\"><strong>Instagram<\/strong><\/a>.<\/p>","protected":false},"excerpt":{"rendered":"<p>El Grupo de Lectura y Debate Pol\u00edtico de la asamblea de Izquierda Unida en la capital alemana pone fin a un programa de formaci\u00f3n marxista que empez\u00f3 en enero de &hellip;<\/p>","protected":false},"author":2,"featured_media":2279,"comment_status":"closed","ping_status":"closed","sticky":false,"template":"","format":"standard","meta":{"wds_primary_category":0,"footnotes":""},"categories":[110,1,25,8,123,27],"tags":[],"class_list":["post-2276","post","type-post","status-publish","format-standard","has-post-thumbnail","","category-acciones","category-actualidad","category-asambleas","category-destacado","category-formacion","category-iu-berlin"],"_links":{"self":[{"href":"http:\/\/iuexterior.org\/gl\/wp-json\/wp\/v2\/posts\/2276","targetHints":{"allow":["GET"]}}],"collection":[{"href":"http:\/\/iuexterior.org\/gl\/wp-json\/wp\/v2\/posts"}],"about":[{"href":"http:\/\/iuexterior.org\/gl\/wp-json\/wp\/v2\/types\/post"}],"author":[{"embeddable":true,"href":"http:\/\/iuexterior.org\/gl\/wp-json\/wp\/v2\/users\/2"}],"replies":[{"embeddable":true,"href":"http:\/\/iuexterior.org\/gl\/wp-json\/wp\/v2\/comments?post=2276"}],"version-history":[{"count":1,"href":"http:\/\/iuexterior.org\/gl\/wp-json\/wp\/v2\/posts\/2276\/revisions"}],"predecessor-version":[{"id":2280,"href":"http:\/\/iuexterior.org\/gl\/wp-json\/wp\/v2\/posts\/2276\/revisions\/2280"}],"wp:featuredmedia":[{"embeddable":true,"href":"http:\/\/iuexterior.org\/gl\/wp-json\/wp\/v2\/media\/2279"}],"wp:attachment":[{"href":"http:\/\/iuexterior.org\/gl\/wp-json\/wp\/v2\/media?parent=2276"}],"wp:term":[{"taxonomy":"category","embeddable":true,"href":"http:\/\/iuexterior.org\/gl\/wp-json\/wp\/v2\/categories?post=2276"},{"taxonomy":"post_tag","embeddable":true,"href":"http:\/\/iuexterior.org\/gl\/wp-json\/wp\/v2\/tags?post=2276"}],"curies":[{"name":"wp","href":"https:\/\/api.w.org\/{rel}","templated":true}]}}