{"id":196,"date":"2018-01-24T10:30:33","date_gmt":"2018-01-24T09:30:33","guid":{"rendered":"http:\/\/iuexterior.org\/?p=196"},"modified":"2020-04-29T20:38:30","modified_gmt":"2020-04-29T18:38:30","slug":"iu-exterior-denuncia-en-el-congreso-la-explotacion-de-trabajadoras-y-trabajadores-espanoles-en-holanda","status":"publish","type":"post","link":"http:\/\/iuexterior.org\/gl\/2018\/01\/24\/iu-exterior-denuncia-en-el-congreso-la-explotacion-de-trabajadoras-y-trabajadores-espanoles-en-holanda\/","title":{"rendered":"IU Exterior denuncia en el Congreso la explotaci\u00f3n de trabajadoras y trabajadores espa\u00f1oles en Holanda"},"content":{"rendered":"<blockquote>\n<h4><strong>El diputado Miguel \u00c1ngel Bustamante, a iniciativa de IU Exterior, pregunta al Gobierno por las condiciones de semiesclavitud de empleados extranjeros en ETTs holandesas<\/strong><\/h4>\n<\/blockquote>\n<p>La <strong>falta de oportunidades<\/strong> ha empujado a la emigraci\u00f3n a cerca de dos millones de personas en Espa\u00f1a en busca de un futuro mejor. Pero desgraciadamente, en muchos casos, <strong>la emigraci\u00f3n no supone una mejora<\/strong> en las condiciones de vida de las personas trabajadoras, sino todo lo contrario.<\/p>\n<p><iframe loading=\"lazy\" src=\"https:\/\/www.facebook.com\/plugins\/video.php?href=https%3A%2F%2Fwww.facebook.com%2FIUExterior%2Fvideos%2F205711769992698%2F&amp;show_text=0&amp;width=476\" width=\"476\" height=\"476\" style=\"border:none;overflow:hidden\" scrolling=\"no\" frameborder=\"0\" allowtransparency=\"true\" allowfullscreen=\"true\"><\/iframe><\/p>\n<p>El informe \u00abTrabajar en Holanda\u00bb, publicado en 2017 por CCOO, destapa numerosos casos de <strong>explotaci\u00f3n laboral<\/strong> en ETTs de los Pa\u00edses Bajos, principalmente en el \u00e1mbito de la log\u00edstica. El informe ilustra incluso condiciones de<strong> semiesclavitud, <\/strong>con <strong>contratos de \u00abcero horas\u00bb<\/strong> frecuentes y n\u00f3minas que en algunos casos terminan siendo negativas. Las trabajadoras se alojan en <strong>campamentos improvisados<\/strong>, con habituales visitas de la polic\u00eda y casos de extorsi\u00f3n.<\/p>\n<p>El co-portavoz de IU Exterior, <strong>Eduardo V\u00e9lazquez<\/strong>, se entrevist\u00f3 en Holanda con varias de las personas afectadas para conocer de primera mano su situaci\u00f3n. Posteriormente, a petici\u00f3n de IU Exterior, el diputado de IU <strong>Miguel \u00c1ngel Bustamente<\/strong> registr\u00f3 en el Congreso varias preguntas al Gobierno acerca de esta problem\u00e1tica el pasado viernes 19 de enero.<\/p>\n<p>Desde IU Exterior <strong>denunciamos la explotaci\u00f3n laboral<\/strong>, y en algunos casos la semiesclavitud, en la que viven numerosos trabajadores y trabajadoras espa\u00f1oles que han tenido que emigrar de nuestro pa\u00eds por falta de oportunidades. Emplazamos al Gobierno espa\u00f1ol a que responda a las preguntas de Miguel \u00c1ngel Bustamante y a que solucione r\u00e1pidamente los urgentes problemas de estos ciudadanos y ciudadanas.<\/p>\n<figure id=\"attachment_206\" aria-describedby=\"caption-attachment-206\" style=\"width: 717px\" class=\"wp-caption aligncenter\"><img loading=\"lazy\" decoding=\"async\" class=\"wp-image-206 size-full\" src=\"http:\/\/iuexterior.org\/wp-content\/uploads\/2018\/01\/edu-busta-2-copia.jpg\" alt=\"\" width=\"717\" height=\"422\" srcset=\"http:\/\/iuexterior.org\/wp-content\/uploads\/2018\/01\/edu-busta-2-copia.jpg 717w, http:\/\/iuexterior.org\/wp-content\/uploads\/2018\/01\/edu-busta-2-copia-300x177.jpg 300w\" sizes=\"auto, (max-width: 717px) 100vw, 717px\" \/><figcaption id=\"caption-attachment-206\" class=\"wp-caption-text\">A la izquierda, M.A. Bustamante y Eduardo Vel\u00e1zquez, durante la reuni\u00f3n<\/figcaption><\/figure>\n<p>&nbsp;<\/p>\n<p>&nbsp;<\/p>\n<p>&nbsp;<\/p>\n<p>&nbsp;<\/p>","protected":false},"excerpt":{"rendered":"<p>El diputado Miguel \u00c1ngel Bustamante, a iniciativa de IU Exterior, pregunta al Gobierno por las condiciones de semiesclavitud de empleados extranjeros en ETTs holandesas La falta de oportunidades ha empujado &hellip;<\/p>","protected":false},"author":1,"featured_media":197,"comment_status":"closed","ping_status":"closed","sticky":false,"template":"","format":"standard","meta":{"wds_primary_category":0,"footnotes":""},"categories":[110,1,8,4,115],"tags":[7,12,13],"class_list":["post-196","post","type-post","status-publish","format-standard","has-post-thumbnail","","category-acciones","category-actualidad","category-destacado","category-documentos","category-trabajadoras-desplazadas","tag-derechos-laborales","tag-emigracion","tag-iuexterior"],"_links":{"self":[{"href":"http:\/\/iuexterior.org\/gl\/wp-json\/wp\/v2\/posts\/196","targetHints":{"allow":["GET"]}}],"collection":[{"href":"http:\/\/iuexterior.org\/gl\/wp-json\/wp\/v2\/posts"}],"about":[{"href":"http:\/\/iuexterior.org\/gl\/wp-json\/wp\/v2\/types\/post"}],"author":[{"embeddable":true,"href":"http:\/\/iuexterior.org\/gl\/wp-json\/wp\/v2\/users\/1"}],"replies":[{"embeddable":true,"href":"http:\/\/iuexterior.org\/gl\/wp-json\/wp\/v2\/comments?post=196"}],"version-history":[{"count":20,"href":"http:\/\/iuexterior.org\/gl\/wp-json\/wp\/v2\/posts\/196\/revisions"}],"predecessor-version":[{"id":1695,"href":"http:\/\/iuexterior.org\/gl\/wp-json\/wp\/v2\/posts\/196\/revisions\/1695"}],"wp:featuredmedia":[{"embeddable":true,"href":"http:\/\/iuexterior.org\/gl\/wp-json\/wp\/v2\/media\/197"}],"wp:attachment":[{"href":"http:\/\/iuexterior.org\/gl\/wp-json\/wp\/v2\/media?parent=196"}],"wp:term":[{"taxonomy":"category","embeddable":true,"href":"http:\/\/iuexterior.org\/gl\/wp-json\/wp\/v2\/categories?post=196"},{"taxonomy":"post_tag","embeddable":true,"href":"http:\/\/iuexterior.org\/gl\/wp-json\/wp\/v2\/tags?post=196"}],"curies":[{"name":"wp","href":"https:\/\/api.w.org\/{rel}","templated":true}]}}