{"id":1210,"date":"2019-06-14T10:09:41","date_gmt":"2019-06-14T08:09:41","guid":{"rendered":"http:\/\/iuexterior.org\/?p=1210"},"modified":"2020-04-30T10:11:09","modified_gmt":"2020-04-30T08:11:09","slug":"iu-berlin-nombra-una-nueva-coordinadora-local","status":"publish","type":"post","link":"http:\/\/iuexterior.org\/gl\/2019\/06\/14\/iu-berlin-nombra-una-nueva-coordinadora-local\/","title":{"rendered":"IU Berl\u00edn nombra una nueva Coordinadora Local"},"content":{"rendered":"<p class=\"has-medium-font-size wp-block-paragraph\">Norma Lorenzo ha sido elegida como nueva portavoz y responsable de organizaci\u00f3n de la asamblea. Jaime Mart\u00ednez, hasta ahora coordinador de la agrupaci\u00f3n, asume la responsabilidad de Comunicaci\u00f3n y Redes, mientras que Luis Sanz ejercer\u00e1 de responsable de Acci\u00f3n Pol\u00edtica.<\/p>\n\n\n\n<p class=\"wp-block-paragraph\">La asamblea de <strong>Izquierda Unida en Berl\u00edn <\/strong>(<strong>IU Berl\u00edn<\/strong>) ha elegido este <strong>jueves, 13 de junio<\/strong>, una nueva Coordinadora Local tras dos a\u00f1os de cocoordinaci\u00f3n ejercida por <strong>Mar\u00eda Mart\u00ednez <\/strong>(quien renunci\u00f3 hace un a\u00f1o para asumir la coportavoc\u00eda de la federaci\u00f3n de <strong>IU Exterior<\/strong>) y <strong>Jaime Mart\u00ednez<\/strong>, coordinador saliente. La nueva Coordinadora Local, \u00fanica candidatura presentada para la renovaci\u00f3n, se compondr\u00e1 de tres personas: <strong>Norma Lorenzo<\/strong> en la responsabilidad de <strong>Portavoc\u00eda y Organizaci\u00f3n<\/strong>, <strong>Luis Sanz <\/strong>en la de <strong>Acci\u00f3n Pol\u00edtica<\/strong>, y <strong>Jaime Mart\u00ednez <\/strong>en la de <strong>Comunicaci\u00f3n y Redes<\/strong>.<\/p>\n\n\n\n<p class=\"wp-block-paragraph\"><em>\u00abLa asamblea ha crecido en los dos \u00faltimos a\u00f1os, no solo en afiliaci\u00f3n y simpatizantes, sino tambi\u00e9n en actividad\u00bb<\/em>, ha valorado el coordinador saliente. <strong>Jaime Mart\u00ednez <\/strong>atribuye este \u00e9xito a <em>\u00abla implicaci\u00f3n en las luchas por los derechos de la emigraci\u00f3n espa\u00f1ola en Berl\u00edn y la colaboraci\u00f3n con organizaciones locales de izquierdas, adem\u00e1s de a la constituci\u00f3n de la federaci\u00f3n de IU Exterior\u00bb<\/em>.<\/p>\n\n\n\n<p class=\"wp-block-paragraph\">La nueva portavoz de <strong>IU Berl\u00edn<\/strong>, <strong>Norma Lorenzo<\/strong>, asume la responsabilidad para los dos pr\u00f3ximos a\u00f1os para reforzar la presencia de IU <em>\u00aben las calles y en los foros de debate, especialmente los relacionados con el derecho a la vivienda, la solidaridad internacional y la memoria hist\u00f3rica\u00bb<\/em>. De esta forma pretende que, pasado el ciclo electoral, se pueda <em>\u00abempezar a construir un bloque pol\u00edtico y social que pueda en un futuro ayudar a transformar la sociedad tanto en Berl\u00edn como en Espa\u00f1a\u00bb<\/em>.<\/p>\n\n\n\n<p class=\"wp-block-paragraph\">Para <strong>Mar\u00eda Mart\u00ednez<\/strong>, coportavoz de <strong>IU Exterior <\/strong>y militante de <strong>IU Berl\u00edn<\/strong>, el relevo en la Coordinadora Local es <em>\u00abun reflejo de la din\u00e1mica de la militancia en el exterior, donde las nuevas y anteriores oleadas migratorias confluyen para seguir luchando por sus derechos como sujeto pol\u00edtico y reivindicando su creciente papel en los procesos democratizadores de nuestro pa\u00eds. Adem\u00e1s, me alegra que cada d\u00eda haya mas mujeres en la primera l\u00ednea pol\u00edtica\u00bb.<\/em><\/p>\n\n\n\n<p class=\"wp-block-paragraph\">La federaci\u00f3n de <strong>IU Exterior <\/strong>agradece a la anterior Coordinadora Local de <strong>IU Berl\u00edn<\/strong>, encabezada por <strong>Jaime Mart\u00ednez<\/strong>, la enorme labor realizada por los derechos de la emigraci\u00f3n espa\u00f1ola radicada en la capital alemana, y desea los mayores aciertos al equipo entrante.<\/p>\n\n\n\n<h2 class=\"wp-block-heading\">Acerca de IU Exterior<\/h2>\n\n\n\n<p class=\"wp-block-paragraph\">La&nbsp;<strong>Federaci\u00f3n del Exterior de Izquierda Unida <\/strong><a href=\"http:\/\/iuexterior.org\/gl\/2017\/04\/30\/la-federacion-del-exterior-de-iu-nace-para-movilizar-politicamente-a-la-emigracion-espanola\/\">naci\u00f3 en abril de 2017<\/a>&nbsp;para movilizar pol\u00edticamente a la emigraci\u00f3n espa\u00f1ola y darle voz a sus reivindicaciones. Actualmente contamos con asambleas estables en&nbsp;<a rel=\"noreferrer noopener\" href=\"https:\/\/www.facebook.com\/IUBruselas\/\" target=\"_blank\">Bruselas<\/a>, B\u00e9lgica;&nbsp;<a rel=\"noreferrer noopener\" href=\"https:\/\/www.facebook.com\/iuberlin\/\" target=\"_blank\">Berl\u00edn<\/a>&nbsp;y&nbsp;<a rel=\"noreferrer noopener\" href=\"https:\/\/www.facebook.com\/iufrankfurt\/\" target=\"_blank\">Frankfurt<\/a>, en Alemania;&nbsp;<a rel=\"noreferrer noopener\" href=\"https:\/\/www.facebook.com\/IzquierdaUnidaLuxemburgo\/\" target=\"_blank\">Luxemburgo<\/a>;&nbsp;<a rel=\"noreferrer noopener\" href=\"https:\/\/www.facebook.com\/IUZurich\/\" target=\"_blank\">Z\u00farich<\/a>, en Suiza; en&nbsp;<a href=\"https:\/\/www.facebook.com\/izquierdaunidalyon\/\">Lyon<\/a>,&nbsp;<a rel=\"noreferrer noopener\" href=\"https:\/\/www.facebook.com\/IUToulouse\/\" target=\"_blank\">Toulouse<\/a>&nbsp;y&nbsp;<a rel=\"noreferrer noopener\" href=\"https:\/\/www.facebook.com\/iufrancia\/\" target=\"_blank\">Montpellier<\/a>, en Francia; y en&nbsp;<a rel=\"noreferrer noopener\" href=\"https:\/\/www.facebook.com\/iuBuenosAires\/\" target=\"_blank\">Buenos Aires<\/a>, Argentina. Adem\u00e1s, la federaci\u00f3n cuenta con tres agrupaciones de militantes en <a rel=\"noreferrer noopener\" href=\"https:\/\/www.facebook.com\/IUDublin\/\" target=\"_blank\">Dubl\u00edn<\/a>,&nbsp;<a href=\"https:\/\/www.facebook.com\/IUReinoUnido\">Reino Unido<\/a>&nbsp;y&nbsp;<a href=\"https:\/\/www.facebook.com\/IUSajonia\/\">Sajonia<\/a>&nbsp;(Alemania).<\/p>","protected":false},"excerpt":{"rendered":"<p>Norma Lorenzo ha sido elegida como nueva portavoz y responsable de organizaci\u00f3n de la asamblea. Jaime Mart\u00ednez, hasta ahora coordinador de la agrupaci\u00f3n, asume la responsabilidad de Comunicaci\u00f3n y Redes, &hellip;<\/p>","protected":false},"author":2,"featured_media":1213,"comment_status":"closed","ping_status":"closed","sticky":false,"template":"","format":"standard","meta":{"wds_primary_category":0,"footnotes":""},"categories":[1,25,27],"tags":[],"class_list":["post-1210","post","type-post","status-publish","format-standard","has-post-thumbnail","","category-actualidad","category-asambleas","category-iu-berlin"],"_links":{"self":[{"href":"http:\/\/iuexterior.org\/gl\/wp-json\/wp\/v2\/posts\/1210","targetHints":{"allow":["GET"]}}],"collection":[{"href":"http:\/\/iuexterior.org\/gl\/wp-json\/wp\/v2\/posts"}],"about":[{"href":"http:\/\/iuexterior.org\/gl\/wp-json\/wp\/v2\/types\/post"}],"author":[{"embeddable":true,"href":"http:\/\/iuexterior.org\/gl\/wp-json\/wp\/v2\/users\/2"}],"replies":[{"embeddable":true,"href":"http:\/\/iuexterior.org\/gl\/wp-json\/wp\/v2\/comments?post=1210"}],"version-history":[{"count":5,"href":"http:\/\/iuexterior.org\/gl\/wp-json\/wp\/v2\/posts\/1210\/revisions"}],"predecessor-version":[{"id":1793,"href":"http:\/\/iuexterior.org\/gl\/wp-json\/wp\/v2\/posts\/1210\/revisions\/1793"}],"wp:featuredmedia":[{"embeddable":true,"href":"http:\/\/iuexterior.org\/gl\/wp-json\/wp\/v2\/media\/1213"}],"wp:attachment":[{"href":"http:\/\/iuexterior.org\/gl\/wp-json\/wp\/v2\/media?parent=1210"}],"wp:term":[{"taxonomy":"category","embeddable":true,"href":"http:\/\/iuexterior.org\/gl\/wp-json\/wp\/v2\/categories?post=1210"},{"taxonomy":"post_tag","embeddable":true,"href":"http:\/\/iuexterior.org\/gl\/wp-json\/wp\/v2\/tags?post=1210"}],"curies":[{"name":"wp","href":"https:\/\/api.w.org\/{rel}","templated":true}]}}