{"id":983,"date":"2019-02-18T12:17:11","date_gmt":"2019-02-18T11:17:11","guid":{"rendered":"http:\/\/iuexterior.org\/?p=983"},"modified":"2020-04-30T09:10:55","modified_gmt":"2020-04-30T07:10:55","slug":"sira-rego-y-maria-martinez-defienden-en-berlin-sus-propuestas-como-candidatas-de-iu-al-parlamento-europeo","status":"publish","type":"post","link":"http:\/\/iuexterior.org\/fr\/2019\/02\/18\/sira-rego-y-maria-martinez-defienden-en-berlin-sus-propuestas-como-candidatas-de-iu-al-parlamento-europeo\/","title":{"rendered":"Sira Rego y Mar\u00eda Mart\u00ednez defienden en Berl\u00edn sus propuestas como candidatas de IU al Parlamento Europeo"},"content":{"rendered":"<p class=\"has-medium-font-size wp-block-paragraph\">El acto p\u00fablico \u00ab<a href=\"https:\/\/www.facebook.com\/events\/271406213746279\/\">La izquierda para una Europa que lucha<\/a>\u00bb cont\u00f3 adem\u00e1s con la participaci\u00f3n de Pascal Meiser, diputado por Die Linke en el Parlamento alem\u00e1n (Bundestag).<\/p>\n\n\n\n<p class=\"wp-block-paragraph\">Las candidatas de IU a las Elecciones Europeas <a rel=\"noreferrer noopener\" target=\"_blank\" href=\"https:\/\/www.facebook.com\/sira.rego\"><strong>Sira Rego<\/strong><\/a>, responsable de Acci\u00f3n Pol\u00edtica y Conflictos de IU; y <a rel=\"noreferrer noopener\" target=\"_blank\" href=\"https:\/\/www.facebook.com\/MariaExterior\"><strong>Mar\u00eda Mart\u00ednez<\/strong><\/a>, coportavoz de <a rel=\"noreferrer noopener\" target=\"_blank\" href=\"https:\/\/www.facebook.com\/IUExterior\/\">IU Exterior<\/a>,&nbsp;han&nbsp;participado este domingo en el acto \u00ab<strong>La izquierda para una Europa que lucha<\/strong>\u00bb, organizado por la federaci\u00f3n de Izquierda Unida en el Exterior (IU Exterior).<\/p>\n\n\n\n<figure class=\"wp-block-embed-twitter wp-block-embed is-type-rich is-provider-twitter\"><div class=\"wp-block-embed__wrapper\">\nhttps:\/\/twitter.com\/IUExterior\/status\/1097161429323526146\n<\/div><\/figure>\n\n\n\n<p class=\"wp-block-paragraph\">El evento, que ha contado tambi\u00e9n con la participaci\u00f3n de <a rel=\"noreferrer noopener\" target=\"_blank\" href=\"https:\/\/www.facebook.com\/pascalmeiser361\/\"><strong>Pascal Meiser<\/strong><\/a>, diputado por <a rel=\"noreferrer noopener\" target=\"_blank\" href=\"https:\/\/www.facebook.com\/linkspartei\/\">Die Linke<\/a> en el Bundestag, ha servido de presentaci\u00f3n de las propuestas de la candidatura de IU para la confluencia ante los pr\u00f3ximos comicios europeos.<\/p>\n\n\n\n<figure class=\"wp-block-embed-facebook wp-block-embed is-type-video is-provider-facebook\"><div class=\"wp-block-embed__wrapper\">\nhttps:\/\/www.facebook.com\/IUExterior\/videos\/377413966416537\/?xts%5B0%5D=68.ARCPGzYV62kOvkI6H6VQzhleQzRXkZ4GM9iOiCipoYr8JWPgx4X1yQaQVDvtU4kblTn-KYWwTi53OUXSS2t4cBcZhUHGtsQ9JZWQEp5fvsUxspJ8BGmZM-RftU_mfX4VEpC1wcUDvdeTuBGG7TG4X1dcDxX8gNQNYJvpBhATw7hceuslJ33eCfXHSWzj_OM241n5lHwIqqrRyK7GSZlJYTcUNnxVmoTdK_3KE2zOXfsfEJb2wsG3TG4cK91f-0rb14D6DlR-5C1YTlm4jGubdYBidOL-DJEPZR53EEg63yrsPihNnbDa2DnH1DN9TcFIf78pFOYoEdUNp5rqR5rSyvpDZvaxYq9SrO6Ulv-MpqhTImWBv913gXYC5a5Dx3r4whD7J9RvS-WRzA8N-ijIrVRvyB0agVut7k-bnJtIi2H9PVidMiJruScb6ImJ0G8&#038;tn=-R\n<\/div><\/figure>\n\n\n\n<p class=\"wp-block-paragraph\"><em>\u00abEs fundamental desenmascarar a los eurofans, ser barrera contra la extrema derecha y plantear nuestra alternativa, que es una integraci\u00f3n europea basada en las necesidades de los pueblos de Europa, la fraternidad, la cooperaci\u00f3n y los derechos humanos\u00bb<\/em>, ha&nbsp;recalcado <strong>Rego<\/strong>, n\u00famero 1 en la lista de IU a las europeas.<\/p>\n\n\n\n<figure class=\"wp-block-embed-facebook wp-block-embed is-type-video is-provider-facebook\"><div class=\"wp-block-embed__wrapper\">\nhttps:\/\/www.facebook.com\/IUExterior\/videos\/244767199764774\/?xts%5B0%5D=68.ARBWJcTNEFK-gld_2Ra2o1NMila9nIF6ATwQENewPMj7JA2zPTj-xqxuqNd5LrdQ6c4LnH9vVGJakEN8-sSAfXAYSzRmc-pJp9YpeBG3-i88Ku0L8FqzbaG9J94KCAvkp1R2y4iIpzqWTLnAJ1MnQKjzkbP6zp6FEbKKXHEBFS0u02MORVrYskyHPHIm1uciMDrTdJbGhOA45rR1VcPnO7JiyLPrA-rQ0RpurW8zmicDNzrLrKkI8EJvHYmVX2UMcf2xZ4VmYX5-cEJ01ffx0UtS8m1Jg9x-mcnVMUZB-QrcTIZsMszcMPlkF4aSqNsLLN12iEiueF4HxzDOa0fN_tUkP85jSxhzwhRAAkspcs8nPKymlMNtoavPq8RDCzKPFCd4jtQCoNQUR8ppJU1yO-UwS-7h33tikhmUCVdKcgqWyqaNvqjTCkJN&#038;tn=-R\n<\/div><\/figure>\n\n\n\n<p class=\"wp-block-paragraph\">Por su parte <strong>Mart\u00ednez<\/strong>, coportavoz de <strong>IU Exterior<\/strong> y&nbsp;n\u00famero&nbsp;5&nbsp;en&nbsp;la&nbsp;lista junto a <strong>Rego<\/strong>, ha defendido el papel de la emigraci\u00f3n a la hora de participar en pol\u00edtica: <em>\u00abNuestro objetivo siempre ha sido implicar a la militancia que ten\u00edamos en otros pa\u00edses; por un lado, en el trabajo pol\u00edtico de nuestra formaci\u00f3n, y tambi\u00e9n para que pudieran trabajar sobre los conflictos locales que afectan a la emigraci\u00f3n\u00bb.<\/em><\/p>\n\n\n\n<figure class=\"wp-block-embed-facebook wp-block-embed is-type-video is-provider-facebook\"><div class=\"wp-block-embed__wrapper\">\nhttps:\/\/www.facebook.com\/IUExterior\/videos\/373480423240673\/?xts%5B0%5D=68.ARBDEQWolLTPjF9wgM3b1IG8rPXDMPUYPPwOBjYvkED7L9kYRCOvv126XVDxEe1w0_0dmr55Mw7qNUZV1dGrvVwtWkS-9hDmNvCSKC4Rm0HIa7zTiPngg1LdXzN1r-H82j0zoKH7cLyuPkK0wU2I1MIFwSxQ8d_3XAlChpvO_BwR8_99JaQducpWe0167wmjDf8X4HtwanoEN_ed_e87wmIPFTSA5qD-OwPJcXMmeKM9opfioWsR4Uu8MVvFRoMA1W_0ktI_K190wiINYQaiLGGLjOk2fr6TkfKBmr0XyyNZDKnnZU6rkWlCOEXjoMfgYkRFDlMxGt2_rtxQIZon3wcPimRJLV_jSPJ6DuIIvuxvjbWMXL5lktYkMC8iJ994p8Xh2JOCdQx5ekwi9IYIVS7XOrzaxn7KapEC_xZWgBrGNAQpZcWIsANsrNwYKKK5jnJW_N9M1QFIog&#038;tn=-R\n<\/div><\/figure>\n\n\n\n<p class=\"wp-block-paragraph\">El encuentro, celebrado en la <a rel=\"noreferrer noopener\" target=\"_blank\" href=\"https:\/\/www.facebook.com\/karlliebknechthaus\/\">Karl-Liebknecht-Haus<\/a> de Berl\u00edn, fue presentado por <a rel=\"noreferrer noopener\" target=\"_blank\" href=\"https:\/\/www.facebook.com\/eduardo.velazquez.771\"><strong>Eduardo Velazquez<\/strong><\/a>, coportavoz de <a rel=\"noreferrer noopener\" target=\"_blank\" href=\"https:\/\/www.facebook.com\/IUExterior\/\">IU Exterior<\/a>; y moderado por <a rel=\"noreferrer noopener\" target=\"_blank\" href=\"https:\/\/www.facebook.com\/jaime.martinezporro\"><strong>Jaime Mart\u00ednez<\/strong><\/a>; coordinador de <a rel=\"noreferrer noopener\" target=\"_blank\" href=\"https:\/\/www.facebook.com\/iuberlin\/\">Izquierda Unida Berl\u00edn<\/a>&nbsp;y&nbsp;candidato&nbsp;de&nbsp;IU&nbsp;a&nbsp;las&nbsp;Cortes&nbsp;de&nbsp;Castilla&nbsp;y&nbsp;Le\u00f3n&nbsp;por&nbsp;la&nbsp;provincia&nbsp;de&nbsp;Palencia.<\/p>\n\n\n\n<p class=\"wp-block-paragraph\"><strong>Francisco Lara<\/strong>, secretario pol\u00edtico del <a rel=\"noreferrer noopener\" target=\"_blank\" href=\"https:\/\/www.facebook.com\/PCEExterior\/\">PCE Exterior<\/a>; I\u00f1aki Tarr\u00e9s, de Podemos Berl\u00edn; <strong>Nancy Larenas<\/strong>, del Partido Comunista Chileno; y <a rel=\"noreferrer noopener\" target=\"_blank\" href=\"https:\/\/www.facebook.com\/judith.benda\"><strong>Judith Benda<\/strong><\/a>, de <a rel=\"noreferrer noopener\" target=\"_blank\" href=\"https:\/\/www.facebook.com\/linkspartei\/\">Die Linke<\/a>, tambi\u00e9n intervinieron durante el evento.<\/p>\n\n\n\n<figure class=\"wp-block-embed-youtube wp-block-embed is-type-video is-provider-youtube wp-embed-aspect-16-9 wp-has-aspect-ratio\"><div class=\"wp-block-embed__wrapper\">\n<iframe loading=\"lazy\" title=\"Acto p\u00fablico de IU Exterior en Berl\u00edn: \u00abLa izquierda para una Europa que lucha\u00bb\" width=\"618\" height=\"348\" src=\"https:\/\/www.youtube.com\/embed\/LvH1Uzkwq9U?feature=oembed\" frameborder=\"0\" allow=\"accelerometer; autoplay; clipboard-write; encrypted-media; gyroscope; picture-in-picture; web-share\" referrerpolicy=\"strict-origin-when-cross-origin\" allowfullscreen><\/iframe>\n<\/div><\/figure>\n\n\n\n<h2 class=\"wp-block-heading\">\u00c0 propos de IU Exterior<\/h2>\n\n\n\n<p class=\"wp-block-paragraph\">La&nbsp;<strong>Federaci\u00f3n del Exterior de Izquierda Unida<\/strong>n<a href=\"http:\/\/iuexterior.org\/fr\/2017\/04\/30\/la-federacion-del-exterior-de-iu-nace-para-movilizar-politicamente-a-la-emigracion-espanola\/\">aci\u00f3 en abril de 2017<\/a>&nbsp;para movilizar pol\u00edticamente a la emigraci\u00f3n espa\u00f1ola y darle voz a sus reivindicaciones. Actualmente contamos con asambleas estables en&nbsp;<a rel=\"noreferrer noopener\" href=\"https:\/\/www.facebook.com\/IUBruselas\/\" target=\"_blank\">Bruselas<\/a>, B\u00e9lgica;&nbsp;<a rel=\"noreferrer noopener\" href=\"https:\/\/www.facebook.com\/iuberlin\/\" target=\"_blank\">Berl\u00edn<\/a>&nbsp;y&nbsp;<a rel=\"noreferrer noopener\" href=\"https:\/\/www.facebook.com\/iufrankfurt\/\" target=\"_blank\">Frankfurt<\/a>, en Alemania;&nbsp;<a rel=\"noreferrer noopener\" href=\"https:\/\/www.facebook.com\/IzquierdaUnidaLuxemburgo\/\" target=\"_blank\">Luxemburgo<\/a>;&nbsp;<a rel=\"noreferrer noopener\" href=\"https:\/\/www.facebook.com\/IUZurich\/\" target=\"_blank\">Z\u00farich<\/a>, en Suiza; en&nbsp;<a href=\"https:\/\/www.facebook.com\/izquierdaunidalyon\/\">Lyon<\/a>,&nbsp;<a rel=\"noreferrer noopener\" href=\"https:\/\/www.facebook.com\/IUToulouse\/\" target=\"_blank\">Toulouse<\/a>&nbsp;y&nbsp;<a rel=\"noreferrer noopener\" href=\"https:\/\/www.facebook.com\/iufrancia\/\" target=\"_blank\">Montpellier<\/a>, en Francia; y en&nbsp;<a rel=\"noreferrer noopener\" href=\"https:\/\/www.facebook.com\/iuBuenosAires\/\" target=\"_blank\">Buenos Aires<\/a>, Argentina.<\/p>","protected":false},"excerpt":{"rendered":"<p>El acto p\u00fablico \u00abLa izquierda para una Europa que lucha\u00bb cont\u00f3 adem\u00e1s con la participaci\u00f3n de Pascal Meiser, diputado por Die Linke en el Parlamento alem\u00e1n (Bundestag). Las candidatas de &hellip;<\/p>","protected":false},"author":2,"featured_media":1006,"comment_status":"closed","ping_status":"closed","sticky":true,"template":"","format":"standard","meta":{"wds_primary_category":0,"footnotes":""},"categories":[110,1,25,8,32,27,111,9],"tags":[],"class_list":["post-983","post","type-post","status-publish","format-standard","has-post-thumbnail","","category-acciones","category-actualidad","category-asambleas","category-destacado","category-federacion","category-iu-berlin","category-voto-rogado","category-videos"],"_links":{"self":[{"href":"http:\/\/iuexterior.org\/fr\/wp-json\/wp\/v2\/posts\/983","targetHints":{"allow":["GET"]}}],"collection":[{"href":"http:\/\/iuexterior.org\/fr\/wp-json\/wp\/v2\/posts"}],"about":[{"href":"http:\/\/iuexterior.org\/fr\/wp-json\/wp\/v2\/types\/post"}],"author":[{"embeddable":true,"href":"http:\/\/iuexterior.org\/fr\/wp-json\/wp\/v2\/users\/2"}],"replies":[{"embeddable":true,"href":"http:\/\/iuexterior.org\/fr\/wp-json\/wp\/v2\/comments?post=983"}],"version-history":[{"count":12,"href":"http:\/\/iuexterior.org\/fr\/wp-json\/wp\/v2\/posts\/983\/revisions"}],"predecessor-version":[{"id":1063,"href":"http:\/\/iuexterior.org\/fr\/wp-json\/wp\/v2\/posts\/983\/revisions\/1063"}],"wp:featuredmedia":[{"embeddable":true,"href":"http:\/\/iuexterior.org\/fr\/wp-json\/wp\/v2\/media\/1006"}],"wp:attachment":[{"href":"http:\/\/iuexterior.org\/fr\/wp-json\/wp\/v2\/media?parent=983"}],"wp:term":[{"taxonomy":"category","embeddable":true,"href":"http:\/\/iuexterior.org\/fr\/wp-json\/wp\/v2\/categories?post=983"},{"taxonomy":"post_tag","embeddable":true,"href":"http:\/\/iuexterior.org\/fr\/wp-json\/wp\/v2\/tags?post=983"}],"curies":[{"name":"wp","href":"https:\/\/api.w.org\/{rel}","templated":true}]}}