{"id":89,"date":"2017-06-10T11:26:55","date_gmt":"2017-06-10T09:26:55","guid":{"rendered":"http:\/\/iuexterior.org\/?p=89"},"modified":"2017-10-09T11:33:38","modified_gmt":"2017-10-09T09:33:38","slug":"entrevista-de-facu-diaz-a-marta-mosquera-y-eduardo-velazquez-coportavoces-de-iu-exterior","status":"publish","type":"post","link":"http:\/\/iuexterior.org\/fr\/2017\/06\/10\/entrevista-de-facu-diaz-a-marta-mosquera-y-eduardo-velazquez-coportavoces-de-iu-exterior\/","title":{"rendered":"Entrevista de Facu D\u00edaz a Marta Mosquera y Eduardo Vel\u00e1zquez, coportavoces de IU Exterior"},"content":{"rendered":"<p>Entrevista en Berl\u00edn del humorista y guionista <a href=\"https:\/\/twitter.com\/facudiazt\/\" target=\"_blank\" rel=\"noopener\">Facu D\u00edaz<\/a> a <a href=\"https:\/\/twitter.com\/marta_mosq_\" target=\"_blank\" rel=\"noopener\">Marta Mosquera<\/a> y <a href=\"https:\/\/twitter.com\/velazquedu\" target=\"_blank\" rel=\"noopener\">Eduardo Velazquez,<\/a> coportavoces de IU Exterior.<\/p>","protected":false},"excerpt":{"rendered":"<p>Entrevista en Berl\u00edn del humorista y guionista Facu D\u00edaz a Marta Mosquera y Eduardo Velazquez, coportavoces de IU Exterior.<\/p>","protected":false},"author":1,"featured_media":90,"comment_status":"closed","ping_status":"closed","sticky":false,"template":"","format":"standard","meta":{"wds_primary_category":0,"footnotes":""},"categories":[1,8,9],"tags":[5],"class_list":["post-89","post","type-post","status-publish","format-standard","has-post-thumbnail","","category-actualidad","category-destacado","category-videos","tag-entrevistas"],"_links":{"self":[{"href":"http:\/\/iuexterior.org\/fr\/wp-json\/wp\/v2\/posts\/89","targetHints":{"allow":["GET"]}}],"collection":[{"href":"http:\/\/iuexterior.org\/fr\/wp-json\/wp\/v2\/posts"}],"about":[{"href":"http:\/\/iuexterior.org\/fr\/wp-json\/wp\/v2\/types\/post"}],"author":[{"embeddable":true,"href":"http:\/\/iuexterior.org\/fr\/wp-json\/wp\/v2\/users\/1"}],"replies":[{"embeddable":true,"href":"http:\/\/iuexterior.org\/fr\/wp-json\/wp\/v2\/comments?post=89"}],"version-history":[{"count":3,"href":"http:\/\/iuexterior.org\/fr\/wp-json\/wp\/v2\/posts\/89\/revisions"}],"predecessor-version":[{"id":93,"href":"http:\/\/iuexterior.org\/fr\/wp-json\/wp\/v2\/posts\/89\/revisions\/93"}],"wp:featuredmedia":[{"embeddable":true,"href":"http:\/\/iuexterior.org\/fr\/wp-json\/wp\/v2\/media\/90"}],"wp:attachment":[{"href":"http:\/\/iuexterior.org\/fr\/wp-json\/wp\/v2\/media?parent=89"}],"wp:term":[{"taxonomy":"category","embeddable":true,"href":"http:\/\/iuexterior.org\/fr\/wp-json\/wp\/v2\/categories?post=89"},{"taxonomy":"post_tag","embeddable":true,"href":"http:\/\/iuexterior.org\/fr\/wp-json\/wp\/v2\/tags?post=89"}],"curies":[{"name":"wp","href":"https:\/\/api.w.org\/{rel}","templated":true}]}}