{"id":500,"date":"2018-06-14T07:06:52","date_gmt":"2018-06-14T05:06:52","guid":{"rendered":"http:\/\/iuexterior.org\/?p=500"},"modified":"2020-04-29T23:23:23","modified_gmt":"2020-04-29T21:23:23","slug":"nada-hace-pensar-que-las-personas-que-nos-hemos-tenido-que-ir-podamos-volver-a-nuestro-hogar-en-condiciones-dignas","status":"publish","type":"post","link":"http:\/\/iuexterior.org\/fr\/2018\/06\/14\/nada-hace-pensar-que-las-personas-que-nos-hemos-tenido-que-ir-podamos-volver-a-nuestro-hogar-en-condiciones-dignas\/","title":{"rendered":"\u00abNada hace pensar que las personas que nos hemos tenido que ir podamos volver a nuestro hogar en condiciones dignas\u00bb"},"content":{"rendered":"<div class=\"listenDetails__partialInfo\">\n<div class=\"truncatedAudioInfo m-collapsed\">\n<div class=\"truncatedAudioInfo__wrapper\">\n<div class=\"truncatedAudioInfo__content\">\n<div class=\"sc-type-small\">\n<div>\n<p><a href=\"https:\/\/twitter.com\/IsraenBelgica\"><strong>Israel Ruiz Salm\u00f3n<\/strong><\/a>, responsable de comunicaci\u00f3n de IU Cantabria, particip\u00f3 el 12 de junio en una entrevista en Hoy por Hoy Cantabria, de la Cadena SER, para contar su perspectiva sobre las <a href=\"http:\/\/iuexterior.org\/fr\/2018\/06\/08\/iu-exterior-le-exige-al-nuevo-gobierno-la-derogacion-del-voto-rogado-y-que-promueva-las-condiciones-para-el-retorno-digno-de-la-emigracion-espanola\/\">jornadas \u201cRetorno: Perspectivas desde la emigraci\u00f3n\u201d<\/a>, celebradas por IU Exterior en el Parlamento Europeo en Bruselas los d\u00edas 7 y 8 de junio de 2018.<\/p>\n<h5>\u00c0 propos de IU Exterior<\/h5>\n<p>La&nbsp;<b>Federaci\u00f3n del Exterior de Izquierda Unida<\/b>&nbsp;<a href=\"http:\/\/iuexterior.org\/fr\/2017\/04\/30\/la-federacion-del-exterior-de-iu-nace-para-movilizar-politicamente-a-la-emigracion-espanola\/\">naci\u00f3 en abril de 2017<\/a>&nbsp;para movilizar pol\u00edticamente a la emigraci\u00f3n espa\u00f1ola y darle voz a sus reivindicaciones. Actualmente contamos con asambleas estables en&nbsp;<a href=\"https:\/\/www.facebook.com\/IUBruselas\/\">Bruselas<\/a>, B\u00e9lgica;&nbsp;<a href=\"https:\/\/www.facebook.com\/iuberlin\/\">Berl\u00edn<\/a>&nbsp;y&nbsp;<a href=\"https:\/\/www.facebook.com\/iufrankfurt\/\">Frankfurt<\/a>, en Alemania;&nbsp;<a href=\"https:\/\/www.facebook.com\/IzquierdaUnidaLuxemburgo\/\">Luxemburgo<\/a>;&nbsp;<a href=\"https:\/\/www.facebook.com\/IUZurich\/\">Z\u00farich<\/a>, en Suiza; en&nbsp;<a href=\"https:\/\/www.facebook.com\/izquierdaunidalyon\/\">Lyon<\/a>,&nbsp;<a href=\"https:\/\/www.facebook.com\/IUToulouse\/\">Toulouse<\/a>&nbsp;y&nbsp;<a href=\"https:\/\/www.facebook.com\/iufrancia\/\">Montpellier<\/a>, en Francia; y en&nbsp;<a href=\"https:\/\/www.facebook.com\/iuBuenosAires\/\">Buenos Aires<\/a>, Argentina.<\/p>\n<\/div>\n<\/div>\n<\/div>\n<\/div>\n<\/div>\n<\/div>","protected":false},"excerpt":{"rendered":"<p>Israel Ruiz Salm\u00f3n, responsable de comunicaci\u00f3n de IU Cantabria, particip\u00f3 el 12 de junio en una entrevista en Hoy por Hoy Cantabria, de la Cadena SER, para contar su perspectiva &hellip;<\/p>","protected":false},"author":1,"featured_media":504,"comment_status":"closed","ping_status":"closed","sticky":false,"template":"","format":"standard","meta":{"wds_primary_category":0,"footnotes":""},"categories":[110,1,8,114],"tags":[],"class_list":["post-500","post","type-post","status-publish","format-standard","has-post-thumbnail","","category-acciones","category-actualidad","category-destacado","category-retorno-digno"],"_links":{"self":[{"href":"http:\/\/iuexterior.org\/fr\/wp-json\/wp\/v2\/posts\/500","targetHints":{"allow":["GET"]}}],"collection":[{"href":"http:\/\/iuexterior.org\/fr\/wp-json\/wp\/v2\/posts"}],"about":[{"href":"http:\/\/iuexterior.org\/fr\/wp-json\/wp\/v2\/types\/post"}],"author":[{"embeddable":true,"href":"http:\/\/iuexterior.org\/fr\/wp-json\/wp\/v2\/users\/1"}],"replies":[{"embeddable":true,"href":"http:\/\/iuexterior.org\/fr\/wp-json\/wp\/v2\/comments?post=500"}],"version-history":[{"count":4,"href":"http:\/\/iuexterior.org\/fr\/wp-json\/wp\/v2\/posts\/500\/revisions"}],"predecessor-version":[{"id":1718,"href":"http:\/\/iuexterior.org\/fr\/wp-json\/wp\/v2\/posts\/500\/revisions\/1718"}],"wp:featuredmedia":[{"embeddable":true,"href":"http:\/\/iuexterior.org\/fr\/wp-json\/wp\/v2\/media\/504"}],"wp:attachment":[{"href":"http:\/\/iuexterior.org\/fr\/wp-json\/wp\/v2\/media?parent=500"}],"wp:term":[{"taxonomy":"category","embeddable":true,"href":"http:\/\/iuexterior.org\/fr\/wp-json\/wp\/v2\/categories?post=500"},{"taxonomy":"post_tag","embeddable":true,"href":"http:\/\/iuexterior.org\/fr\/wp-json\/wp\/v2\/tags?post=500"}],"curies":[{"name":"wp","href":"https:\/\/api.w.org\/{rel}","templated":true}]}}