{"id":471,"date":"2018-06-08T20:35:59","date_gmt":"2018-06-08T18:35:59","guid":{"rendered":"http:\/\/iuexterior.org\/?p=471"},"modified":"2020-04-29T23:11:04","modified_gmt":"2020-04-29T21:11:04","slug":"iu-exterior-le-exige-al-nuevo-gobierno-la-derogacion-del-voto-rogado-y-que-promueva-las-condiciones-para-el-retorno-digno-de-la-emigracion-espanola","status":"publish","type":"post","link":"http:\/\/iuexterior.org\/fr\/2018\/06\/08\/iu-exterior-le-exige-al-nuevo-gobierno-la-derogacion-del-voto-rogado-y-que-promueva-las-condiciones-para-el-retorno-digno-de-la-emigracion-espanola\/","title":{"rendered":"IU Exterior le exige al nuevo Gobierno la derogaci\u00f3n del voto rogado y que promueva las condiciones para el retorno digno de la emigraci\u00f3n espa\u00f1ola"},"content":{"rendered":"<h4><span style=\"font-weight: 400;\">La federaci\u00f3n clausura unas jornadas en el Parlamento Europeo para recoger las demandas de las trabajadoras y trabajadores emigrados en busca de un futuro mejor.<\/span><\/h4>\n<p><span style=\"font-weight: 400;\">La federaci\u00f3n de Izquierda Unida en el Exterior (IU Exterior) ha clausurado este 8 de junio <\/span><b>en el Parlamento Europeo en Bruselas<\/b><span style=\"font-weight: 400;\"> las jornadas \u201c<\/span><b>Retorno: Perspectivas desde la emigraci\u00f3n<\/b><span style=\"font-weight: 400;\">\u201d. A lo largo de dos d\u00edas, la federaci\u00f3n ha promovido el debate con organizaciones como <\/span><b>Marea Granate <\/b><span style=\"font-weight: 400;\">y <\/span><b>Podemos Exterior<\/b><span style=\"font-weight: 400;\">, as\u00ed como con representantes pol\u00edticos municipales e internacionales, para recabar nuevas perspectivas sobre el retorno de quienes conocen de primera mano la experiencia de la emigraci\u00f3n. Todas las propuestas quedar\u00e1n reflejadas en una estrategia <\/span><b>estatal, auton\u00f3mica y municipal <\/b><span style=\"font-weight: 400;\">con exigencias concretas para el nuevo Gobierno de Pedro S\u00e1nchez y para otras instituciones del Estado.<\/span><\/p>\n<p><span style=\"font-weight: 400;\">Entre estas demandas se encuentran la <strong>derogaci\u00f3n del voto rogado<\/strong>; la recuperaci\u00f3n de derechos sociales perdidos como la prestaci\u00f3n de la <strong>atenci\u00f3n sanitaria<\/strong>&nbsp;para personas emigradas o retornadas; o el acceso a datos sobre la emigraci\u00f3n y asesoramiento e origen y destino. No obstante,&nbsp;<em>\u00aba pesar de todas las medidas puntuales que se puedan llevar a cabo, sin un cambio del modelo productivo que fomente el empleo p\u00fablico&nbsp;no se producir\u00e1 un retorno efectivo y digno de las trabajadores y trabajadoras que se han visto obligadas a emigrar\u00bb<\/em>, afirma <strong>Eduardo Vel\u00e1zquez,&nbsp;coportavoz de IU Exterior.<\/strong>&nbsp;<\/span><\/p>\n<p><span style=\"font-weight: 400;\">El evento, que ha sido <strong>retransmitido en streaming <\/strong><\/span><strong><a href=\"https:\/\/www.facebook.com\/IUExterior\/\">desde el Facebook de IU Exterior<\/a><\/strong><span style=\"font-weight: 400;\">, ha contado con la participaci\u00f3n de <\/span><b>Paloma L\u00f3pez, eurodiputada de IU<\/b><span style=\"font-weight: 400;\">; <\/span><b>Eduardo Vel\u00e1zquez<\/b><span style=\"font-weight: 400;\">, co-coordinador de <\/span><b>IU Exterior; Olalla Pastor del Valle<\/b><span style=\"font-weight: 400;\">, de <\/span><b>Marea Granate; Amada Pe\u00f1alosa,<\/b><span style=\"font-weight: 400;\"> de <\/span><b>Podemos Exterior<\/b><span style=\"font-weight: 400;\">; <\/span><b>Jaime Mart\u00ednez Porro<\/b><span style=\"font-weight: 400;\">, investigador acad\u00e9mico;<\/span><b> Margarita Guerrero Calder\u00f3n,<\/b><span style=\"font-weight: 400;\"> concejala de <\/span><b>Cambiemos Murcia<\/b><span style=\"font-weight: 400;\">; <\/span><b>Pablo Gonz\u00e1lez Gimeno<\/b><span style=\"font-weight: 400;\">, portavoz de <\/span><b>Guanyar Alcoi; Virginia Hern\u00e1ndez, <\/b><span style=\"font-weight: 400;\">alcaldesa de <\/span><b>San Pelayo<\/b><span style=\"font-weight: 400;\">; y <\/span><b>Eduardo Garz\u00f3n, economista.<\/b><\/p>\n<p><img loading=\"lazy\" decoding=\"async\" class=\"aligncenter size-large wp-image-477\" src=\"http:\/\/iuexterior.org\/wp-content\/uploads\/2018\/06\/PorUnRetornoDigno-1024x576.jpg\" alt=\"\" width=\"618\" height=\"348\" srcset=\"http:\/\/iuexterior.org\/wp-content\/uploads\/2018\/06\/PorUnRetornoDigno-1024x576.jpg 1024w, http:\/\/iuexterior.org\/wp-content\/uploads\/2018\/06\/PorUnRetornoDigno-300x169.jpg 300w, http:\/\/iuexterior.org\/wp-content\/uploads\/2018\/06\/PorUnRetornoDigno-768x432.jpg 768w\" sizes=\"auto, (max-width: 618px) 100vw, 618px\" \/><\/p>\n<h5><span style=\"font-weight: 400;\">\u00c0 propos de IU Exterior<\/span><\/h5>\n<p><span style=\"font-weight: 400;\">La <\/span><b>Federaci\u00f3n del Exterior de Izquierda Unida<\/b> <a href=\"http:\/\/iuexterior.org\/fr\/2017\/04\/30\/la-federacion-del-exterior-de-iu-nace-para-movilizar-politicamente-a-la-emigracion-espanola\/\"><span style=\"font-weight: 400;\">naci\u00f3 en abril de 2017<\/span><\/a><span style=\"font-weight: 400;\"> para movilizar pol\u00edticamente a la emigraci\u00f3n espa\u00f1ola y darle voz a sus reivindicaciones. Actualmente contamos con asambleas estables en <\/span><a href=\"https:\/\/www.facebook.com\/IUBruselas\/\"><span style=\"font-weight: 400;\">Bruselas<\/span><\/a><span style=\"font-weight: 400;\">, B\u00e9lgica; <\/span><a href=\"https:\/\/www.facebook.com\/iuberlin\/\"><span style=\"font-weight: 400;\">Berl\u00edn<\/span><\/a><span style=\"font-weight: 400;\"> y <\/span><a href=\"https:\/\/www.facebook.com\/iufrankfurt\/\"><span style=\"font-weight: 400;\">Frankfurt<\/span><\/a><span style=\"font-weight: 400;\">, en Alemania; <\/span><a href=\"https:\/\/www.facebook.com\/IzquierdaUnidaLuxemburgo\/\"><span style=\"font-weight: 400;\">Luxemburgo<\/span><\/a><span style=\"font-weight: 400;\">; <\/span><a href=\"https:\/\/www.facebook.com\/IUZurich\/\"><span style=\"font-weight: 400;\">Z\u00farich<\/span><\/a><span style=\"font-weight: 400;\">, en Suiza; en <\/span><a href=\"https:\/\/www.facebook.com\/izquierdaunidalyon\/\"><span style=\"font-weight: 400;\">Lyon<\/span><\/a><span style=\"font-weight: 400;\">, <\/span><a href=\"https:\/\/www.facebook.com\/IUToulouse\/\"><span style=\"font-weight: 400;\">Toulouse<\/span><\/a><span style=\"font-weight: 400;\"> y <\/span><a href=\"https:\/\/www.facebook.com\/iufrancia\/\"><span style=\"font-weight: 400;\">Montpellier<\/span><\/a><span style=\"font-weight: 400;\">, en Francia; y en <\/span><a href=\"https:\/\/www.facebook.com\/iuBuenosAires\/\"><span style=\"font-weight: 400;\">Buenos Aires<\/span><\/a><span style=\"font-weight: 400;\">, Argentina.<\/span><\/p>\n<p><iframe loading=\"lazy\" src=\"https:\/\/www.youtube.com\/embed\/Q_MOAOHwex4\" width=\"560\" height=\"315\" frameborder=\"0\" allowfullscreen=\"allowfullscreen\"><\/iframe><\/p>","protected":false},"excerpt":{"rendered":"<p>La federaci\u00f3n clausura unas jornadas en el Parlamento Europeo para recoger las demandas de las trabajadoras y trabajadores emigrados en busca de un futuro mejor. La federaci\u00f3n de Izquierda Unida &hellip;<\/p>","protected":false},"author":1,"featured_media":478,"comment_status":"closed","ping_status":"closed","sticky":false,"template":"","format":"standard","meta":{"wds_primary_category":0,"footnotes":""},"categories":[110,1,8,114],"tags":[],"class_list":["post-471","post","type-post","status-publish","format-standard","has-post-thumbnail","","category-acciones","category-actualidad","category-destacado","category-retorno-digno"],"_links":{"self":[{"href":"http:\/\/iuexterior.org\/fr\/wp-json\/wp\/v2\/posts\/471","targetHints":{"allow":["GET"]}}],"collection":[{"href":"http:\/\/iuexterior.org\/fr\/wp-json\/wp\/v2\/posts"}],"about":[{"href":"http:\/\/iuexterior.org\/fr\/wp-json\/wp\/v2\/types\/post"}],"author":[{"embeddable":true,"href":"http:\/\/iuexterior.org\/fr\/wp-json\/wp\/v2\/users\/1"}],"replies":[{"embeddable":true,"href":"http:\/\/iuexterior.org\/fr\/wp-json\/wp\/v2\/comments?post=471"}],"version-history":[{"count":11,"href":"http:\/\/iuexterior.org\/fr\/wp-json\/wp\/v2\/posts\/471\/revisions"}],"predecessor-version":[{"id":1717,"href":"http:\/\/iuexterior.org\/fr\/wp-json\/wp\/v2\/posts\/471\/revisions\/1717"}],"wp:featuredmedia":[{"embeddable":true,"href":"http:\/\/iuexterior.org\/fr\/wp-json\/wp\/v2\/media\/478"}],"wp:attachment":[{"href":"http:\/\/iuexterior.org\/fr\/wp-json\/wp\/v2\/media?parent=471"}],"wp:term":[{"taxonomy":"category","embeddable":true,"href":"http:\/\/iuexterior.org\/fr\/wp-json\/wp\/v2\/categories?post=471"},{"taxonomy":"post_tag","embeddable":true,"href":"http:\/\/iuexterior.org\/fr\/wp-json\/wp\/v2\/tags?post=471"}],"curies":[{"name":"wp","href":"https:\/\/api.w.org\/{rel}","templated":true}]}}