{"id":301,"date":"2018-03-06T22:53:14","date_gmt":"2018-03-06T21:53:14","guid":{"rendered":"http:\/\/iuexterior.org\/?p=301"},"modified":"2020-04-29T21:03:00","modified_gmt":"2020-04-29T19:03:00","slug":"ven-con-nosotras-a-las-movilizaciones-convocadas-por-el-dia-de-la-mujer-en-el-exterior","status":"publish","type":"post","link":"http:\/\/iuexterior.org\/fr\/2018\/03\/06\/ven-con-nosotras-a-las-movilizaciones-convocadas-por-el-dia-de-la-mujer-en-el-exterior\/","title":{"rendered":"\u00a1Ven con nosotras a las movilizaciones convocadas por el D\u00eda de la Mujer en el exterior!"},"content":{"rendered":"<p><strong>Desde Izquierda Unida Exterior&nbsp;apoyamos al 100% la convocatoria de huelga feminista en Espa\u00f1a, que pretende desbordar el concepto cl\u00e1sico de huelga general: desde los feminismos se llama a todas las mujeres a parar en sus empleos, pero tambi\u00e9n a parar en los cuidados, en las aulas y en el consumo.<\/strong><\/p>\n<p>Adem\u00e1s, desde nuestras asambleas de base nos sumamos a las convocatorias realizadas por diversos colectivos feministas en los lugares en los que estamos destacadas. \u00bfTe animas a venir con nosotras?<\/p>\n<p><iframe loading=\"lazy\" src=\"https:\/\/www.google.com\/maps\/d\/u\/4\/embed?mid=1f3VUICIgumf-7HTlqc181LbupxcT9aQW\" width=\"640\" height=\"480\"><\/iframe><\/p>\n<h3>IU Berlin<\/h3>\n<ul>\n<li>Manifestaci\u00f3n del <a href=\"https:\/\/www.facebook.com\/events\/130119401145202\/\">Frauen*kampftag<\/a>, que sale <strong>desde las 17:00 h en Hermannplatz<\/strong> (punto de encuentro: <strong>esquina Hermannplatz\/Karl Marx Str<\/strong>).<\/li>\n<\/ul>\n<h3>IU Bruxelles<\/h3>\n<ul>\n<li><strong>A partir de las 14:00 h<\/strong> un Village Feminista estar\u00e1 en <strong>Gare Central<\/strong>.<\/li>\n<li><strong>A las 16:00 h<\/strong> sale la marcha feminista estudiantil desde la <strong>ULB<\/strong>.<\/li>\n<li><strong>A las 17:30 h<\/strong> &#8216;haka&#8217; feminista Gare Central<\/li>\n<\/ul>\n<h3>IU Luxembourg<\/h3>\n<ul>\n<li><a href=\"https:\/\/www.facebook.com\/events\/169863163779016\/\">Acto reivindicativo<\/a> el <strong>jueves, 8 de marzo a las 12:00 horas en Place d&#8217;Armes<\/strong>.<\/li>\n<li>El Movimiento Democr\u00e1tico de Mujeres de Luxemburgo participar\u00e1 el <strong>domingo 11 de marzo<\/strong> en la <a href=\"https:\/\/www.facebook.com\/events\/209002916333201\/\">F\u00eate f\u00e9ministe et culturelle<\/a> con un stand informativo en la abad\u00eda de <strong>Neim\u00ebnster<\/strong>.<\/li>\n<\/ul>\n<h3>IU Toulouse<\/h3>\n<ul>\n<li><a href=\"https:\/\/www.facebook.com\/events\/1840364839594776\/\">Manifestaci\u00f3n<\/a> el <strong>jueves, 8 de marzo a las 12:00 h en la plaza Arnaud Bernard<\/strong>; nos encontraremos <strong>delante de la farmacia de la plaza<\/strong>, y sois todas bienvenidas a venir con nosotras.<\/li>\n<\/ul>\n<h3>IU Z\u00farich<\/h3>\n<ul>\n<li>Comida popular el <strong>jueves, 8 de marzo a las 19:00 horas<\/strong> en el <a href=\"http:\/\/www.fraum.ch\/es-ist-8-maerz\/\">FRAUM<\/a> (actividad no mixta).<\/li>\n<li>Manifestaci\u00f3n de mujeres el <strong>s\u00e1bado, 10 de marzo a las 13:30 horas<\/strong>. Punto de encuentro: FRAUM.<\/li>\n<\/ul>","protected":false},"excerpt":{"rendered":"<p>Desde Izquierda Unida Exterior&nbsp;apoyamos al 100% la convocatoria de huelga feminista en Espa\u00f1a, que pretende desbordar el concepto cl\u00e1sico de huelga general: desde los feminismos se llama a todas las &hellip;<\/p>","protected":false},"author":1,"featured_media":302,"comment_status":"closed","ping_status":"closed","sticky":false,"template":"","format":"standard","meta":{"wds_primary_category":0,"footnotes":""},"categories":[110,1,25,8,27,28,26,30,31,116],"tags":[],"class_list":["post-301","post","type-post","status-publish","format-standard","has-post-thumbnail","","category-acciones","category-actualidad","category-asambleas","category-destacado","category-iu-berlin","category-iu-bruselas","category-iu-luxemburgo","category-iu-toulouse","category-iu-zurich","category-mujer-y-migracion"],"_links":{"self":[{"href":"http:\/\/iuexterior.org\/fr\/wp-json\/wp\/v2\/posts\/301","targetHints":{"allow":["GET"]}}],"collection":[{"href":"http:\/\/iuexterior.org\/fr\/wp-json\/wp\/v2\/posts"}],"about":[{"href":"http:\/\/iuexterior.org\/fr\/wp-json\/wp\/v2\/types\/post"}],"author":[{"embeddable":true,"href":"http:\/\/iuexterior.org\/fr\/wp-json\/wp\/v2\/users\/1"}],"replies":[{"embeddable":true,"href":"http:\/\/iuexterior.org\/fr\/wp-json\/wp\/v2\/comments?post=301"}],"version-history":[{"count":9,"href":"http:\/\/iuexterior.org\/fr\/wp-json\/wp\/v2\/posts\/301\/revisions"}],"predecessor-version":[{"id":1704,"href":"http:\/\/iuexterior.org\/fr\/wp-json\/wp\/v2\/posts\/301\/revisions\/1704"}],"wp:featuredmedia":[{"embeddable":true,"href":"http:\/\/iuexterior.org\/fr\/wp-json\/wp\/v2\/media\/302"}],"wp:attachment":[{"href":"http:\/\/iuexterior.org\/fr\/wp-json\/wp\/v2\/media?parent=301"}],"wp:term":[{"taxonomy":"category","embeddable":true,"href":"http:\/\/iuexterior.org\/fr\/wp-json\/wp\/v2\/categories?post=301"},{"taxonomy":"post_tag","embeddable":true,"href":"http:\/\/iuexterior.org\/fr\/wp-json\/wp\/v2\/tags?post=301"}],"curies":[{"name":"wp","href":"https:\/\/api.w.org\/{rel}","templated":true}]}}