{"id":2068,"date":"2020-10-22T09:04:51","date_gmt":"2020-10-22T07:04:51","guid":{"rendered":"http:\/\/iuexterior.org\/?p=2068"},"modified":"2020-10-22T09:04:51","modified_gmt":"2020-10-22T07:04:51","slug":"iu-exterior-funda-una-nueva-asamblea-en-la-provincia-de-buenos-aires","status":"publish","type":"post","link":"http:\/\/iuexterior.org\/fr\/2020\/10\/22\/iu-exterior-funda-una-nueva-asamblea-en-la-provincia-de-buenos-aires\/","title":{"rendered":"IU Exterior funda una nueva asamblea en la Provincia de Buenos Aires"},"content":{"rendered":"<p class=\"has-medium-font-size wp-block-paragraph\">La constituci\u00f3n de la asamblea, que tendr\u00e1 lugar el 31 de octubre a las 14:00 h en Argentina (18:00 h en Europa continental), contar\u00e1 con la participaci\u00f3n de tres miembros de la direcci\u00f3n de la federaci\u00f3n.<\/p>\n\n\n\n<p class=\"wp-block-paragraph\"><em>\u00abCon la constituci\u00f3n de la asamblea de <strong>IU Provincia de Buenos Aires<\/strong> damos cobertura a una realidad\u00bb<\/em>, asegura el <strong>coportavoz de la federaci\u00f3n de Izquierda Unida en el Exterior (IU Exterior) Eduardo Vel\u00e1zquez<\/strong>: <em>\u00abla de la emigraci\u00f3n espa\u00f1ola y sus descendientes que, por cuestiones geogr\u00e1ficas, no pueden desplazarse hasta la inmensa capital argentina para organizarse y velar por sus derechos\u00bb.<\/em><\/p>\n\n\n\n<p class=\"wp-block-paragraph\">El pr\u00f3ximo <strong>s\u00e1bado, 31 de octubre, tendr\u00e1 lugar a las 16:00 horas (en Argentina, 18:00 horas en Europa continental)<\/strong> la constituci\u00f3n de la asamblea de <strong>IU Provincia de Buenos Aires<\/strong>, una iniciativa que surge del inter\u00e9s de un grupo de militantes y simpatizantes de <strong>IU Exterior<\/strong> residentes en el \u00e1rea metropolitana de la provincia de <strong>Buenos Aires<\/strong>. La presentaci\u00f3n del encuentro contar\u00e1 con la participaci\u00f3n del <strong>coportavoz Eduardo Vel\u00e1zquez<\/strong>, la <strong>corresponsable de Comunicaci\u00f3n Alicia Gab\u00e1n<\/strong> y el <strong>corresponsable de Organizaci\u00f3n y Finanzas Jaime Mart\u00ednez<\/strong>. <em>\u00abLa presentaci\u00f3n podr\u00e1 seguirse en directo a trav\u00e9s de la p\u00e1gina de <strong><a href=\"https:\/\/www.facebook.com\/IUExterior\/live_videos\/\">Facebook<\/a><\/strong> de <strong>IU Exterior<\/strong>, en la cual, en un ejercicio de transparencia, daremos a conocer la naturaleza de la federaci\u00f3n y la forma en la que nos organizamos para abordar las diferentes luchas que llevamos a cabo como migrantes\u00bb<\/em>, explica <strong>Gab\u00e1n<\/strong>.<\/p>\n\n\n\n<p class=\"wp-block-paragraph\">A continuaci\u00f3n, los y las militantes y simpatizantes de <strong>IU <\/strong>residentes en la provincia de Buenos Aires participar\u00e1n en la asamblea fundacional de <strong>IU Provincia de Buenos Aires<\/strong>, que pasar\u00e1 a ser la d\u00e9cima asamblea de la federaci\u00f3n junto a las ya existentes de <a rel=\"noreferrer noopener\" href=\"https:\/\/www.facebook.com\/IUBruselas\/\" target=\"_blank\"><strong>Bruselas<\/strong><\/a>, B\u00e9lgica;\u00a0<strong><a href=\"https:\/\/www.facebook.com\/IzquierdaUnidaBerlin\/\" target=\"_blank\" rel=\"noreferrer noopener\">Berl\u00edn<\/a>\u00a0<\/strong>y\u00a0<a rel=\"noreferrer noopener\" href=\"https:\/\/www.facebook.com\/iufrankfurt\/\" target=\"_blank\"><strong>Frankfurt<\/strong><\/a>, en Alemania;\u00a0<a href=\"https:\/\/www.facebook.com\/IzquierdaUnidaLuxemburgo\/\" rel=\"noreferrer noopener\" target=\"_blank\"><strong>Luxemburgo<\/strong><\/a>;\u00a0<a href=\"https:\/\/www.facebook.com\/IUZurich\/\" rel=\"noreferrer noopener\" target=\"_blank\"><strong>Z\u00farich<\/strong><\/a>, en Suiza; en\u00a0<strong><a href=\"https:\/\/www.facebook.com\/izquierdaunidalyon\/\">Lyon<\/a>\u00a0<\/strong>y\u00a0<a href=\"https:\/\/www.facebook.com\/IUToulouse\/\" rel=\"noreferrer noopener\" target=\"_blank\"><strong>Toulouse<\/strong><\/a>, en Francia; y en\u00a0<a href=\"https:\/\/www.facebook.com\/iuBuenosAires\/\" rel=\"noreferrer noopener\" target=\"_blank\"><strong>Ciudad de Buenos Aires<\/strong><\/a>, Argentina; adem\u00e1s de <a href=\"http:\/\/iuexterior.org\/fr\/2020\/01\/31\/nace-iu-global-una-asamblea-virtual-para-permitir-la-participacion-de-la-militancia-sin-asamblea-local-cercana\/\"><strong>IU Global<\/strong><\/a>, la asamblea virtual por medio de la cual participa la militancia dispersa por el mundo sin acceso a una asamblea local propia.<\/p>\n\n\n\n<p class=\"wp-block-paragraph\"><em>\u00abUno de los objetivos estrat\u00e9gicos de <strong>IU Exterior<\/strong> es tejer redes de organizaci\u00f3n de la emigraci\u00f3n en la lucha por sus derechos\u00bb<\/em>, expone <strong>Mart\u00ednez<\/strong>. <em>\u00ab<a href=\"http:\/\/iuexterior.org\/fr\/afiliacion\/\">Animamos a la emigraci\u00f3n a afiliarse a IU<\/a> para seguir construyendo asambleas, as\u00ed como para fortalecer las ya constituidas. Hoy se hace realidad <strong>IU Provincia de Buenos Aires<\/strong>, pero esperamos que pronto sean realidades <strong>IU Par\u00eds<\/strong>, <strong>IU Londres<\/strong> o <strong>IU Estocolmo<\/strong>\u00bb<\/em>. La federaci\u00f3n se\u00f1ala que aquellas personas simpatizantes o militantes que residan en la provincia de Buenos Aires podr\u00e1n participar en esta asamblea fundacional y pasar a formar parte de esta asamblea previo contacto al correo <a href=\"mailto:exterior.organizacion@izquierdaunida.org\">exterior.organizacion@izquierdaunida.org<\/a>. <\/p>\n\n\n\n<h2 class=\"wp-block-heading\">\u00c0 propos de IU Exterior<\/h2>\n\n\n\n<p class=\"wp-block-paragraph\">La\u00a0<strong>Federaci\u00f3n del Exterior de Izquierda Unida\u00a0<\/strong><a href=\"http:\/\/iuexterior.org\/fr\/2017\/04\/30\/la-federacion-del-exterior-de-iu-nace-para-movilizar-politicamente-a-la-emigracion-espanola\/\">naci\u00f3 en abril de 2017<\/a>\u00a0para movilizar pol\u00edticamente a la emigraci\u00f3n espa\u00f1ola y darle voz a sus reivindicaciones. Actualmente contamos con asambleas estables en\u00a0<a rel=\"noreferrer noopener\" href=\"https:\/\/www.facebook.com\/IUBruselas\/\" target=\"_blank\">Bruselas<\/a>, B\u00e9lgica;\u00a0<a href=\"https:\/\/www.facebook.com\/IzquierdaUnidaBerlin\/\" target=\"_blank\" rel=\"noreferrer noopener\">Berl\u00edn<\/a>\u00a0y\u00a0<a rel=\"noreferrer noopener\" href=\"https:\/\/www.facebook.com\/iufrankfurt\/\" target=\"_blank\">Frankfurt<\/a>, en Alemania;\u00a0<a rel=\"noreferrer noopener\" href=\"https:\/\/www.facebook.com\/IzquierdaUnidaLuxemburgo\/\" target=\"_blank\">Luxemburgo<\/a>;\u00a0<a rel=\"noreferrer noopener\" href=\"https:\/\/www.facebook.com\/IUZurich\/\" target=\"_blank\">Z\u00farich<\/a>, en Suiza; en\u00a0<a href=\"https:\/\/www.facebook.com\/izquierdaunidalyon\/\">Lyon<\/a>\u00a0y\u00a0<a rel=\"noreferrer noopener\" href=\"https:\/\/www.facebook.com\/IUToulouse\/\" target=\"_blank\">Toulouse<\/a>, en Francia; y en\u00a0<a rel=\"noreferrer noopener\" href=\"https:\/\/www.facebook.com\/iuBuenosAires\/\" target=\"_blank\">Ciudad de Buenos Aires<\/a>, Argentina. Adem\u00e1s, la federaci\u00f3n dispone de la asamblea\u00a0<a href=\"http:\/\/iuexterior.org\/fr\/2020\/01\/31\/nace-iu-global-una-asamblea-virtual-para-permitir-la-participacion-de-la-militancia-sin-asamblea-local-cercana\/\">IU Global<\/a>, por medio de la cual participa la militancia dispersa por el mundo sin acceso a una asamblea local propia.<\/p>","protected":false},"excerpt":{"rendered":"<p>La constituci\u00f3n de la asamblea, que tendr\u00e1 lugar el 31 de octubre a las 14:00 h en Argentina (18:00 h en Europa continental), contar\u00e1 con la participaci\u00f3n de tres miembros &hellip;<\/p>","protected":false},"author":2,"featured_media":2073,"comment_status":"closed","ping_status":"closed","sticky":false,"template":"","format":"standard","meta":{"wds_primary_category":0,"footnotes":""},"categories":[110,1,25,8,32,125],"tags":[],"class_list":["post-2068","post","type-post","status-publish","format-standard","has-post-thumbnail","","category-acciones","category-actualidad","category-asambleas","category-destacado","category-federacion","category-iu-provincia-de-buenos-aires"],"_links":{"self":[{"href":"http:\/\/iuexterior.org\/fr\/wp-json\/wp\/v2\/posts\/2068","targetHints":{"allow":["GET"]}}],"collection":[{"href":"http:\/\/iuexterior.org\/fr\/wp-json\/wp\/v2\/posts"}],"about":[{"href":"http:\/\/iuexterior.org\/fr\/wp-json\/wp\/v2\/types\/post"}],"author":[{"embeddable":true,"href":"http:\/\/iuexterior.org\/fr\/wp-json\/wp\/v2\/users\/2"}],"replies":[{"embeddable":true,"href":"http:\/\/iuexterior.org\/fr\/wp-json\/wp\/v2\/comments?post=2068"}],"version-history":[{"count":4,"href":"http:\/\/iuexterior.org\/fr\/wp-json\/wp\/v2\/posts\/2068\/revisions"}],"predecessor-version":[{"id":2074,"href":"http:\/\/iuexterior.org\/fr\/wp-json\/wp\/v2\/posts\/2068\/revisions\/2074"}],"wp:featuredmedia":[{"embeddable":true,"href":"http:\/\/iuexterior.org\/fr\/wp-json\/wp\/v2\/media\/2073"}],"wp:attachment":[{"href":"http:\/\/iuexterior.org\/fr\/wp-json\/wp\/v2\/media?parent=2068"}],"wp:term":[{"taxonomy":"category","embeddable":true,"href":"http:\/\/iuexterior.org\/fr\/wp-json\/wp\/v2\/categories?post=2068"},{"taxonomy":"post_tag","embeddable":true,"href":"http:\/\/iuexterior.org\/fr\/wp-json\/wp\/v2\/tags?post=2068"}],"curies":[{"name":"wp","href":"https:\/\/api.w.org\/{rel}","templated":true}]}}