{"id":1544,"date":"2020-02-20T16:28:38","date_gmt":"2020-02-20T15:28:38","guid":{"rendered":"http:\/\/iuexterior.org\/?p=1544"},"modified":"2020-04-30T11:02:34","modified_gmt":"2020-04-30T09:02:34","slug":"iu-berlin-condena-el-atentado-terrorista-en-hanau","status":"publish","type":"post","link":"http:\/\/iuexterior.org\/fr\/2020\/02\/20\/iu-berlin-condena-el-atentado-terrorista-en-hanau\/","title":{"rendered":"IU Berl\u00edn condena el atentado terrorista en Hanau"},"content":{"rendered":"<p class=\"has-medium-font-size wp-block-paragraph\">Norma Lorenzo, coordinadora de la asamblea de la capital alemana, considera que \u00abel blanqueamiento del discurso fascista y la relativizaci\u00f3n de su peligro\u00bb dan pie a esta nueva ola de violencia.<\/p>\n\n\n\n<p class=\"wp-block-paragraph\">La federaci\u00f3n de <strong>Izquierda Unida en el Exterior (IU Exterior) <\/strong>y la asamblea de <strong>IU Berlin <\/strong>condenan el <a href=\"https:\/\/elpais.com\/internacional\/2020\/02\/20\/actualidad\/1582154297_526100.html\">atentado terrorista con motivaciones de extrema derecha<\/a> perpetrado en <strong>Hanau<\/strong>, en el Estado federal de <strong>Hessen<\/strong>. Asimismo, han mostrado su solidaridad con las familias de las v\u00edctimas del atentado y desean una pronta recuperaci\u00f3n de las personas heridas.<\/p>\n\n\n\n<p class=\"wp-block-paragraph\">La<strong> coordinadora de IU Berl\u00edn, Norma Lorenzo<\/strong>, ha remarcado que <em>\u00abeste atentado es el resultado del blanqueamiento del discurso fascista, as\u00ed como la relativizaci\u00f3n y normalizaci\u00f3n del peligro que supone\u00bb<\/em>. Por eso, ha llamado a <em>\u00abcomprometerse en la lucha antifascista, trabajando en un frente amplio de organizaciones y colectivos\u00bb<\/em>.<\/p>\n\n\n\n<p class=\"wp-block-paragraph\">Tanto <strong>IU Exterior <\/strong>como <strong>IU Berlin <\/strong>recuerdan que no se trata de un hecho aislado, sino que <em>\u00abforma parte de una escalada de violencia por parte de la extrema derecha\u00bb<\/em>. Hace escasamente una semana, la polic\u00eda y la fiscal\u00eda federal desmontaban una c\u00e9lula terrorista armada de extrema derecha que, seg\u00fan las investigaciones, planeaba atentados inminentes contra mezquitas. <\/p>\n\n\n\n<p class=\"wp-block-paragraph\">Adem\u00e1s, la federaci\u00f3n del Exterior de <strong>IU <\/strong>y su asamblea local en Berl\u00edn recuerdan los ataques constantes a centros de acogida, <a href=\"http:\/\/iuexterior.org\/fr\/2020\/02\/06\/iu-berlin-muestra-su-gran-preocupacion-por-la-ruptura-del-cordon-sanitario-hacia-la-ultraderecha-en-alemania\/\">tiroteos como el sufrido recientemente por el <strong>diputado del SPD Karamba Diaby<\/strong><\/a> (senegal\u00e9s de nacimiento y objetivo de muchos ataques racistas) en su oficina y del que sali\u00f3 ileso, o incluso asesinatos, como el sufrido el a\u00f1o pasado por el pol\u00edtico democristiano <strong>Walter L\u00fcbcke (CDU)<\/strong> a manos del neonazi <strong>Stephan Ernst<\/strong>.<\/p>\n\n\n\n<h2 class=\"wp-block-heading\">\u00c0 propos de IU Exterior<\/h2>\n\n\n\n<p class=\"wp-block-paragraph\">La&nbsp;<strong>Federaci\u00f3n del Exterior de Izquierda Unida&nbsp;<\/strong><a href=\"http:\/\/iuexterior.org\/fr\/2017\/04\/30\/la-federacion-del-exterior-de-iu-nace-para-movilizar-politicamente-a-la-emigracion-espanola\/\">naci\u00f3 en abril de 2017<\/a>&nbsp;para\n movilizar pol\u00edticamente a la emigraci\u00f3n espa\u00f1ola y darle voz a sus \nreivindicaciones. Actualmente contamos con asambleas estables en&nbsp;<a rel=\"noreferrer noopener\" href=\"https:\/\/www.facebook.com\/IUBruselas\/\" target=\"_blank\">Bruselas<\/a>, B\u00e9lgica;&nbsp;<a rel=\"noreferrer noopener\" href=\"https:\/\/www.facebook.com\/iuberlin\/\" target=\"_blank\">Berl\u00edn<\/a>&nbsp;y&nbsp;<a rel=\"noreferrer noopener\" href=\"https:\/\/www.facebook.com\/iufrankfurt\/\" target=\"_blank\">Frankfurt<\/a>, en Alemania;&nbsp;<a rel=\"noreferrer noopener\" href=\"https:\/\/www.facebook.com\/IzquierdaUnidaLuxemburgo\/\" target=\"_blank\">Luxemburgo<\/a>;&nbsp;<a rel=\"noreferrer noopener\" href=\"https:\/\/www.facebook.com\/IUZurich\/\" target=\"_blank\">Z\u00farich<\/a>, en Suiza; en&nbsp;<a href=\"https:\/\/www.facebook.com\/izquierdaunidalyon\/\">Lyon<\/a>,&nbsp;<a rel=\"noreferrer noopener\" href=\"https:\/\/www.facebook.com\/IUToulouse\/\" target=\"_blank\">Toulouse<\/a>&nbsp;y&nbsp;<a rel=\"noreferrer noopener\" href=\"https:\/\/www.facebook.com\/iufrancia\/\" target=\"_blank\">Montpellier<\/a>, en Francia; y en&nbsp;<a rel=\"noreferrer noopener\" href=\"https:\/\/www.facebook.com\/iuBuenosAires\/\" target=\"_blank\">Buenos Aires<\/a>, Argentina. Adem\u00e1s, la federaci\u00f3n dispone de la asamblea&nbsp;<a href=\"http:\/\/iuexterior.org\/fr\/2020\/01\/31\/nace-iu-global-una-asamblea-virtual-para-permitir-la-participacion-de-la-militancia-sin-asamblea-local-cercana\/\">IU Global<\/a>, por medio de la cual participa la militancia dispersa por el mundo sin acceso a una asamblea local propia.<\/p>","protected":false},"excerpt":{"rendered":"<p>Norma Lorenzo, coordinadora de la asamblea de la capital alemana, considera que \u00abel blanqueamiento del discurso fascista y la relativizaci\u00f3n de su peligro\u00bb dan pie a esta nueva ola de &hellip;<\/p>","protected":false},"author":2,"featured_media":1511,"comment_status":"closed","ping_status":"closed","sticky":false,"template":"","format":"standard","meta":{"wds_primary_category":0,"footnotes":""},"categories":[110,1,120,25,8,32,27],"tags":[],"class_list":["post-1544","post","type-post","status-publish","format-standard","has-post-thumbnail","","category-acciones","category-actualidad","category-antifascismo-solidaridad","category-asambleas","category-destacado","category-federacion","category-iu-berlin"],"_links":{"self":[{"href":"http:\/\/iuexterior.org\/fr\/wp-json\/wp\/v2\/posts\/1544","targetHints":{"allow":["GET"]}}],"collection":[{"href":"http:\/\/iuexterior.org\/fr\/wp-json\/wp\/v2\/posts"}],"about":[{"href":"http:\/\/iuexterior.org\/fr\/wp-json\/wp\/v2\/types\/post"}],"author":[{"embeddable":true,"href":"http:\/\/iuexterior.org\/fr\/wp-json\/wp\/v2\/users\/2"}],"replies":[{"embeddable":true,"href":"http:\/\/iuexterior.org\/fr\/wp-json\/wp\/v2\/comments?post=1544"}],"version-history":[{"count":2,"href":"http:\/\/iuexterior.org\/fr\/wp-json\/wp\/v2\/posts\/1544\/revisions"}],"predecessor-version":[{"id":1546,"href":"http:\/\/iuexterior.org\/fr\/wp-json\/wp\/v2\/posts\/1544\/revisions\/1546"}],"wp:featuredmedia":[{"embeddable":true,"href":"http:\/\/iuexterior.org\/fr\/wp-json\/wp\/v2\/media\/1511"}],"wp:attachment":[{"href":"http:\/\/iuexterior.org\/fr\/wp-json\/wp\/v2\/media?parent=1544"}],"wp:term":[{"taxonomy":"category","embeddable":true,"href":"http:\/\/iuexterior.org\/fr\/wp-json\/wp\/v2\/categories?post=1544"},{"taxonomy":"post_tag","embeddable":true,"href":"http:\/\/iuexterior.org\/fr\/wp-json\/wp\/v2\/tags?post=1544"}],"curies":[{"name":"wp","href":"https:\/\/api.w.org\/{rel}","templated":true}]}}