{"id":975,"date":"2019-02-08T15:00:50","date_gmt":"2019-02-08T14:00:50","guid":{"rendered":"http:\/\/iuexterior.org\/?p=975"},"modified":"2020-04-30T09:11:21","modified_gmt":"2020-04-30T07:11:21","slug":"iu-exterior-celebra-la-propuesta-de-unidos-podemos-para-promover-la-derogacion-del-voto-rogado","status":"publish","type":"post","link":"http:\/\/iuexterior.org\/eu\/2019\/02\/08\/iu-exterior-celebra-la-propuesta-de-unidos-podemos-para-promover-la-derogacion-del-voto-rogado\/","title":{"rendered":"IU Exterior celebra la propuesta de Unidos Podemos para promover la derogaci\u00f3n del voto rogado"},"content":{"rendered":"<h4 class=\"wp-block-heading\">La federaci\u00f3n de Izquierda Unida en el Exterior (IU Exterior) aplaude la medida, el resultado de una larga reivindicaci\u00f3n del exterior, tanto desde IU, como de organizaciones como Podemos en el Exterior, Marea Granate y los Consejos de Residentes en el extranjero. La propuesta propone modificar la ley electoral para acabar con los obst\u00e1culos y as\u00ed facilitar el derecho al voto de la emigraci\u00f3n. \u00abEstamos contentas con este avance, pero todav\u00eda queda mucho por hacer para que la ciudadan\u00eda en el exterior obtenga todos los derechos que se merece, como la creaci\u00f3n de una circunscripci\u00f3n del exterior\u00bb, reclama Mar\u00eda Mart\u00ednez, coportavoz de IU Exterior y n\u00famero 5 en la lista de IU a las elecciones europeas\u00bb.<\/h4>\n\n\n\n<p class=\"wp-block-paragraph\">Desde&nbsp;<strong>IU Exterior&nbsp;<\/strong>apoyamos la medida impulsada por el&nbsp;<strong>Grupo Confederal de Unidos Podemos-En Com\u00fa Podem-En Marea<\/strong>&nbsp;de \u201cagilizar los plazos y automatizar tr\u00e1mites, de modo que se evite el grave problema del retraso en la llegada de los votos a Espa\u00f1a, que deja a cientos de miles de compatriotas sin la posibilidad de votar.\u201d<br><br>El&nbsp;<strong>Grupo<\/strong>&nbsp;<strong>Confederal<\/strong>&nbsp;ya traslad\u00f3 al Senado en mayo de 2017, una moci\u00f3n para la derogaci\u00f3n del voto rogado que recibi\u00f3 el apoyo de todos los grupos parlamentarios. Sin embargo, hasta ahora nada hab\u00eda avanzado.<br><br><strong>Mar\u00eda Mart\u00ednez,<\/strong>&nbsp;ha precisado \u201ces una buena noticia, una peque\u00f1a victoria de toda la emigraci\u00f3n, sin embargo, nuestra Federaci\u00f3n considera que la reforma deber\u00e1 ir acompa\u00f1ada de medidas m\u00e1s espec\u00edficas que permitan la inscripci\u00f3n en el censo y la realizaci\u00f3n de tr\u00e1mites por v\u00eda telem\u00e1tica, o mejorar la difusi\u00f3n de informaci\u00f3n sobre c\u00f3mo participar en las convocatorias electorales y acabar con las irregularidades en las inscripciones de los censos\u201d \u201cNo nos olvidamos tampoco de los servicios consulares: se necesita incrementar los medios humanos y t\u00e9cnicos en los consulados, y por supuesto mejorar las condiciones laborales del servicio exterior\u201d, ha hecho hincapi\u00e9 Mart\u00ednez.<strong>&nbsp;<\/strong><\/p>\n\n\n\n<figure class=\"wp-block-embed-twitter wp-block-embed is-type-rich is-provider-twitter\"><div class=\"wp-block-embed__wrapper\">\n<blockquote class=\"twitter-tweet\" data-width=\"550\" data-dnt=\"true\"><p lang=\"es\" dir=\"ltr\">Las emigrantes tenemos que poder participar como cualquier ciudadana. <br><br>Ahora mismo solo en torno al 5% consigue superar la carrera de obst\u00e1culos que supone llegar a votar en unas elecciones desde el Exterior.<a href=\"https:\/\/twitter.com\/hashtag\/QueCuenteTuVoto?src=hash&amp;ref_src=twsrc%5Etfw\">#QueCuenteTuVoto<\/a> <a href=\"https:\/\/twitter.com\/hashtag\/NoTeHagasDeRogar?src=hash&amp;ref_src=twsrc%5Etfw\">#NoTeHagasDeRogar<\/a> <a href=\"https:\/\/t.co\/8tYN2FJt5C\">pic.twitter.com\/8tYN2FJt5C<\/a><\/p>&mdash; Mar\u00eda Mart\u00ednez (@MariaExterior) <a href=\"https:\/\/twitter.com\/MariaExterior\/status\/1093818044810489857?ref_src=twsrc%5Etfw\">February 8, 2019<\/a><\/blockquote><script async src=\"https:\/\/platform.twitter.com\/widgets.js\" charset=\"utf-8\"><\/script>\n<\/div><\/figure>\n\n\n\n<figure class=\"wp-block-embed-twitter wp-block-embed is-type-rich is-provider-twitter\"><div class=\"wp-block-embed__wrapper\">\nhttps:\/\/twitter.com\/velazquedu\/status\/1093863330916249600\n<\/div><\/figure>\n\n\n\n<p class=\"wp-block-paragraph\"><strong>IU Exterior,<\/strong>&nbsp;junto con Podemos en el Exterior y colectivos de la emigraci\u00f3n como Marea Granate y los Consejos de Residentes en el extranjero (CREs) llevan apoyando con diversas acciones la reforma de la ley electoral (LOREG), aprobada en 2011 por el Gobierno del PSOE con los votos a favor del PP, CiU y otras fuerzas pol\u00edticas, lo que ha supuesto una carrera de obst\u00e1culos casi insalvables para la emigraci\u00f3n. Tras la reforma, la participaci\u00f3n ha ca\u00eddo del 31% al 4-6%.<\/p>\n\n\n\n<p class=\"wp-block-paragraph\">Desde&nbsp;<strong>la federaci\u00f3n de Izquierda Unida en el Exterior&nbsp;<\/strong>&nbsp;se viene exigiendo adem\u00e1s la derogaci\u00f3n del voto rogado con la campa\u00f1a&nbsp;<a href=\"https:\/\/twitter.com\/hashtag\/notehagasderogar?f=tweets&amp;vertical=default&amp;src=hash\">#NoTeHagasDeRogar<\/a>, en la que la federaci\u00f3n de IU ped\u00eda insistentemente de forma diaria al Presidente del Gobierno, Pedro S\u00e1nchez, la derogaci\u00f3n de esta medida por medio de una cuenta atr\u00e1s hasta las pr\u00f3ximas elecciones Europeas, auton\u00f3micas y municipales.<\/p>\n\n\n\n<p class=\"wp-block-paragraph\"><\/p>\n\n\n\n<h2 class=\"wp-block-heading\" id=\"mce_1\">Kanpoko IUri buruz<\/h2>\n\n\n\n<p class=\"wp-block-paragraph\">La&nbsp;<strong>Federaci\u00f3n del Exterior de Izquierda Unida<\/strong><a href=\"http:\/\/iuexterior.org\/eu\/2017\/04\/30\/la-federacion-del-exterior-de-iu-nace-para-movilizar-politicamente-a-la-emigracion-espanola\/\">naci\u00f3 en abril de 2017<\/a>&nbsp;para movilizar pol\u00edticamente a la emigraci\u00f3n espa\u00f1ola y darle voz a sus reivindicaciones. Actualmente contamos con asambleas estables en&nbsp;<a rel=\"noreferrer noopener\" href=\"https:\/\/www.facebook.com\/IUBruselas\/\" target=\"_blank\">Bruselas<\/a>, B\u00e9lgica;&nbsp;<a rel=\"noreferrer noopener\" href=\"https:\/\/www.facebook.com\/iuberlin\/\" target=\"_blank\">Berl\u00edn<\/a>&nbsp;y&nbsp;<a rel=\"noreferrer noopener\" href=\"https:\/\/www.facebook.com\/iufrankfurt\/\" target=\"_blank\">Frankfurt<\/a>, en Alemania;&nbsp;<a rel=\"noreferrer noopener\" href=\"https:\/\/www.facebook.com\/IzquierdaUnidaLuxemburgo\/\" target=\"_blank\">Luxemburgo<\/a>;&nbsp;<a rel=\"noreferrer noopener\" href=\"https:\/\/www.facebook.com\/IUZurich\/\" target=\"_blank\">Z\u00farich<\/a>, en Suiza; en&nbsp;<a href=\"https:\/\/www.facebook.com\/izquierdaunidalyon\/\">Lyon<\/a>,&nbsp;<a rel=\"noreferrer noopener\" href=\"https:\/\/www.facebook.com\/IUToulouse\/\" target=\"_blank\">Toulouse<\/a>&nbsp;y&nbsp;<a rel=\"noreferrer noopener\" href=\"https:\/\/www.facebook.com\/iufrancia\/\" target=\"_blank\">Montpellier<\/a>, en Francia; y en&nbsp;<a rel=\"noreferrer noopener\" href=\"https:\/\/www.facebook.com\/iuBuenosAires\/\" target=\"_blank\">Buenos Aires<\/a>, Argentina.<\/p>","protected":false},"excerpt":{"rendered":"<p>La federaci\u00f3n de Izquierda Unida en el Exterior (IU Exterior) aplaude la medida, el resultado de una larga reivindicaci\u00f3n del exterior, tanto desde IU, como de organizaciones como Podemos en &hellip;<\/p>","protected":false},"author":3,"featured_media":760,"comment_status":"closed","ping_status":"closed","sticky":false,"template":"","format":"standard","meta":{"wds_primary_category":0,"footnotes":""},"categories":[110,1,8,32,111],"tags":[],"class_list":["post-975","post","type-post","status-publish","format-standard","has-post-thumbnail","","category-acciones","category-actualidad","category-destacado","category-federacion","category-voto-rogado"],"_links":{"self":[{"href":"http:\/\/iuexterior.org\/eu\/wp-json\/wp\/v2\/posts\/975","targetHints":{"allow":["GET"]}}],"collection":[{"href":"http:\/\/iuexterior.org\/eu\/wp-json\/wp\/v2\/posts"}],"about":[{"href":"http:\/\/iuexterior.org\/eu\/wp-json\/wp\/v2\/types\/post"}],"author":[{"embeddable":true,"href":"http:\/\/iuexterior.org\/eu\/wp-json\/wp\/v2\/users\/3"}],"replies":[{"embeddable":true,"href":"http:\/\/iuexterior.org\/eu\/wp-json\/wp\/v2\/comments?post=975"}],"version-history":[{"count":3,"href":"http:\/\/iuexterior.org\/eu\/wp-json\/wp\/v2\/posts\/975\/revisions"}],"predecessor-version":[{"id":1780,"href":"http:\/\/iuexterior.org\/eu\/wp-json\/wp\/v2\/posts\/975\/revisions\/1780"}],"wp:featuredmedia":[{"embeddable":true,"href":"http:\/\/iuexterior.org\/eu\/wp-json\/wp\/v2\/media\/760"}],"wp:attachment":[{"href":"http:\/\/iuexterior.org\/eu\/wp-json\/wp\/v2\/media?parent=975"}],"wp:term":[{"taxonomy":"category","embeddable":true,"href":"http:\/\/iuexterior.org\/eu\/wp-json\/wp\/v2\/categories?post=975"},{"taxonomy":"post_tag","embeddable":true,"href":"http:\/\/iuexterior.org\/eu\/wp-json\/wp\/v2\/tags?post=975"}],"curies":[{"name":"wp","href":"https:\/\/api.w.org\/{rel}","templated":true}]}}