{"id":929,"date":"2019-01-28T22:53:56","date_gmt":"2019-01-28T21:53:56","guid":{"rendered":"http:\/\/iuexterior.org\/?p=929"},"modified":"2020-04-30T08:58:47","modified_gmt":"2020-04-30T06:58:47","slug":"el-pleno-del-ayuntamiento-de-sevilla-aprueba-la-mocion-de-iu-con-propuestas-porunretornodigno","status":"publish","type":"post","link":"http:\/\/iuexterior.org\/eu\/2019\/01\/28\/el-pleno-del-ayuntamiento-de-sevilla-aprueba-la-mocion-de-iu-con-propuestas-porunretornodigno\/","title":{"rendered":"El Pleno del Ayuntamiento de Sevilla aprueba la moci\u00f3n de IU con propuestas #PorUnRetornoDigno"},"content":{"rendered":"<p class=\"has-medium-font-size wp-block-paragraph\">Aprobada por todas las formaciones pol\u00edticas con la abstenci\u00f3n del PP en uno de sus puntos, recoge algunas de las iniciativas de IU Exterior emanadas del documento <em><a href=\"http:\/\/iuexterior.org\/wp-content\/uploads\/2018\/11\/IU-Exterio_Retorno_UnaPerspectivaDesdeLaEmigracio%CC%81n_21_11_2018.pdf\">Retorno: una perspectiva desde la emigraci\u00f3n<\/a>.<\/em><\/p>\n\n\n\n<p class=\"wp-block-paragraph\">El pleno del Ayuntamiento de Sevilla ha aprobado este lunes una moci\u00f3n de <strong>Izquierda Unida (IU)<\/strong> en la que la formaci\u00f3n reclama una serie de medidas impulsadas desde el Consistorio, la Junta de Andaluc\u00eda y la Federaci\u00f3n Espa\u00f1ola de Municipios y Provincias (FEMP) para facilitar el retorno digno de las personas emigradas como consecuencia de la situaci\u00f3n econ\u00f3mica y laboral de Espa\u00f1a.<\/p>\n\n\n\n<p class=\"wp-block-paragraph\">La moci\u00f3n, defendida por la concejala de IU <strong>Eva Oliva<\/strong>, ha contado con enmiendas de Participa Sevilla y del PSOE con la \u00fanica abstenci\u00f3n del PP en una de las enmiendas, pero ha sido aprobada en su conjunto.<\/p>\n\n\n\n<p class=\"wp-block-paragraph\">Para el portavoz de IU en el Ayuntamiento de Sevilla,&nbsp;<strong>Daniel Gonz\u00e1lez Rojas<\/strong>, el discurso de la supuesta recuperaci\u00f3n econ\u00f3mica ligada al retorno&nbsp;<em>\u201cse viene abajo en cuanto se analizan un poco las cifras de la emigraci\u00f3n\u201d<\/em>. Asimismo, el tambi\u00e9n&nbsp;<strong>responsable de Pol\u00edtica Municipal de IU <\/strong>lamentaba&nbsp;<a href=\"http:\/\/iuexterior.org\/eu\/2018\/12\/27\/izquierda-unida-presentara-mociones-porunretornodigno-en-ayuntamientos-donde-tiene-representacion\/\">durante&nbsp;la&nbsp;presentaci\u00f3n&nbsp;del&nbsp;documento<\/a> que el gobierno local de&nbsp;<strong>Juan Espadas<\/strong>&nbsp;(PSOE) no haya impulsado durante este mandato ninguna iniciativa encaminada a&nbsp;<em>\u201cfavorecer una vuelta digna a quienes se vieron obligados a marcharse en busca de un futuro que aqu\u00ed se les negaba\u201d.<\/em> Estas propuestas han sido remitidas a todos los ayuntamientos en los que IU tiene representaci\u00f3n. <\/p>\n\n\n\n<p class=\"wp-block-paragraph\"><em>\u201cLos planes de retorno en s\u00ed mismos son insuficientes si no van acompa\u00f1ados de medidas a nivel estatal, auton\u00f3mico y municipal dirigidas a generar empleo y dar respuesta a las necesidades m\u00e1s b\u00e1sicas de la poblaci\u00f3n emigrante que retorna\u201d<\/em>, explica la <strong>coportavoz de IU Exterior Mar\u00eda Mart\u00ednez<\/strong>.&nbsp;<em>\u201cPor tanto, s\u00ed, es necesario elaborar planes de retorno, pero es m\u00e1s necesario a\u00fan poder asegurar unas condiciones de retorno favorables\u201d.<\/em><\/p>\n\n\n\n<p class=\"wp-block-paragraph\">En ese sentido, la moci\u00f3n plantea que <em>\u00ablos planes de retorno elaborados por las comunidades aut\u00f3nomas y los ayuntamientos han tenido un alcance muy limitado y un fuerte componente selectivo\u00bb<\/em>, pues <em>\u00abla mayor parte se han dirigido a personas j\u00f3venes, con un nivel de formaci\u00f3n alto y voluntad de emprender\u00bb<\/em>, cuando <em>\u00abhay muchos m\u00e1s perfiles de personas que desear\u00edan retornar y que no tienen el perfil indicado\u00bb<\/em>.<\/p>\n\n\n\n<p class=\"wp-block-paragraph\"><em>\u00abTampoco han tenido en cuenta participaci\u00f3n de las personas emigrantes en la elaboraci\u00f3n previa de estos planes\u00bb<\/em>, ha recordado la edil de IU <strong>Eva Oliva<\/strong>. Todo ello provoca la <em>\u00abfrustraci\u00f3n de no poder volver\u00bb<\/em> a las personas que se han visto obligadas a emigrar.<\/p>\n\n\n\n<p class=\"wp-block-paragraph\">Adem\u00e1s de en Sevilla, los miembros de la federaci\u00f3n de IU en el Exterior <a href=\"http:\/\/iuexterior.org\/eu\/2018\/12\/27\/izquierda-unida-presentara-mociones-porunretornodigno-en-ayuntamientos-donde-tiene-representacion\/\">han presentado ya<\/a> sus propuestas en Pozuelo de Alarc\u00f3n (Madrid), Villena (Alicante), Santander y Palencia.<\/p>\n\n\n\n<p class=\"has-medium-font-size wp-block-paragraph\">Kanpoko IUri buruz<\/p>\n\n\n\n<p class=\"wp-block-paragraph\">La&nbsp;<strong>Federaci\u00f3n del Exterior de Izquierda Unida<\/strong><a href=\"http:\/\/iuexterior.org\/eu\/2017\/04\/30\/la-federacion-del-exterior-de-iu-nace-para-movilizar-politicamente-a-la-emigracion-espanola\/\">naci\u00f3 en abril de 2017<\/a>&nbsp;para movilizar pol\u00edticamente a la emigraci\u00f3n espa\u00f1ola y darle voz a sus reivindicaciones. Actualmente contamos con asambleas estables en&nbsp;<a rel=\"noreferrer noopener\" href=\"https:\/\/www.facebook.com\/IUBruselas\/\" target=\"_blank\">Bruselas<\/a>, B\u00e9lgica;&nbsp;<a rel=\"noreferrer noopener\" href=\"https:\/\/www.facebook.com\/iuberlin\/\" target=\"_blank\">Berl\u00edn<\/a>&nbsp;y&nbsp;<a rel=\"noreferrer noopener\" href=\"https:\/\/www.facebook.com\/iufrankfurt\/\" target=\"_blank\">Frankfurt<\/a>, en Alemania;&nbsp;<a rel=\"noreferrer noopener\" href=\"https:\/\/www.facebook.com\/IzquierdaUnidaLuxemburgo\/\" target=\"_blank\">Luxemburgo<\/a>;&nbsp;<a rel=\"noreferrer noopener\" href=\"https:\/\/www.facebook.com\/IUZurich\/\" target=\"_blank\">Z\u00farich<\/a>, en Suiza; en&nbsp;<a href=\"https:\/\/www.facebook.com\/izquierdaunidalyon\/\">Lyon<\/a>,&nbsp;<a rel=\"noreferrer noopener\" href=\"https:\/\/www.facebook.com\/IUToulouse\/\" target=\"_blank\">Toulouse<\/a>&nbsp;y&nbsp;<a rel=\"noreferrer noopener\" href=\"https:\/\/www.facebook.com\/iufrancia\/\" target=\"_blank\">Montpellier<\/a>, en Francia; y en&nbsp;<a rel=\"noreferrer noopener\" href=\"https:\/\/www.facebook.com\/iuBuenosAires\/\" target=\"_blank\">Buenos Aires<\/a>, Argentina.<\/p>","protected":false},"excerpt":{"rendered":"<p>Aprobada por todas las formaciones pol\u00edticas con la abstenci\u00f3n del PP en uno de sus puntos, recoge algunas de las iniciativas de IU Exterior emanadas del documento Retorno: una perspectiva &hellip;<\/p>","protected":false},"author":2,"featured_media":932,"comment_status":"closed","ping_status":"closed","sticky":false,"template":"","format":"standard","meta":{"wds_primary_category":0,"footnotes":""},"categories":[110,1,8,32,114],"tags":[],"class_list":["post-929","post","type-post","status-publish","format-standard","has-post-thumbnail","","category-acciones","category-actualidad","category-destacado","category-federacion","category-retorno-digno"],"_links":{"self":[{"href":"http:\/\/iuexterior.org\/eu\/wp-json\/wp\/v2\/posts\/929","targetHints":{"allow":["GET"]}}],"collection":[{"href":"http:\/\/iuexterior.org\/eu\/wp-json\/wp\/v2\/posts"}],"about":[{"href":"http:\/\/iuexterior.org\/eu\/wp-json\/wp\/v2\/types\/post"}],"author":[{"embeddable":true,"href":"http:\/\/iuexterior.org\/eu\/wp-json\/wp\/v2\/users\/2"}],"replies":[{"embeddable":true,"href":"http:\/\/iuexterior.org\/eu\/wp-json\/wp\/v2\/comments?post=929"}],"version-history":[{"count":3,"href":"http:\/\/iuexterior.org\/eu\/wp-json\/wp\/v2\/posts\/929\/revisions"}],"predecessor-version":[{"id":1775,"href":"http:\/\/iuexterior.org\/eu\/wp-json\/wp\/v2\/posts\/929\/revisions\/1775"}],"wp:featuredmedia":[{"embeddable":true,"href":"http:\/\/iuexterior.org\/eu\/wp-json\/wp\/v2\/media\/932"}],"wp:attachment":[{"href":"http:\/\/iuexterior.org\/eu\/wp-json\/wp\/v2\/media?parent=929"}],"wp:term":[{"taxonomy":"category","embeddable":true,"href":"http:\/\/iuexterior.org\/eu\/wp-json\/wp\/v2\/categories?post=929"},{"taxonomy":"post_tag","embeddable":true,"href":"http:\/\/iuexterior.org\/eu\/wp-json\/wp\/v2\/tags?post=929"}],"curies":[{"name":"wp","href":"https:\/\/api.w.org\/{rel}","templated":true}]}}