{"id":2035,"date":"2020-07-21T09:22:00","date_gmt":"2020-07-21T07:22:00","guid":{"rendered":"http:\/\/iuexterior.org\/?p=2035"},"modified":"2020-10-02T09:45:48","modified_gmt":"2020-10-02T07:45:48","slug":"javier-garcia-nuevo-corresponsable-de-accion-politica-de-iu-exterior","status":"publish","type":"post","link":"http:\/\/iuexterior.org\/eu\/2020\/07\/21\/javier-garcia-nuevo-corresponsable-de-accion-politica-de-iu-exterior\/","title":{"rendered":"Javier Garc\u00eda, nuevo corresponsable de Acci\u00f3n Pol\u00edtica de IU Exterior"},"content":{"rendered":"<p class=\"has-medium-font-size wp-block-paragraph\">Militante de IU Global desde Reino Unido, asume la corresponsabilidad de Acci\u00f3n Pol\u00edtica en sustituci\u00f3n de Pilar Moura, a quien la federaci\u00f3n agradece su dedicaci\u00f3n.<\/p>\n\n\n\n<p class=\"wp-block-paragraph\">La Comisi\u00f3n Coordinadora de la federaci\u00f3n de <strong>Izquierda Unida en el Exterior (IU Exterior) <\/strong>aprob\u00f3 este 21 de julio el nombramiento de <strong>Javier Garc\u00eda<\/strong>, militante de la asamblea de <strong>IU Global<\/strong> desde el <strong>Reino Unido<\/strong>, como nuevo <strong><a href=\"http:\/\/iuexterior.org\/eu\/comision-colegiada\/\" target=\"_blank\" rel=\"noreferrer noopener\">corresponsable de Acci\u00f3n Pol\u00edtica de la federaci\u00f3n<\/a><\/strong>. Emigrante desde 2016, <strong>Garc\u00eda<\/strong> emigr\u00f3 primeramente a <strong>Suecia<\/strong>, para despu\u00e9s estudiar y trabajar en diferentes pa\u00edses&nbsp;hasta establecerse desde 2017 en <strong>Inglaterra<\/strong>.&nbsp;<\/p>\n\n\n\n<blockquote class=\"wp-block-quote is-layout-flow wp-block-quote-is-layout-flow\"><p><strong>Garc\u00eda <\/strong>asume esta tarea como un reto que afronta <em>\u00abcon ilusi\u00f3n y respeto<\/em>\u00bb y con la esperanza de \u00ab<em>poder ayudar a las compa\u00f1eras que viven en el exterior dando respuesta a las problem\u00e1ticas que se enfrentan y poder mejorar sus condiciones de vida\u00bb.<\/em>&nbsp;<\/p><\/blockquote>\n\n\n\n<p class=\"wp-block-paragraph\"><strong>Garc\u00eda<\/strong> compartir\u00e1 la corresponsabilidad de Acci\u00f3n Pol\u00edtica de la federaci\u00f3n con <strong>Mar\u00eda Perles<\/strong>, militante de <strong><a href=\"https:\/\/www.facebook.com\/IULeipzig\" target=\"_blank\" rel=\"noreferrer noopener\">IU Exterior en Leipzig<\/a><\/strong>. Tanto <strong>Perles <\/strong>como <strong>Garc\u00eda <\/strong>est\u00e1n organizando las acciones para proponer soluciones pol\u00edticas a las principales problem\u00e1ticas a las que se enfrenta la emigraci\u00f3n espa\u00f1ola, tales como el <a href=\"http:\/\/iuexterior.org\/eu\/category\/acciones\/voto-rogado\/\">sistema de voto desde el exterior<\/a>, la situaci\u00f3n de los <a href=\"http:\/\/iuexterior.org\/eu\/category\/acciones\/ett-holanda\/\">trabajadores y trabajadoras desplazadas y contratadas a trav\u00e9s de ETT en Holanda<\/a>, los planes por un <a href=\"http:\/\/iuexterior.org\/eu\/category\/acciones\/retorno-digno\/\">retorno digno de la emigraci\u00f3n<\/a>, el apoyo a la <a href=\"http:\/\/iuexterior.org\/eu\/category\/acciones\/servicio-exterior\/\">movilizaci\u00f3n del personal laboral exterior<\/a> por una regularizaci\u00f3n salarial, o la <a href=\"http:\/\/iuexterior.org\/eu\/category\/acciones\/ley-de-descendientes\/\">Ley de Nacionalidad para Descendientes<\/a>, <a href=\"http:\/\/iuexterior.org\/eu\/category\/acciones\/\">entre otros<\/a>.&nbsp;<\/p>\n\n\n\n<p class=\"wp-block-paragraph\"><strong>Garc\u00eda <\/strong>sustituye as\u00ed a <strong>Pilar Moura<\/strong> en su dedicaci\u00f3n a esta corresponsabilidad. Descendiente de familia espa\u00f1ola, <strong>Moura <\/strong>continuar\u00e1 colaborando con el trabajo de la federaci\u00f3n en materia de la <a href=\"http:\/\/iuexterior.org\/eu\/category\/acciones\/ley-de-descendientes\/\">Ley de Nacionalidad para Descendientes<\/a> y en las actividades de su asamblea, <strong><a href=\"http:\/\/iuexterior.org\/eu\/category\/asambleas\/iu-buenos-aires\/\">IU Buenos Aires<\/a><\/strong>.<\/p>\n\n\n\n<p class=\"wp-block-paragraph\">Con la incorporaci\u00f3n <strong>Garc\u00eda<\/strong>, la <strong><a href=\"http:\/\/iuexterior.org\/eu\/comision-colegiada\/\">Comisi\u00f3n Colegiada de IU Exterior<\/a><\/strong> pasa a estar formada por <strong>Nerea Fern\u00e1ndez<\/strong> y <strong>Eduardo Velazquez<\/strong>, coportavoces y cocoordinadores; <strong>Noa Rom\u00e1n <\/strong>y <strong>Jaime Mart\u00ednez, <\/strong>organizaci\u00f3n y fianzas<strong>, Mar\u00eda Perles<\/strong>, corresponsable de Acci\u00f3n Pol\u00edtica; y <strong>Alicia Gab\u00e1n <\/strong>y <strong>Juan Blanco<\/strong>, corresponsables de Comunicaci\u00f3n Pol\u00edtica.<\/p>\n\n\n\n<h2 class=\"wp-block-heading\">Kanpoko IUri buruz<\/h2>\n\n\n\n<p class=\"wp-block-paragraph translation-block\">Izquierda Unidaren Kanpoko Federazioa 2017ko apirilean sortu zen espainiar emigrazioa politikoki mobilizatzeko eta bere aldarrikapenei ahotsa emateko. Gaur egun, asanblada egonkorrak ditugu Bruselan, Belgikan; Berlinen eta Frankfurten, Alemanian; Luxenburgon; Zurichen, Suitzan; Lyonen eta Tolosan, Frantzian; eta Buenos Airesen, Argentinan. Gainera, federazioak IU Global asanblada du, eta horren bidez, munduan zehar sakabanatuta dagoen militantziak parte hartzen du, tokiko asanblada propiora sartzeko aukerarik gabe.<\/p>","protected":false},"excerpt":{"rendered":"<p>Militante de IU Global desde Reino Unido, asume la corresponsabilidad de Acci\u00f3n Pol\u00edtica en sustituci\u00f3n de Pilar Moura, a quien la federaci\u00f3n agradece su dedicaci\u00f3n. La Comisi\u00f3n Coordinadora de la &hellip;<\/p>","protected":false},"author":3,"featured_media":2036,"comment_status":"closed","ping_status":"closed","sticky":false,"template":"","format":"standard","meta":{"wds_primary_category":0,"footnotes":""},"categories":[1,32],"tags":[],"class_list":["post-2035","post","type-post","status-publish","format-standard","has-post-thumbnail","","category-actualidad","category-federacion"],"_links":{"self":[{"href":"http:\/\/iuexterior.org\/eu\/wp-json\/wp\/v2\/posts\/2035","targetHints":{"allow":["GET"]}}],"collection":[{"href":"http:\/\/iuexterior.org\/eu\/wp-json\/wp\/v2\/posts"}],"about":[{"href":"http:\/\/iuexterior.org\/eu\/wp-json\/wp\/v2\/types\/post"}],"author":[{"embeddable":true,"href":"http:\/\/iuexterior.org\/eu\/wp-json\/wp\/v2\/users\/3"}],"replies":[{"embeddable":true,"href":"http:\/\/iuexterior.org\/eu\/wp-json\/wp\/v2\/comments?post=2035"}],"version-history":[{"count":3,"href":"http:\/\/iuexterior.org\/eu\/wp-json\/wp\/v2\/posts\/2035\/revisions"}],"predecessor-version":[{"id":2039,"href":"http:\/\/iuexterior.org\/eu\/wp-json\/wp\/v2\/posts\/2035\/revisions\/2039"}],"wp:featuredmedia":[{"embeddable":true,"href":"http:\/\/iuexterior.org\/eu\/wp-json\/wp\/v2\/media\/2036"}],"wp:attachment":[{"href":"http:\/\/iuexterior.org\/eu\/wp-json\/wp\/v2\/media?parent=2035"}],"wp:term":[{"taxonomy":"category","embeddable":true,"href":"http:\/\/iuexterior.org\/eu\/wp-json\/wp\/v2\/categories?post=2035"},{"taxonomy":"post_tag","embeddable":true,"href":"http:\/\/iuexterior.org\/eu\/wp-json\/wp\/v2\/tags?post=2035"}],"curies":[{"name":"wp","href":"https:\/\/api.w.org\/{rel}","templated":true}]}}