{"id":1504,"date":"2020-02-06T14:21:05","date_gmt":"2020-02-06T13:21:05","guid":{"rendered":"http:\/\/iuexterior.org\/?p=1504"},"modified":"2020-04-30T11:17:10","modified_gmt":"2020-04-30T09:17:10","slug":"iu-berlin-muestra-su-gran-preocupacion-por-la-ruptura-del-cordon-sanitario-hacia-la-ultraderecha-en-alemania","status":"publish","type":"post","link":"http:\/\/iuexterior.org\/eu\/2020\/02\/06\/iu-berlin-muestra-su-gran-preocupacion-por-la-ruptura-del-cordon-sanitario-hacia-la-ultraderecha-en-alemania\/","title":{"rendered":"IU Berl\u00edn muestra su \u00abgran preocupaci\u00f3n\u00bb por la ruptura del cord\u00f3n sanitario hacia la ultraderecha en Alemania"},"content":{"rendered":"<p class=\"has-medium-font-size wp-block-paragraph\"><em>\u00abSi hab\u00eda una norma no escrita en Alemania es que no se pactaban los gobiernos con la extrema derecha. Esa norma ha llegado a su fin el 5 de febrero de 2020\u00bb<\/em>, manifiestan desde la asamblea de Izquierda Unida en la capital alemana. <\/p>\n\n\n\n<p class=\"wp-block-paragraph\">Este <strong>mi\u00e9rcoles, 5 de febrero<\/strong>, el liberal <strong>Thomas Kemmerich (de FDP)<\/strong> ha firmado en <strong>Turingia <\/strong>un gobierno de coalici\u00f3n en minor\u00eda con <strong>CDU (democristianos)<\/strong> y con el apoyo externo de la ultraderecha de <strong>Alternativa para Alemania (AfD)<\/strong>, a pesar de que fue <strong>Die Linke (La Izquierda)<\/strong> el ganador de las elecciones que se celebraron el <strong>27 de octubre de 2019<\/strong> en este Estado alem\u00e1n. <\/p>\n\n\n\n<p class=\"wp-block-paragraph\"><em>\u00abLa aritm\u00e9tica era dif\u00edcil, pero podr\u00eda haberse logrado un gobierno de coalici\u00f3n de la izquierda, socialdem\u00f3cratas y verdes en minor\u00eda\u00bb<\/em>, valoran desde la asamblea de la federaci\u00f3n de <strong>Izquierda Unida en el Exterior (IU Exterior)<\/strong> en Berl\u00edn <strong>(IU Berl\u00edn)<\/strong>. <em>\u00abIncluso se especul\u00f3 con una alianza de la izquierda con los democristianos, con tal de evitar que la extrema derecha tuviera un rol fundamental en <strong>Turingia<\/strong>\u00bb<\/em>. <\/p>\n\n\n\n<blockquote class=\"twitter-tweet\"><p lang=\"es\" dir=\"ltr\">&quot;Hoy es un d\u00eda negro para Alemania, porque supone romper con la tradici\u00f3n de poner un cord\u00f3n sanitario contra la extrema derecha&quot;<br><br>Luis Sanz, responsable de Acci\u00f3n Pol\u00edtica de IU Berl\u00edn.<a href=\"https:\/\/twitter.com\/hashtag\/Kemmerich?src=hash&amp;ref_src=twsrc%5Etfw\">#Kemmerich<\/a> <a href=\"https:\/\/twitter.com\/hashtag\/Thueringen?src=hash&amp;ref_src=twsrc%5Etfw\">#Thueringen<\/a> <a href=\"https:\/\/twitter.com\/hashtag\/AFDP?src=hash&amp;ref_src=twsrc%5Etfw\">#AFDP<\/a> <a href=\"https:\/\/t.co\/HXy9ZEI6PU\">pic.twitter.com\/HXy9ZEI6PU<\/a><\/p>&mdash; IU Berlin&#x1f53b; (@IU_Berlin) <a href=\"https:\/\/twitter.com\/IU_Berlin\/status\/1225126709441318912?ref_src=twsrc%5Etfw\">February 5, 2020<\/a><\/blockquote> <script async src=\"https:\/\/platform.twitter.com\/widgets.js\" charset=\"utf-8\"><\/script>\n\n\n\n<p class=\"wp-block-paragraph\">Desde la asamblea de <strong>IU Berl\u00edn<\/strong>, cuyos miembros han participado desde la capital alemana y desde <strong>Leipzig <\/strong>en las protestas convocadas, valoran este acuerdo como <em>\u00abmuy peligroso\u00bb<\/em>, porque la extrema derecha en <strong>Alemania <\/strong><em>\u00absigue derribando barreras hasta ahora infranqueables\u00bb<\/em>.<\/p>\n\n\n\n<figure class=\"wp-block-embed-twitter wp-block-embed is-type-rich is-provider-twitter\"><div class=\"wp-block-embed__wrapper\">\nhttps:\/\/twitter.com\/Manu_Abu_Carlos\/status\/1225097370880368645\n<\/div><\/figure>\n\n\n\n<p class=\"wp-block-paragraph\">\u00abMuy preocupante que en Europa se empiece a levantar el cord\u00f3n sanitario a fuerzas abiertamente xen\u00f3fobas y fascistas\u00bb, ha manifestado a su vez el <strong>eurodiputado de IU Manu Pineda<\/strong>.<\/p>\n\n\n\n<p class=\"wp-block-paragraph\"><em>\u00abYa han marcado la agenda en los \u00faltimos a\u00f1os con temas como la inmigraci\u00f3n y el derecho al asilo, pero siempre desde una posici\u00f3n de debilidad y de bloqueo por parte del resto de los partidos parlamentarios del espectro alem\u00e1n\u00bb<\/em>. Para <strong>IU Berl\u00edn<\/strong>, <em>\u00abesta formaci\u00f3n de Gobierno en Turingia marca no solo un antes y un despu\u00e9s en este territorio, sino en toda Alemania, y abre la posibilidad a que este camino se abra paso en otros territorios del Estado\u00bb.<\/em><\/p>\n\n\n\n<blockquote class=\"twitter-tweet\"><p lang=\"nl\" dir=\"ltr\">&quot;Leipzig hass die AfD&quot; <br>Leipzig odia a la AfD.<a href=\"https:\/\/twitter.com\/hashtag\/fcknzs?src=hash&amp;ref_src=twsrc%5Etfw\">#fcknzs<\/a> <a href=\"https:\/\/twitter.com\/hashtag\/fckfdp?src=hash&amp;ref_src=twsrc%5Etfw\">#fckfdp<\/a> <a href=\"https:\/\/twitter.com\/hashtag\/fckcdu?src=hash&amp;ref_src=twsrc%5Etfw\">#fckcdu<\/a> <a href=\"https:\/\/twitter.com\/hashtag\/fckafd?src=hash&amp;ref_src=twsrc%5Etfw\">#fckafd<\/a> <a href=\"https:\/\/t.co\/hRUffJ1iKi\">pic.twitter.com\/hRUffJ1iKi<\/a><\/p>&mdash; IU Leipzig&#x1f53b; (@IU_Leipzig) <a href=\"https:\/\/twitter.com\/IU_Leipzig\/status\/1225113807330082818?ref_src=twsrc%5Etfw\">February 5, 2020<\/a><\/blockquote> <script async src=\"https:\/\/platform.twitter.com\/widgets.js\" charset=\"utf-8\"><\/script>\n\n\n\n<p class=\"wp-block-paragraph\">Este avance de la extrema derecha en <strong>Alemania <\/strong>pone en <em>\u00absituaci\u00f3n de riesgo\u00bb<\/em> no solo a toda la inmigraci\u00f3n que reside en el pa\u00eds, apuntan desde <strong>IU Berl\u00edn<\/strong>, sino <em>\u00aba cualquier persona que no piense como ellos\u00bb<\/em>. Este avance parlamentario <em>\u00abda adem\u00e1s alas para que el terror blanco siga creciendo como ha hecho hasta ahora\u00bb<\/em>, como muestran los ataques a centros de acogida, tiroteos como el sufrido por el diputado del <strong>SPD Karamba Diaby <\/strong>(senegal\u00e9s de nacimiento y objetivo de muchos ataques racistas) en su oficina y del que sali\u00f3 ileso, o incluso asesinatos, como el sufrido por el pol\u00edtico democristiano <strong>Walter L\u00fcbcke (CDU)<\/strong> a manos del neonazi <strong>Stephan Ernst<\/strong>, enumeran desde <strong>IU Berl\u00edn<\/strong>.<\/p>\n\n\n\n<p class=\"wp-block-paragraph\"><em>\u00abM\u00e1s que nunca es necesaria la unidad de todo el antifascismo, tanto en las calles como en las instituciones, a nivel pol\u00edtico, social y cultural, para que Alemania no vuelva a sus tiempos m\u00e1s oscuros\u00bb<\/em>, reclaman desde <strong>IU Berl\u00edn<\/strong>. <em>\u00abPor eso hacemos un llamamiento a toda la comunidad espa\u00f1ola en Alemania a organizarse. La puerta de nuestras asambleas est\u00e1 siempre abierta para toda aquella persona que quiera combatir al fascismo\u00bb<\/em>.<\/p>\n\n\n\n<h2 class=\"wp-block-heading\">Kanpoko IUri buruz<\/h2>\n\n\n\n<p class=\"wp-block-paragraph\">La&nbsp;<strong>Federaci\u00f3n del Exterior de Izquierda Unida&nbsp;<\/strong><a href=\"http:\/\/iuexterior.org\/eu\/2017\/04\/30\/la-federacion-del-exterior-de-iu-nace-para-movilizar-politicamente-a-la-emigracion-espanola\/\">naci\u00f3 en abril de 2017<\/a>&nbsp;para\n movilizar pol\u00edticamente a la emigraci\u00f3n espa\u00f1ola y darle voz a sus \nreivindicaciones. Actualmente contamos con asambleas estables en&nbsp;<a rel=\"noreferrer noopener\" href=\"https:\/\/www.facebook.com\/IUBruselas\/\" target=\"_blank\">Bruselas<\/a>, B\u00e9lgica;&nbsp;<a rel=\"noreferrer noopener\" href=\"https:\/\/www.facebook.com\/iuberlin\/\" target=\"_blank\">Berl\u00edn<\/a>&nbsp;y&nbsp;<a rel=\"noreferrer noopener\" href=\"https:\/\/www.facebook.com\/iufrankfurt\/\" target=\"_blank\">Frankfurt<\/a>, en Alemania;&nbsp;<a rel=\"noreferrer noopener\" href=\"https:\/\/www.facebook.com\/IzquierdaUnidaLuxemburgo\/\" target=\"_blank\">Luxemburgo<\/a>;&nbsp;<a rel=\"noreferrer noopener\" href=\"https:\/\/www.facebook.com\/IUZurich\/\" target=\"_blank\">Z\u00farich<\/a>, en Suiza; en&nbsp;<a href=\"https:\/\/www.facebook.com\/izquierdaunidalyon\/\">Lyon<\/a>,&nbsp;<a rel=\"noreferrer noopener\" href=\"https:\/\/www.facebook.com\/IUToulouse\/\" target=\"_blank\">Toulouse<\/a>&nbsp;y&nbsp;<a rel=\"noreferrer noopener\" href=\"https:\/\/www.facebook.com\/iufrancia\/\" target=\"_blank\">Montpellier<\/a>, en Francia; y en&nbsp;<a rel=\"noreferrer noopener\" href=\"https:\/\/www.facebook.com\/iuBuenosAires\/\" target=\"_blank\">Buenos Aires<\/a>, Argentina. Adem\u00e1s, la federaci\u00f3n dispone de la asamblea&nbsp;<a href=\"http:\/\/iuexterior.org\/eu\/2020\/01\/31\/nace-iu-global-una-asamblea-virtual-para-permitir-la-participacion-de-la-militancia-sin-asamblea-local-cercana\/\">IU Global<\/a>, por medio de la cual participa la militancia dispersa por el mundo sin acceso a una asamblea local propia.<\/p>","protected":false},"excerpt":{"rendered":"<p>\u00abSi hab\u00eda una norma no escrita en Alemania es que no se pactaban los gobiernos con la extrema derecha. Esa norma ha llegado a su fin el 5 de febrero &hellip;<\/p>","protected":false},"author":2,"featured_media":1511,"comment_status":"closed","ping_status":"closed","sticky":false,"template":"","format":"standard","meta":{"wds_primary_category":0,"footnotes":""},"categories":[110,1,120,25,8,27],"tags":[],"class_list":["post-1504","post","type-post","status-publish","format-standard","has-post-thumbnail","","category-acciones","category-actualidad","category-antifascismo-solidaridad","category-asambleas","category-destacado","category-iu-berlin"],"_links":{"self":[{"href":"http:\/\/iuexterior.org\/eu\/wp-json\/wp\/v2\/posts\/1504","targetHints":{"allow":["GET"]}}],"collection":[{"href":"http:\/\/iuexterior.org\/eu\/wp-json\/wp\/v2\/posts"}],"about":[{"href":"http:\/\/iuexterior.org\/eu\/wp-json\/wp\/v2\/types\/post"}],"author":[{"embeddable":true,"href":"http:\/\/iuexterior.org\/eu\/wp-json\/wp\/v2\/users\/2"}],"replies":[{"embeddable":true,"href":"http:\/\/iuexterior.org\/eu\/wp-json\/wp\/v2\/comments?post=1504"}],"version-history":[{"count":7,"href":"http:\/\/iuexterior.org\/eu\/wp-json\/wp\/v2\/posts\/1504\/revisions"}],"predecessor-version":[{"id":1813,"href":"http:\/\/iuexterior.org\/eu\/wp-json\/wp\/v2\/posts\/1504\/revisions\/1813"}],"wp:featuredmedia":[{"embeddable":true,"href":"http:\/\/iuexterior.org\/eu\/wp-json\/wp\/v2\/media\/1511"}],"wp:attachment":[{"href":"http:\/\/iuexterior.org\/eu\/wp-json\/wp\/v2\/media?parent=1504"}],"wp:term":[{"taxonomy":"category","embeddable":true,"href":"http:\/\/iuexterior.org\/eu\/wp-json\/wp\/v2\/categories?post=1504"},{"taxonomy":"post_tag","embeddable":true,"href":"http:\/\/iuexterior.org\/eu\/wp-json\/wp\/v2\/tags?post=1504"}],"curies":[{"name":"wp","href":"https:\/\/api.w.org\/{rel}","templated":true}]}}