{"id":658,"date":"2018-09-15T00:45:45","date_gmt":"2018-09-14T22:45:45","guid":{"rendered":"http:\/\/iuexterior.org\/?p=658"},"modified":"2020-04-30T08:00:59","modified_gmt":"2020-04-30T06:00:59","slug":"daelpasoaiu-defiende-tus-derechos-con-iu-exterior","status":"publish","type":"post","link":"http:\/\/iuexterior.org\/en\/2018\/09\/15\/daelpasoaiu-defiende-tus-derechos-con-iu-exterior\/","title":{"rendered":"#DaelpasoaIU: defiende tus derechos desde la emigraci\u00f3n con IU Exterior"},"content":{"rendered":"<div class=\"wp-block-group\"><div class=\"wp-block-group__inner-container is-layout-flow wp-block-group-is-layout-flow\">\n<h4>Alemania, Canad\u00e1, Luxemburgo, Suiza, B\u00e9lgica&#8230; en IU Exterior militamos #DesdeTodasPartes, y nos gustar\u00eda contar tambi\u00e9n contigo. \u00bfQuieres saber por qu\u00e9 militamos en IU? \u00a1Con\u00f3cenos y <a href=\"http:\/\/iuexterior.org\/en\/contacto\/\">#DaelpasoaIU<\/a>!<\/h4>\n<p><a href=\"https:\/\/twitter.com\/MariaExterior\"><strong>Mar\u00eda Mart\u00ednez<\/strong><\/a> es coportavoz de la federaci\u00f3n y cocoordinadora de la asamblea de <a href=\"https:\/\/twitter.com\/IU_Berlin\"><strong>IU Berlin<\/strong><\/a>.<\/p>\n<p>https:\/\/twitter.com\/MariaExterior\/status\/1036681255948042240<\/p>\n<p><a href=\"https:\/\/twitter.com\/velazquedu\"><strong>Eduardo Vel\u00e1zquez<\/strong><\/a> es tambi\u00e9n coportavoz de nuestra federaci\u00f3n, ahora desde Espa\u00f1a como emigrante retornado.<\/p>\n<blockquote class=\"twitter-tweet\" data-lang=\"en\">\n<p dir=\"ltr\" lang=\"es\">Me afili\u00e9 a <a href=\"https:\/\/twitter.com\/iunida?ref_src=twsrc%5Etfw\">@iunida<\/a> en 2013 y si algo me he planteado en estos cinco a\u00f1os es por qu\u00e9 no los habr\u00e9 hecho antes. Necesitamos construir entre todos y todas la expresi\u00f3n pol\u00edtica organizada de los perdedores de la globalizaci\u00f3n. Est\u00e9s donde est\u00e9s. <a href=\"https:\/\/twitter.com\/hashtag\/DaelpasoaIU?src=hash&amp;ref_src=twsrc%5Etfw\">#DaelpasoaIU<\/a> <a href=\"https:\/\/twitter.com\/IUExterior?ref_src=twsrc%5Etfw\">@IUExterior<\/a> <a href=\"https:\/\/t.co\/nthB8b9J8J\">pic.twitter.com\/nthB8b9J8J<\/a><\/p>\n<p>\u2014 Eduardo Vel\u00e1zquez&#x1f53b; (@velazquedu) <a href=\"https:\/\/twitter.com\/velazquedu\/status\/1040336876111126528?ref_src=twsrc%5Etfw\">September 13, 2018<\/a><\/p>\n<\/blockquote>\n<p><script async=\"\" src=\"https:\/\/platform.twitter.com\/widgets.js\" charset=\"utf-8\"><\/script><\/p>\n<p><a href=\"https:\/\/twitter.com\/PaluVelasco\"><strong>Paula Velasco<\/strong><\/a> es corresponsable del \u00e1rea de Acci\u00f3n Pol\u00edtica de IU Exterior y milita desde Vancouver, Canad\u00e1.<\/p>\n<p><blockquote class=\"twitter-tweet\" data-width=\"550\" data-dnt=\"true\"><p lang=\"es\" dir=\"ltr\">Soy militante de @iunida porque creo que un mundo mejor es posible. Porque quiero un pa\u00eds feminista, por la justicia social. Y t\u00fa, \u00bfTe sumas a la lucha? <a href=\"https:\/\/twitter.com\/hashtag\/DaelpasoaIU?src=hash&amp;ref_src=twsrc%5Etfw\">#DaelpasoaIU<\/a> <a href=\"https:\/\/t.co\/fIEtYaWobY\">pic.twitter.com\/fIEtYaWobY<\/a><\/p>&mdash; Paula (@PaluVelasco) <a href=\"https:\/\/twitter.com\/PaluVelasco\/status\/1040297388928262145?ref_src=twsrc%5Etfw\">September 13, 2018<\/a><\/blockquote><script async src=\"https:\/\/platform.twitter.com\/widgets.js\" charset=\"utf-8\"><\/script><\/p>\n<p><a href=\"https:\/\/twitter.com\/iacbe\"><strong>Jaime Mart\u00ednez<\/strong><\/a> es nuestro responsable de Redes Sociales y coordinador de IU Berl\u00edn.<\/p>\n<p>https:\/\/twitter.com\/iacbe\/status\/1040334372581376006<\/p>\n<p><a href=\"https:\/\/twitter.com\/agbarrio\"><strong>Alicia Gab\u00e1n<\/strong><\/a> es corresponsable del \u00e1rea de Comunicaci\u00f3n de IU Exterior y milita en <a href=\"https:\/\/twitter.com\/IUBruselas\"><strong>IU Brussels<\/strong><\/a>.<\/p>\n<p>https:\/\/twitter.com\/agbarrio\/status\/1040629650702118913<\/p>\n<p><a href=\"https:\/\/twitter.com\/AldeaGlobal\"><strong>Juan Blanco<\/strong><\/a> es tambi\u00e9n corresponsable de Comunicaci\u00f3n y milita en la asamblea de <a href=\"https:\/\/twitter.com\/IULuxemburgo\"><strong>IU Luxembourg<\/strong><\/a>.<\/p>\n<p>https:\/\/twitter.com\/AldeaGlobal\/status\/1036669853166391298<\/p>\n<p><a href=\"https:\/\/twitter.com\/pez_arcoiris\"><strong>Mar\u00eda Perles<\/strong><\/a> es miembro del grupo de trabajo de Acci\u00f3n Pol\u00edtica y milita desde Leipzig.<\/p>\n<p>https:\/\/twitter.com\/pez_arcoiris\/status\/1040507690630504448<\/p>\n<p><a href=\"https:\/\/twitter.com\/manolojoglar\"><strong>Manuel Joglar<\/strong><\/a> es el coordinador de <a href=\"https:\/\/twitter.com\/IUZurich\"><strong>IU Zurich<\/strong><\/a> y es tambi\u00e9n miembro del grupo de trabajo de Comunicaci\u00f3n.<\/p>\n<p>https:\/\/www.facebook.com\/IUZurich\/videos\/2030652113913301\/<\/p>\n<p>Y por \u00faltimo, <a href=\"https:\/\/twitter.com\/ivanbhdez\"><strong>Iv\u00e1n Batista<\/strong><\/a>, militante en Sajonia, es la m\u00e1s reciente incorporaci\u00f3n a Comunicaci\u00f3n de IU Exterior.<\/p>\n<p>https:\/\/twitter.com\/ivanbhdez\/status\/1040506466137006081<\/p>\n<p>\u00bfQuieres seguir conoci\u00e9ndonos? Descubre qui\u00e9nes forman la <a href=\"http:\/\/iuexterior.org\/en\/comision-colegiada\/\">Comisi\u00f3n Colegiada de IU Exterior<\/a>.<\/p>\n<h3>About United Left Abroad<\/h3>\n<p>La\u00a0<b>Federaci\u00f3n del Exterior de Izquierda Unida<\/b>\u00a0<a href=\"http:\/\/iuexterior.org\/en\/2017\/04\/30\/la-federacion-del-exterior-de-iu-nace-para-movilizar-politicamente-a-la-emigracion-espanola\/\">naci\u00f3 en abril de 2017<\/a>\u00a0para movilizar pol\u00edticamente a la emigraci\u00f3n espa\u00f1ola y darle voz a sus reivindicaciones. Actualmente contamos con asambleas estables en\u00a0<a href=\"https:\/\/www.facebook.com\/IUBruselas\/\">Bruselas<\/a>, B\u00e9lgica;\u00a0<a href=\"https:\/\/www.facebook.com\/iuberlin\/\">Berl\u00edn<\/a>\u00a0and\u00a0<a href=\"https:\/\/www.facebook.com\/iufrankfurt\/\">Frankfurt<\/a>, en Alemania;\u00a0<a href=\"https:\/\/www.facebook.com\/IzquierdaUnidaLuxemburgo\/\">Luxemburgo<\/a>;\u00a0<a href=\"https:\/\/www.facebook.com\/IUZurich\/\">Z\u00farich<\/a>, en Suiza; en\u00a0<a href=\"https:\/\/www.facebook.com\/izquierdaunidalyon\/\">Lyon<\/a>\u00a0and\u00a0<a href=\"https:\/\/www.facebook.com\/IUToulouse\/\">Toulouse<\/a>, en Francia; y en\u00a0<a href=\"https:\/\/www.facebook.com\/iuBuenosAires\/\">Buenos Aires<\/a>, Argentina.<\/p>\n<\/div><\/div>","protected":false},"excerpt":{"rendered":"<p>Alemania, Canad\u00e1, Luxemburgo, Suiza, B\u00e9lgica&#8230; en IU Exterior militamos #DesdeTodasPartes, y nos gustar\u00eda contar tambi\u00e9n contigo. \u00bfQuieres saber por qu\u00e9 militamos en IU? \u00a1Con\u00f3cenos y #DaelpasoaIU! Mar\u00eda Mart\u00ednez es coportavoz &hellip;<\/p>","protected":false},"author":2,"featured_media":668,"comment_status":"closed","ping_status":"closed","sticky":false,"template":"","format":"standard","meta":{"wds_primary_category":0,"footnotes":""},"categories":[1,25,8,32,27,28,26,31,9],"tags":[],"class_list":["post-658","post","type-post","status-publish","format-standard","has-post-thumbnail","","category-actualidad","category-asambleas","category-destacado","category-federacion","category-iu-berlin","category-iu-bruselas","category-iu-luxemburgo","category-iu-zurich","category-videos"],"_links":{"self":[{"href":"http:\/\/iuexterior.org\/en\/wp-json\/wp\/v2\/posts\/658","targetHints":{"allow":["GET"]}}],"collection":[{"href":"http:\/\/iuexterior.org\/en\/wp-json\/wp\/v2\/posts"}],"about":[{"href":"http:\/\/iuexterior.org\/en\/wp-json\/wp\/v2\/types\/post"}],"author":[{"embeddable":true,"href":"http:\/\/iuexterior.org\/en\/wp-json\/wp\/v2\/users\/2"}],"replies":[{"embeddable":true,"href":"http:\/\/iuexterior.org\/en\/wp-json\/wp\/v2\/comments?post=658"}],"version-history":[{"count":9,"href":"http:\/\/iuexterior.org\/en\/wp-json\/wp\/v2\/posts\/658\/revisions"}],"predecessor-version":[{"id":1739,"href":"http:\/\/iuexterior.org\/en\/wp-json\/wp\/v2\/posts\/658\/revisions\/1739"}],"wp:featuredmedia":[{"embeddable":true,"href":"http:\/\/iuexterior.org\/en\/wp-json\/wp\/v2\/media\/668"}],"wp:attachment":[{"href":"http:\/\/iuexterior.org\/en\/wp-json\/wp\/v2\/media?parent=658"}],"wp:term":[{"taxonomy":"category","embeddable":true,"href":"http:\/\/iuexterior.org\/en\/wp-json\/wp\/v2\/categories?post=658"},{"taxonomy":"post_tag","embeddable":true,"href":"http:\/\/iuexterior.org\/en\/wp-json\/wp\/v2\/tags?post=658"}],"curies":[{"name":"wp","href":"https:\/\/api.w.org\/{rel}","templated":true}]}}