{"id":399,"date":"2018-04-30T07:00:39","date_gmt":"2018-04-30T05:00:39","guid":{"rendered":"http:\/\/iuexterior.org\/?p=399"},"modified":"2020-04-29T21:21:38","modified_gmt":"2020-04-29T19:21:38","slug":"iu-exterior-celebra-su-primer-aniversario-como-federacion-tras-un-ano-cargado-de-actividades","status":"publish","type":"post","link":"http:\/\/iuexterior.org\/en\/2018\/04\/30\/iu-exterior-celebra-su-primer-aniversario-como-federacion-tras-un-ano-cargado-de-actividades\/","title":{"rendered":"IU Exterior celebra su primer aniversario como federaci\u00f3n tras un a\u00f1o cargado de actividades"},"content":{"rendered":"<p><strong>Tal d\u00eda como hoy, el 30 de abril de 2017, <a href=\"http:\/\/iuexterior.org\/en\/2017\/04\/30\/la-federacion-del-exterior-de-iu-nace-para-movilizar-politicamente-a-la-emigracion-espanola\/\">nac\u00eda la federaci\u00f3n de IU Exterior<\/a>. Tras ser aprobada su creaci\u00f3n <a href=\"http:\/\/www.izquierda-unida.es\/node\/16154\">en la \u00faltima asamblea federal de IU en junio de 2016<\/a>, las anteriores federaciones de Francia, Alemania, B\u00e9lgica y Luxemburgo, junto a responsables de organizaci\u00f3n de IU Federal, pusieron en marcha la fundaci\u00f3n de la nueva federaci\u00f3n del Exterior; un proceso que culmin\u00f3 con su I Asamblea en Bruselas y del que hacemos balance tras un a\u00f1o cargado de actividades.<\/strong><\/p>\n<p>Nada m\u00e1s comenzar nuestra actividad como federaci\u00f3n, <a href=\"http:\/\/iuexterior.org\/en\/2017\/05\/25\/iu-exterior-difunde-las-reivindicaciones-de-la-emigracion-espanola-en-el-congreso-de-los-diputados\/\">hicimos llegar nuestras reivindicaciones al Congreso de los Diputados<\/a>. Poco despu\u00e9s, pusimos en marcha <a href=\"http:\/\/iuexterior.org\/en\/2017\/06\/02\/iu-exterior-pone-en-marcha-iniciativas-para-acabar-con-la-congelacion-salarial-de-ocho-anos-de-los-trabajadores-de-la-administracion-espanola-en-argentina\/\">iniciativas para acabar con una congelaci\u00f3n salarial de ocho a\u00f1os de los trabajadores de la Administraci\u00f3n espa\u00f1ola en Argentina<\/a>.&nbsp;En una entrevista <a href=\"http:\/\/www.mundoobrero.es\/pl.php?id=7146\" target=\"_blank\" rel=\"noopener noreferrer\">publicada en el n\u00famero 307 de Mundo Obrero<\/a>,&nbsp;nuestras coportavoces Marta Mosquera y Eduardo Vel\u00e1zquez daban a conocer nuestro principal reto: \u00abConseguir que el conjunto de militantes de IU en el exterior trabajen de forma organizada\u00bb. M\u00e1s tarde, de forma bastante m\u00e1s distendida, <a href=\"http:\/\/iuexterior.org\/en\/2017\/06\/10\/entrevista-de-facu-diaz-a-marta-mosquera-y-eduardo-velazquez-coportavoces-de-iu-exterior\/\">eran entrevistadas en Berl\u00edn por el humorista Facu D\u00edaz<\/a>.<\/p>\n<p>En octubre, nos sumamos y apoyamos&nbsp;<a href=\"http:\/\/iuexterior.org\/en\/2017\/10\/16\/iu-exterior-apoya-la-huelga-del-personal-del-servicio-exterior-de-la-administracion-espanola-y-anima-a-la-emigracion-a-sumarse-a-las-movilizaciones\/\">la huelga del personal del Servicio Exterior de la Administraci\u00f3n Espa\u00f1ola y anim\u00e1bamos a la emigraci\u00f3n a sumarse a las movilizaciones<\/a>.&nbsp;Algunas de las compa\u00f1eras de IU Exterior que tambi\u00e9n militan en el PCE <a href=\"http:\/\/iuexterior.org\/en\/2017\/12\/03\/la-militancia-del-pce-en-iu-exterior-presente-en-el-xx-congreso-del-pce\/\">participaron como delegaci\u00f3n del exterior en su XX Congreso<\/a>. Otras militantes acudieron al Parlamento Europeo para descubrir las distintas posibilidades que ofrece&nbsp;<a href=\"http:\/\/iuexterior.org\/en\/2017\/12\/13\/iu-exterior-difunde-la-importancia-del-europarlamento-como-altavoz-donde-denunciar-conflictos-sociales\/\">como altavoz para denunciar conflictos sociales<\/a>. Para cerrar el a\u00f1o,&nbsp;<a href=\"http:\/\/iuexterior.org\/en\/2017\/12\/23\/iu-exterior-combate-los-mitos-del-retorno-y-de-la-vuelta-a-casa-por-navidad-con-la-campana-anonuevovidafuera\/\">pusimos en marcha la campa\u00f1a #A\u00f1oNuevoVidaFuera para desmontar p\u00fablicamente el mito del retorno de la migraci\u00f3n<\/a>.<\/p>\n<p>En enero nos abrimos m\u00e1s all\u00e1 del \u00e1mbito de nuestras asambleas para&nbsp;<a href=\"http:\/\/iuexterior.org\/en\/2018\/01\/24\/iu-exterior-denuncia-en-el-congreso-la-explotacion-de-trabajadoras-y-trabajadores-espanoles-en-holanda\/\">denunciar en el Congreso la explotaci\u00f3n de trabajadoras y trabajadores espa\u00f1oles en Holanda<\/a>.&nbsp;No mucho despu\u00e9s, nuestras compa\u00f1eras&nbsp;Teresa Laguna y&nbsp;Gonzalo G\u00f3mez,&nbsp;corresponsable de Acci\u00f3n Pol\u00edtica y corresponsable de Comunicaci\u00f3n de IU Exterior, respectivamente, publicaban un art\u00edculo sobre<strong>&nbsp;<\/strong><a href=\"http:\/\/iuexterior.org\/en\/2018\/01\/25\/la-rebelion-feminista-sigue-viva-en-eeuu-articulo-de-teresa-laguna-y-gonzalo-gomez\/\">la rebeli\u00f3n feminista en EEUU<\/a>, que fue recogido por diversos medios. Tambi\u00e9n Teresa, junto a Noa Rom\u00e1n, coordinadora de IU Bruselas, participaron en febrero en unas&nbsp;<a href=\"http:\/\/iuexterior.org\/en\/2018\/02\/02\/iu-exterior-presente-en-las-jornadas-sobre-violencia-patriarcal-organizadas-por-iu-y-pie\/\">Jornadas sobre Violencia Patriarcal organizadas por IU y el Partido de la Izquierda Europea<\/a>.&nbsp;Desde una \u00f3ptica animalista,&nbsp;Jaime Mart\u00ednez Porro, cocoordinador de IU Berl\u00edn,&nbsp;<a href=\"http:\/\/iuexterior.org\/en\/2018\/02\/05\/la-odisea-de-volar-con-animales-articulo-de-jaime-martinez-porro\/\">contaba en un articulo&nbsp;<\/a><a href=\"http:\/\/iuexterior.org\/en\/2018\/02\/05\/la-odisea-de-volar-con-animales-articulo-de-jaime-martinez-porro\/\">la odisea de volar con animales<\/a> para quienes nos vemos obligados a vivir en el exterior. En este mismo mes, nos fuimos a Londres para debatir junto a&nbsp;<a href=\"http:\/\/iuexterior.org\/en\/2018\/02\/16\/iu-podemos-y-marea-granate-debaten-en-londres-sobre-el-futuro-de-la-emigracion-espanola-tras-el-brexit\/\">Podemos y Marea Granate sobre el futuro de la emigraci\u00f3n espa\u00f1ola tras el Brexit<\/a>.<\/p>\n<p>Tambi\u00e9n en febrero, retomamos las reivindicaciones del&nbsp;<a href=\"http:\/\/iuexterior.org\/en\/2018\/02\/17\/iu-exterior-exige-soluciones-a-los-problemas-del-personal-laboral-del-servicio-exterior\/\">personal laboral del servicio exterior<\/a> por escrito ante el&nbsp;Ministerio de Hacienda y Funci\u00f3n P\u00fablica. Marzo comenz\u00f3 con una cita hist\u00f3rica en Espa\u00f1a, que vio su r\u00e9plica tambi\u00e9n en el exterior: la huelga feminista, <a href=\"http:\/\/iuexterior.org\/en\/2018\/03\/09\/iu-exterior-participa-en-las-concentraciones-del-8m-en-berlin-bruselas-luxemburgo-toulouse-y-zurich\/\">que apoyamos desde lugares tan diversos como Berl\u00edn, Bruselas, Luxemburgo, Toulouse o Zurich<\/a>. Este mismo mes, recib\u00edamos la respuesta del Gobierno de Rajoy a nuestras reivindicaciones en favor de las trabajadoras de ETT en Holanda: reconoc\u00eda los&nbsp;<a href=\"http:\/\/iuexterior.org\/en\/2018\/03\/17\/el-gobierno-reconoce-a-iu-abusos-de-las-ett-con-trabajadores-espanoles-en-holanda-pero-no-ofrece-soluciones\/\">abusos,&nbsp;pero segu\u00edan sin ofrecer soluciones<\/a>. Nuestra respuesta no se hizo esperar en este art\u00edculo <a href=\"http:\/\/iuexterior.org\/en\/2018\/04\/02\/pagar-por-trabajar-en-holanda-articulo-de-eduardo-velazquez-gonzalo-gomez-y-cristian-bailen\/\">de Eduardo Vel\u00e1zquez, Gonzalo G\u00f3mez y Cristian Bail\u00e9n<\/a>.<\/p>\n<p>Con abril, lleg\u00f3 el d\u00eda m\u00e1s republicano: la conmemoraci\u00f3n de la proclamaci\u00f3n de la II Rep\u00fablica Espa\u00f1ola, una fecha celebrada al menos&nbsp;<a href=\"http:\/\/iuexterior.org\/en\/2018\/04\/12\/iu-exterior-celebra-el-14-de-abril-aniversario-de-la-2a-republica-en-berlin-luxemburgo-toulouse-y-zurich\/\">en Berl\u00edn, Buenos Aires, Luxemburgo, Toulouse y Z\u00farich<\/a>. El \u00e1mbito acad\u00e9mico y educativo, por desgracia tan afectado por los recortes del Gobierno del PP, fue el objeto de un art\u00edculo firmado por&nbsp;<a href=\"http:\/\/iuexterior.org\/en\/2018\/04\/15\/la-universidad-espanola-entre-la-precariedad-y-la-emigracion-articulo-de-jaime-martinez-porro-y-maria-j-martinez-martinez\/\">Jaime Mart\u00ednez Porro y Mar\u00eda J. Mart\u00ednez Mart\u00ednez<\/a>, coportavoces de IU Berl\u00edn.&nbsp;Tambi\u00e9n desde Berl\u00edn dimos apoyo a las trabajadoras de <a href=\"http:\/\/iuexterior.org\/en\/2018\/04\/25\/iu-exterior-apoya-a-los-trabajadores-de-amazon-en-lucha-en-berlin\/\">Amazon en Lucha, en protesta por la concesi\u00f3n del premio Axel Springler a Jeff Bezos, due\u00f1o de Amazon.<\/a><\/p>\n<p>El 18 de abril, la lista \u00abMemoria, Verdad y Justicia\u00bb, integrada por miembros de IU Buenos Aires, Podemos y la Agrupaci\u00f3n Garc\u00eda Lorca, le <a href=\"http:\/\/iuexterior.org\/en\/2018\/04\/18\/la-lista-memoria-verdad-y-justicia-que-conforman-iu-podemos-y-la-agrupacion-garcia-lorca-de-buenos-aires-exige-a-rajoy-por-carta-la-extradicion-de-17-torturadores-franquistas-a-a\/\">exigi\u00f3 por carta a Rajoy la extradici\u00f3n de 17 torturadores franquistas a Argentina<\/a>, y el 26 de abril conoc\u00edamos la sentencia del caso de <em>La manada<\/em>, que tuvo su respuesta en las calles no solo de toda Espa\u00f1a, sino tambi\u00e9n del exterior.<\/p>\n<p>(&#8230;)<\/p>\n<p>En la federaci\u00f3n de IU Exterior contamos actualmente con asambleas estables en&nbsp;<strong>Bruselas<\/strong>, en B\u00e9lgica;&nbsp;<strong>Berl\u00edn y Frankfurt<\/strong>, Alemania;&nbsp;<strong>Luxemburgo<\/strong>;&nbsp;<strong>Z\u00farich<\/strong>, en Suiza; <strong>Lyon, Toulouse y Montpellier<\/strong>, en Francia; y en&nbsp;<strong>Buenos Aires<\/strong>, Argentina. Pero nos hacemos o\u00edr #DesdeTodasPartes. Y t\u00fa, \u00bfa qu\u00e9 esperas para reivindicar tus derechos? \u00a1Organ\u00edzate y lucha!<\/p>\n<h3>Nuestras asambleas se mueven<\/h3>\n<ul>\n<li>\n<p class=\"post-box-title\"><a href=\"http:\/\/iuexterior.org\/en\/2018\/04\/18\/la-lista-memoria-verdad-y-justicia-que-conforman-iu-podemos-y-la-agrupacion-garcia-lorca-de-buenos-aires-exige-a-rajoy-por-carta-la-extradicion-de-17-torturadores-franquistas-a-a\/\">La lista \u2018Memoria, Verdad y Justicia\u2019, que conforman IU, Podemos y la Agrupaci\u00f3n Garc\u00eda Lorca de Buenos Aires, exige a Rajoy por carta la extradici\u00f3n de 17 torturadores franquistas a Argentina<\/a><\/p>\n<\/li>\n<li>\n<p class=\"post-box-title\"><a href=\"http:\/\/iuexterior.org\/en\/2018\/03\/27\/iu-buenos-aires-reclama-memoria-verdad-y-justicia-para-los-desaparecidos-de-las-dictaduras-argentina-y-espanola\/\">IU Buenos Aires reclama Memoria, Verdad y Justicia para los desaparecidos de las dictaduras argentina y espa\u00f1ola<\/a><\/p>\n<\/li>\n<li><a href=\"http:\/\/iuexterior.org\/en\/2018\/02\/27\/iu-exterior-celebro-en-zurich-un-debate-sobre-un-nuevo-acuerdo-de-convivencia-en-espana\/\">IU Exterior celebr\u00f3 en Z\u00farich un debate sobre un nuevo acuerdo de convivencia en Espa\u00f1a<\/a><\/li>\n<li>\n<p class=\"post-box-title\"><a href=\"http:\/\/iuexterior.org\/en\/2018\/02\/09\/iu-bruselas-e-iu-luxemburgo-desmontan-el-mito-del-amor-romantico-por-san-valentin\/\">IU Bruselas e IU Luxemburgo desmontan el mito del amor rom\u00e1ntico por San Valent\u00edn<\/a><\/p>\n<\/li>\n<li>\n<p class=\"post-box-title\"><a href=\"http:\/\/iuexterior.org\/en\/2017\/12\/02\/iuexterior-moviliza-a-la-emigracion-espanola-con-una-asamblea-estable-en-toulouse\/\">IU Exterior moviliza a la emigraci\u00f3n espa\u00f1ola con una asamblea estable en Toulouse<\/a><\/p>\n<\/li>\n<\/ul>\n<p>&nbsp;<\/p>","protected":false},"excerpt":{"rendered":"<p>Tal d\u00eda como hoy, el 30 de abril de 2017, nac\u00eda la federaci\u00f3n de IU Exterior. Tras ser aprobada su creaci\u00f3n en la \u00faltima asamblea federal de IU en junio &hellip;<\/p>","protected":false},"author":1,"featured_media":406,"comment_status":"closed","ping_status":"closed","sticky":false,"template":"","format":"standard","meta":{"wds_primary_category":0,"footnotes":""},"categories":[1,8,4,32],"tags":[12,13],"class_list":["post-399","post","type-post","status-publish","format-standard","has-post-thumbnail","","category-actualidad","category-destacado","category-documentos","category-federacion","tag-emigracion","tag-iuexterior"],"_links":{"self":[{"href":"http:\/\/iuexterior.org\/en\/wp-json\/wp\/v2\/posts\/399","targetHints":{"allow":["GET"]}}],"collection":[{"href":"http:\/\/iuexterior.org\/en\/wp-json\/wp\/v2\/posts"}],"about":[{"href":"http:\/\/iuexterior.org\/en\/wp-json\/wp\/v2\/types\/post"}],"author":[{"embeddable":true,"href":"http:\/\/iuexterior.org\/en\/wp-json\/wp\/v2\/users\/1"}],"replies":[{"embeddable":true,"href":"http:\/\/iuexterior.org\/en\/wp-json\/wp\/v2\/comments?post=399"}],"version-history":[{"count":12,"href":"http:\/\/iuexterior.org\/en\/wp-json\/wp\/v2\/posts\/399\/revisions"}],"predecessor-version":[{"id":1709,"href":"http:\/\/iuexterior.org\/en\/wp-json\/wp\/v2\/posts\/399\/revisions\/1709"}],"wp:featuredmedia":[{"embeddable":true,"href":"http:\/\/iuexterior.org\/en\/wp-json\/wp\/v2\/media\/406"}],"wp:attachment":[{"href":"http:\/\/iuexterior.org\/en\/wp-json\/wp\/v2\/media?parent=399"}],"wp:term":[{"taxonomy":"category","embeddable":true,"href":"http:\/\/iuexterior.org\/en\/wp-json\/wp\/v2\/categories?post=399"},{"taxonomy":"post_tag","embeddable":true,"href":"http:\/\/iuexterior.org\/en\/wp-json\/wp\/v2\/tags?post=399"}],"curies":[{"name":"wp","href":"https:\/\/api.w.org\/{rel}","templated":true}]}}