{"id":2768,"date":"2023-10-20T12:53:10","date_gmt":"2023-10-20T10:53:10","guid":{"rendered":"https:\/\/iuexterior.org\/?p=2768"},"modified":"2023-10-20T13:01:11","modified_gmt":"2023-10-20T11:01:11","slug":"iu-toulouse-rechaza-la-represion-contra-las-muestras-de-apoyo-a-palestina","status":"publish","type":"post","link":"http:\/\/iuexterior.org\/en\/2023\/10\/20\/iu-toulouse-rechaza-la-represion-contra-las-muestras-de-apoyo-a-palestina\/","title":{"rendered":"IU Toulouse rechaza la represi\u00f3n contra las muestras de apoyo a Palestina"},"content":{"rendered":"<p class=\"wp-block-paragraph\"><em><em><em>IU Toulouse pide parar de forma inmediata y definitiva el genocidio llevado a cabo por Israel y llama a la movilizaci\u00f3n en apoyo al pueblo palestino.<\/em><\/em><\/em><\/p>\n\n\n\n<p class=\"wp-block-paragraph\">La asamblea de Izquierda Unida Exterior en Toulouse denuncia la represi\u00f3n contra las muestras de apoyo al pueblo palestino. La prefectura de Toulouse prohibi\u00f3 la concentraci\u00f3n convocada el pasado jueves 12 de octubre en solidaridad con Palestina. A pesar de ello, un centenar de personas acudi\u00f3 a la manifestaci\u00f3n de forma pac\u00edfica. La respuesta de la polic\u00eda fue utilizar gases lacrim\u00f3genos para expulsar a los manifestantes y proceder al cierre total de las calles colindantes al punto de encuentro, para evitar el acceso a ciudadanos a mostrar su apoyo a las reivindicaciones.&nbsp;<\/p>\n\n\n\n<p class=\"wp-block-paragraph\">En esta misma l\u00ednea, la militante palestina Mariam Abu Daqqa fue arrestada el lunes 16 de octubre mientras se dirig\u00eda a Toulouse, donde ten\u00eda previsto dar una conferencia sobre la condici\u00f3n de las mujeres en Gaza. Esta activista, miembro del Frente Popular para la Liberaci\u00f3n de Palestina (FPLP), ha recibido una orden de expulsi\u00f3n, y se encuentra actualmente bajo arresto domiciliario.&nbsp;<\/p>\n\n\n\n<p class=\"wp-block-paragraph\">Desde IU Toulouse se expresa el apoyo y la solidaridad con Mariam Abu Daqqa en contra de la represi\u00f3n del estado franc\u00e9s, as\u00ed como el rechazo a las medidas restrictivas y coercitivas impuestas por las administraciones p\u00fablicas francesas encaminadas al bloqueo de cualquier acto p\u00fablico de concentraci\u00f3n o manifestaci\u00f3n en apoyo al pueblo palestino.&nbsp;<\/p>\n\n\n\n<p class=\"wp-block-paragraph\">Adem\u00e1s, IU Toulouse denuncia que el aberrante castigo colectivo a base de bombardeos incesantes contra la poblaci\u00f3n civil de Gaza no entra dentro del \u00abderecho a la defensa\u00bb de Israel,&nbsp; ni se encuentra reconocido en ning\u00fan tratado internacional: es un acto de exterminio, prohibido expresamente por los Convenios de Ginebra garantes del derecho internacional humanitario en los conflictos armados y que Israel est\u00e1 violando constantemente; derechos tales como la prohibici\u00f3n de ataques contra civiles, infraestructuras que garanticen los suministros b\u00e1sicos, poblaci\u00f3n infantil o personal y transportes sanitarios; la prohibici\u00f3n de corte de suministros b\u00e1sicos a civiles, as\u00ed como el desplazamiento forzoso de los mismos.<\/p>\n\n\n\n<p class=\"wp-block-paragraph\"><\/p>\n\n\n\n<h2 class=\"wp-block-heading\" id=\"block-a9ca021f-50d1-4b61-b475-a745c06bb456\">About United Left Abroad<\/h2>\n\n\n\n<p class=\"wp-block-paragraph\" id=\"block-9e1dfc72-a0ae-42f2-ab83-cb8fe83e1265\">La&nbsp;<strong>Federaci\u00f3n del Exterior de Izquierda Unida<\/strong>&nbsp;<a href=\"http:\/\/iuexterior.org\/en\/2017\/04\/30\/la-federacion-del-exterior-de-iu-nace-para-movilizar-politicamente-a-la-emigracion-espanola\/\">naci\u00f3 en abril de 2017<\/a>&nbsp;para movilizar pol\u00edticamente a la emigraci\u00f3n espa\u00f1ola y darle voz a sus reivindicaciones. Actualmente contamos con asambleas estables en&nbsp;<a href=\"http:\/\/iuexterior.org\/en\/Bruselas\/\">Bruselas<\/a>, B\u00e9lgica;&nbsp;<a href=\"http:\/\/iuexterior.org\/en\/Berlin\/\">Berl\u00edn<\/a>&nbsp;and&nbsp;<a href=\"http:\/\/iuexterior.org\/en\/Frankfurt\/\">Frankfurt<\/a>, en Alemania;&nbsp;<a href=\"http:\/\/iuexterior.org\/en\/Luexmburgo\/\">Luxemburgo<\/a>;&nbsp;<a href=\"http:\/\/iuexterior.org\/en\/Zurich\/\">Z\u00farich<\/a>, en Suiza; en&nbsp;<a href=\"http:\/\/iuexterior.org\/en\/Lyon\/\">Lyon<\/a>&nbsp;and&nbsp;<a href=\"http:\/\/iuexterior.org\/en\/Toulouse\/\">Toulouse<\/a>, en Francia; y tanto en la&nbsp;<a href=\"http:\/\/iuexterior.org\/en\/BuenosAires\/\">Ciudad de Buenos Aires<\/a>&nbsp;como en la&nbsp;<a href=\"http:\/\/iuexterior.org\/en\/provinciabuenosaires\/\">Provincia de Buenos Aires<\/a>, Argentina. Adem\u00e1s, la federaci\u00f3n dispone de la asamblea&nbsp;<a href=\"http:\/\/iuexterior.org\/en\/Global\/\">IU Global<\/a>, por medio de la cual participa la militancia dispersa por el mundo sin acceso a una asamblea local propia.<\/p>\n\n\n\n<p class=\"wp-block-paragraph translation-block\" id=\"block-08d3c176-e1e9-4a7a-91bf-6dbfe90d3e6d\">Puedes contactar con&nbsp;<strong>IU Exterior<\/strong>&nbsp;a trav\u00e9s del correo&nbsp;<a href=\"mailto:exterior@izquierdaunida.org\" rel=\"noreferrer noopener\" target=\"_self\"><strong>exterior@izquierdaunida.org<\/strong><\/a>&nbsp;o de nuestros perfiles en&nbsp;<a href=\"https:\/\/www.facebook.com\/IUExterior\/\" rel=\"noreferrer noopener\" target=\"_self\"><strong>Facebook<\/strong><\/a>,&nbsp;<a href=\"https:\/\/twitter.com\/IUExterior\/\" rel=\"noreferrer noopener\" target=\"_self\"><strong>Twitter<\/strong><\/a>&nbsp;e&nbsp;<a href=\"https:\/\/www.instagram.com\/IUExterior\/\" rel=\"noreferrer noopener\" target=\"_self\"><strong>Instagram<\/strong><\/a>.<\/p>","protected":false},"excerpt":{"rendered":"<p>IU Toulouse pide parar de forma inmediata y definitiva el genocidio llevado a cabo por Israel y llama a la movilizaci\u00f3n en apoyo al pueblo palestino. La asamblea de Izquierda &hellip;<\/p>","protected":false},"author":1,"featured_media":2770,"comment_status":"closed","ping_status":"closed","sticky":false,"template":"","format":"standard","meta":{"wds_primary_category":0,"footnotes":""},"categories":[110,1,120,25,8,30],"tags":[],"class_list":["post-2768","post","type-post","status-publish","format-standard","has-post-thumbnail","","category-acciones","category-actualidad","category-antifascismo-solidaridad","category-asambleas","category-destacado","category-iu-toulouse"],"_links":{"self":[{"href":"http:\/\/iuexterior.org\/en\/wp-json\/wp\/v2\/posts\/2768","targetHints":{"allow":["GET"]}}],"collection":[{"href":"http:\/\/iuexterior.org\/en\/wp-json\/wp\/v2\/posts"}],"about":[{"href":"http:\/\/iuexterior.org\/en\/wp-json\/wp\/v2\/types\/post"}],"author":[{"embeddable":true,"href":"http:\/\/iuexterior.org\/en\/wp-json\/wp\/v2\/users\/1"}],"replies":[{"embeddable":true,"href":"http:\/\/iuexterior.org\/en\/wp-json\/wp\/v2\/comments?post=2768"}],"version-history":[{"count":1,"href":"http:\/\/iuexterior.org\/en\/wp-json\/wp\/v2\/posts\/2768\/revisions"}],"predecessor-version":[{"id":2769,"href":"http:\/\/iuexterior.org\/en\/wp-json\/wp\/v2\/posts\/2768\/revisions\/2769"}],"wp:featuredmedia":[{"embeddable":true,"href":"http:\/\/iuexterior.org\/en\/wp-json\/wp\/v2\/media\/2770"}],"wp:attachment":[{"href":"http:\/\/iuexterior.org\/en\/wp-json\/wp\/v2\/media?parent=2768"}],"wp:term":[{"taxonomy":"category","embeddable":true,"href":"http:\/\/iuexterior.org\/en\/wp-json\/wp\/v2\/categories?post=2768"},{"taxonomy":"post_tag","embeddable":true,"href":"http:\/\/iuexterior.org\/en\/wp-json\/wp\/v2\/tags?post=2768"}],"curies":[{"name":"wp","href":"https:\/\/api.w.org\/{rel}","templated":true}]}}