{"id":2602,"date":"2022-06-13T13:06:44","date_gmt":"2022-06-13T11:06:44","guid":{"rendered":"http:\/\/iuexterior.org\/?p=2602"},"modified":"2023-06-03T15:46:17","modified_gmt":"2023-06-03T13:46:17","slug":"carta-de-nerea-fernandez-a-la-militancia-de-iu-exterior","status":"publish","type":"post","link":"http:\/\/iuexterior.org\/en\/2022\/06\/13\/carta-de-nerea-fernandez-a-la-militancia-de-iu-exterior\/","title":{"rendered":"Carta de Nerea Fern\u00e1ndez a la militancia de IU Exterior"},"content":{"rendered":"<p class=\"wp-block-paragraph\"><strong>Querida compa\u00f1era, querido compa\u00f1ero,<\/strong><\/p>\n\n\n\n<p class=\"wp-block-paragraph\">En 2010 se introduc\u00eda el llamado voto rogado, un recorte de los derechos electorales de la ciudadan\u00eda en el Exterior, al que Izquierda Unida, casi en solitario (solamente junto a Coalici\u00f3n Canaria), se opuso en el Congreso, a petici\u00f3n de sus federaciones en el Exterior.<\/p>\n\n\n\n<p class=\"wp-block-paragraph\">M\u00e1s de una d\u00e9cada despu\u00e9s y manteni\u00e9ndonos firmes en nuestro compromiso, podemos decir que se ha conseguido.&nbsp;<strong>La reforma de la LOREG, aprobada casi por unanimidad el 9 de junio en el Congreso de los Diputados, elimina el ruego de voto e introduce mejoras en el acceso al sufragio para quienes residimos fuera de Espa\u00f1a<\/strong>. Una reforma impulsada por el Grupo Confederal de Unidas Podemos &#8211; En Com\u00fa Podem &#8211; Galicia en Com\u00fan ya en el Senado hace a\u00f1os y ahora en el Gobierno de coalici\u00f3n con el PSOE.<\/p>\n\n\n\n<p class=\"wp-block-paragraph\">Esta victoria es el resultado de un&nbsp;<strong>esfuerzo colectivo de la emigraci\u00f3n organizada<\/strong>. Son muchas las organizaciones que han empujado para que esto sea realidad: movimientos sociales y asociaciones como&nbsp;<strong>Marea Granate<\/strong>&nbsp;y su grupo de voto, a la&nbsp;<strong>Federaci\u00f3 Internacional d&#8217;Entitats Catalanes<\/strong>&nbsp;o el colectivo de&nbsp;<strong>Emigrantes de Arag\u00f3n<\/strong>; organizaciones pol\u00edticas como nuestra federaci\u00f3n,&nbsp;<strong>Izquierda Unida Exterior<\/strong>, como el&nbsp;<strong>PCE en el Exterior<\/strong>&nbsp;o&nbsp;<strong>Podemos Exterior<\/strong>, entre otras; organismos de representaci\u00f3n como los&nbsp;<strong>Consejos de Residentes Espa\u00f1oles<\/strong>&nbsp;y el&nbsp;<strong>Consejo General de la Ciudadan\u00eda Espa\u00f1ola en el Exterior.<\/strong><\/p>\n\n\n\n<p class=\"wp-block-paragraph\">En este momento queremos daros las&nbsp;<strong>gracias a todas y todos por vuestro esfuerzo y tes\u00f3n en la lucha<\/strong>, por vuestra dedicaci\u00f3n incansable como militantes y simpatizantes de IU Exterior. Tambi\u00e9n es el momento de recordar a quienes, antes de nosotras, empujaron por la derogaci\u00f3n del voto rogado y que ya retornaron a Espa\u00f1a o que, lamentablemente, fallecieron en este tiempo.<\/p>\n\n\n\n<p class=\"wp-block-paragraph\">Tambi\u00e9n a quienes lucharon desde la direcci\u00f3n de la Federaci\u00f3n:&nbsp;<strong>Marta Mosquera, Eduardo Vel\u00e1zquez<\/strong>&nbsp;and&nbsp;<strong>Mar\u00eda Mart\u00ednez<\/strong>, quienes, como portavoces de nuestra federaci\u00f3n, han llevado la lucha por la reforma de la LOREG a todos los rincones de nuestra federaci\u00f3n y a todos los espacios donde ha sido posible. Como coordinadora y portavoz y tambi\u00e9n en nombre de la direcci\u00f3n de la Federaci\u00f3n, much\u00edsimas gracias a todas.&nbsp;<strong>La militancia es nuestro mayor tesoro<\/strong>.<\/p>\n\n\n\n<p class=\"wp-block-paragraph\">Ahora tenemos una enorme tarea por delante: la de movilizar a todas las personas que han sentido la desafecci\u00f3n, el desaliento o el desarraigo, por a\u00f1os en los que parec\u00eda que la victoria se nos escapaba de las manos.&nbsp;<strong>Es hora de seguir organiz\u00e1ndonos y seguir luchando<\/strong>, porque la reforma de la LOREG es solamente un aspecto (fundamental) de nuestra vida como residentes en el Exterior. Tenemos por delante&nbsp;<strong>luchar por un Servicio Exterior digno<\/strong>, con m\u00e1s personal y con condiciones laborales decentes para un personal laboral con cuyas huelgas nos solidarizamos; es necesario&nbsp;<strong>conseguir la nacionalidad para descendientes<\/strong>&nbsp;que quedaron fuera en anteriores leyes y, por eso, hay que empujar para sacar adelante la Ley de Memoria Democr\u00e1tica; hay que seguir hablando de&nbsp;<strong>retorno digno<\/strong>&nbsp;para todas las personas que lo deseen, de los&nbsp;<strong>derechos de las trabajadoras desplazadas<\/strong>, del&nbsp;<strong>sistema educativo en el Exterior<\/strong>&nbsp;o tambi\u00e9n de una&nbsp;<strong>circunscripci\u00f3n en el Exterior<\/strong>, para que las migrantes nos representemos a nosotras mismas.<\/p>\n\n\n\n<p class=\"wp-block-paragraph\">En este sentido, anunciamos la celebraci\u00f3n en oto\u00f1o de una&nbsp;<strong>conferencia tem\u00e1tica mixta (presencial y online) sobre sufragio y representaci\u00f3n<\/strong>, pero tambi\u00e9n para seguir form\u00e1ndonos como militantes, aprender colectivamente y acercarnos a la sociedad organizada en el Exterior. Esperamos poder daros m\u00e1s noticias pronto.<\/p>\n\n\n\n<p class=\"wp-block-paragraph\">Sigamos luchando con alegr\u00eda, porque el futuro nos pertenece. Sigamos luchando, porque las victorias llegan. Sigamos luchando y ensanchando nuestra organizaci\u00f3n, porque los retos no son peque\u00f1os y solo los conseguiremos, si luchamos colectivamente. Porque no es f\u00e1cil conseguir&nbsp;<strong>\u00abun mundo donde seamos socialmente iguales, humanamente diferentes y totalmente libres\u00bb<\/strong>.<\/p>\n\n\n\n<p class=\"wp-block-paragraph\">Salud y Rep\u00fablica, compa\u00f1eras.&nbsp;<strong>Brindemos por esta victoria.<\/strong><\/p>\n\n\n\n<p class=\"wp-block-paragraph\"><strong>Nerea Fern\u00e1ndez Cordero,<\/strong><br>Portavoz y Coordinadora de la Federaci\u00f3n de Izquierda Unida en el Exterior.<\/p>\n\n\n\n<div class=\"wp-block-file\"><a href=\"http:\/\/iuexterior.org\/wp-content\/uploads\/2022\/06\/CartaMilitancia.pdf\">CartaMilitancia<\/a><a href=\"http:\/\/iuexterior.org\/wp-content\/uploads\/2022\/06\/CartaMilitancia.pdf\" class=\"wp-block-file__button\" download>Descarga<\/a><\/div>\n\n\n\n<h2 class=\"wp-block-heading\">About United Left Abroad<\/h2>\n\n\n\n<p class=\"wp-block-paragraph\">La&nbsp;<strong>Federaci\u00f3n del Exterior de Izquierda Unida<\/strong>&nbsp;<a href=\"http:\/\/iuexterior.org\/en\/2017\/04\/30\/la-federacion-del-exterior-de-iu-nace-para-movilizar-politicamente-a-la-emigracion-espanola\/\">naci\u00f3 en abril de 2017<\/a>&nbsp;para movilizar pol\u00edticamente a la emigraci\u00f3n espa\u00f1ola y darle voz a sus reivindicaciones. Actualmente contamos con asambleas estables en&nbsp;<a href=\"http:\/\/iuexterior.org\/en\/Bruselas\/\">Bruselas<\/a>, B\u00e9lgica;&nbsp;<a href=\"http:\/\/iuexterior.org\/en\/Berlin\/\">Berl\u00edn<\/a>&nbsp;and&nbsp;<a href=\"http:\/\/iuexterior.org\/en\/Frankfurt\/\">Frankfurt<\/a>, en Alemania;&nbsp;<a href=\"http:\/\/iuexterior.org\/en\/Luexmburgo\/\">Luxemburgo<\/a>;&nbsp;<a href=\"http:\/\/iuexterior.org\/en\/Zurich\/\">Z\u00farich<\/a>, en Suiza; en&nbsp;<a href=\"http:\/\/iuexterior.org\/en\/Lyon\/\">Lyon<\/a>&nbsp;and&nbsp;<a href=\"http:\/\/iuexterior.org\/en\/Toulouse\/\">Toulouse<\/a>, en Francia; y tanto en la&nbsp;<a href=\"http:\/\/iuexterior.org\/en\/BuenosAires\/\">Ciudad de Buenos Aires<\/a>&nbsp;como en la&nbsp;<a href=\"http:\/\/iuexterior.org\/en\/provinciabuenosaires\/\">Provincia de Buenos Aires<\/a>, Argentina. Adem\u00e1s, la federaci\u00f3n dispone de la asamblea&nbsp;<a href=\"http:\/\/iuexterior.org\/en\/Global\/\">IU Global<\/a>, por medio de la cual participa la militancia dispersa por el mundo sin acceso a una asamblea local propia.<\/p>\n\n\n\n<p class=\"wp-block-paragraph translation-block\">Puedes contactar con&nbsp;<strong>IU Exterior<\/strong>&nbsp;a trav\u00e9s del correo&nbsp;<a href=\"mailto:exterior@izquierdaunida.org\" rel=\"noreferrer noopener\" target=\"_self\"><strong>exterior@izquierdaunida.org<\/strong><\/a>&nbsp;o de nuestros perfiles en&nbsp;<a href=\"https:\/\/www.facebook.com\/IUExterior\/\" rel=\"noreferrer noopener\" target=\"_self\"><strong>Facebook<\/strong><\/a>,&nbsp;<a href=\"https:\/\/twitter.com\/IUExterior\/\" rel=\"noreferrer noopener\" target=\"_self\"><strong>Twitter<\/strong><\/a>&nbsp;e&nbsp;<a href=\"https:\/\/www.instagram.com\/IUExterior\/\" rel=\"noreferrer noopener\" target=\"_self\"><strong>Instagram<\/strong><\/a>.<\/p>\n<!-- WP Attachments -->\r\n        <div style=\"width:100%;margin:10px 0 10px 0;\">\r\n            <h3>Attached files (in Spanish)<\/h3>\r\n        <ul class=\"post-attachments\"><li class=\"post-attachment mime-application-pdf\"><a target=\"_blank\" rel=\"noopener noreferrer\" href=\"http:\/\/iuexterior.org\/wp-content\/uploads\/2022\/06\/CartaMilitancia.pdf\">CartaMilitancia<\/a> <small>(389 kB)<\/small><\/li><\/ul><\/div>","protected":false},"excerpt":{"rendered":"<p>Querida compa\u00f1era, querido compa\u00f1ero, En 2010 se introduc\u00eda el llamado voto rogado, un recorte de los derechos electorales de la ciudadan\u00eda en el Exterior, al que Izquierda Unida, casi en &hellip;<\/p>","protected":false},"author":3,"featured_media":2603,"comment_status":"closed","ping_status":"closed","sticky":false,"template":"","format":"standard","meta":{"wds_primary_category":0,"footnotes":""},"categories":[110,1,32,123,111],"tags":[],"class_list":["post-2602","post","type-post","status-publish","format-standard","has-post-thumbnail","","category-acciones","category-actualidad","category-federacion","category-formacion","category-voto-rogado"],"_links":{"self":[{"href":"http:\/\/iuexterior.org\/en\/wp-json\/wp\/v2\/posts\/2602","targetHints":{"allow":["GET"]}}],"collection":[{"href":"http:\/\/iuexterior.org\/en\/wp-json\/wp\/v2\/posts"}],"about":[{"href":"http:\/\/iuexterior.org\/en\/wp-json\/wp\/v2\/types\/post"}],"author":[{"embeddable":true,"href":"http:\/\/iuexterior.org\/en\/wp-json\/wp\/v2\/users\/3"}],"replies":[{"embeddable":true,"href":"http:\/\/iuexterior.org\/en\/wp-json\/wp\/v2\/comments?post=2602"}],"version-history":[{"count":2,"href":"http:\/\/iuexterior.org\/en\/wp-json\/wp\/v2\/posts\/2602\/revisions"}],"predecessor-version":[{"id":2721,"href":"http:\/\/iuexterior.org\/en\/wp-json\/wp\/v2\/posts\/2602\/revisions\/2721"}],"wp:featuredmedia":[{"embeddable":true,"href":"http:\/\/iuexterior.org\/en\/wp-json\/wp\/v2\/media\/2603"}],"wp:attachment":[{"href":"http:\/\/iuexterior.org\/en\/wp-json\/wp\/v2\/media?parent=2602"}],"wp:term":[{"taxonomy":"category","embeddable":true,"href":"http:\/\/iuexterior.org\/en\/wp-json\/wp\/v2\/categories?post=2602"},{"taxonomy":"post_tag","embeddable":true,"href":"http:\/\/iuexterior.org\/en\/wp-json\/wp\/v2\/tags?post=2602"}],"curies":[{"name":"wp","href":"https:\/\/api.w.org\/{rel}","templated":true}]}}