{"id":2790,"date":"2024-03-28T17:25:41","date_gmt":"2024-03-28T16:25:41","guid":{"rendered":"https:\/\/iuexterior.org\/?p=2790"},"modified":"2024-05-05T20:17:39","modified_gmt":"2024-05-05T18:17:39","slug":"asamblea-fundacional-de-izquierda-unida-estocolmo","status":"publish","type":"post","link":"http:\/\/iuexterior.org\/de\/2024\/03\/28\/asamblea-fundacional-de-izquierda-unida-estocolmo\/","title":{"rendered":"Asamblea Fundacional de Izquierda Unida Estocolmo"},"content":{"rendered":"<p class=\"wp-block-paragraph\"><em><em><em><em>La comunidad emigrante espa\u00f1ola en Estocolmo se organizar\u00e1 como asamblea parte de la federaci\u00f3n del Exterior de Izquierda Unida con un acto fundacional.<\/em><\/em><\/em><\/em><\/p>\n\n\n\n<p class=\"wp-block-paragraph\"><strong>Fecha: Viernes d\u00eda 12 de abril 17:00 horas<br>Lugar: Kaf\u00e9 Marx. , <em>Kungsgatan 84<\/em>, Stockholm<\/strong><br><br>En virtud del principio b\u00e1sico de Izquierda Unida sobre la elaboraci\u00f3n colectiva, queremos invitaros a ser parte activa de Izquierda Unida en <strong>Estocolmo<\/strong>. Con este fin, te animamos a que te unas a nuestra iniciativa y de esa manera te involucres, ya sea como simpatizante o como militante, en el activismo pol\u00edtico con el que pretendemos iluminar el camino de la izquierda frente a los grandes retos sociales, pol\u00edticos, econ\u00f3micos y culturales a los que debemos enfrentarnos en el futuro.<\/p>\n\n\n\n<p class=\"wp-block-paragraph\">Uno de los<strong> objetivos principales<\/strong> de la <strong>Federaci\u00f3n de IU Exterior<\/strong> y de la <strong>Asamblea Global<\/strong>* de IU Exterior es apoyar e impulsar la creaci\u00f3n de <strong>nuevas Asambleas de base<\/strong> en las ciudades de acogida de la <strong>emigraci\u00f3n espa\u00f1ola<\/strong> donde existe militancia o simpatizantes. Siguiendo este principio, desde hace unos meses, un grupo de simpatizantes y militantes de IU pertenecientes a la <strong>Asamblea Global en Estocolmo<\/strong> que ven\u00edan reuni\u00e9ndose de manera informal para debatir y compartir temas relacionados con sus experiencias y vivencias en su&nbsp;pa\u00eds de origen y en su ciudad de acogida, han decidido <strong>dar un paso adelante<\/strong> y organizarse como asamblea local. Para formalizar este hecho, hemos fijado el <strong>viernes 12 de abril a las 17h <\/strong>para realizar nuestra asamblea fundacional. Queremos trasladar esta <strong>invitaci\u00f3n <\/strong>a t<strong>odas las personas con los mismos intereses ideol\u00f3gicos<\/strong> y las mismas preocupaciones sociales para que se unan a nosotras\/os y, de esa manera, formen parte la <strong>Asamblea de IU en Estocolmo<\/strong>.<br><\/p>\n\n\n\n<figure class=\"wp-block-image size-large\"><img loading=\"lazy\" decoding=\"async\" width=\"1024\" height=\"768\" src=\"http:\/\/iuexterior.org\/wp-content\/uploads\/2024\/03\/unnamed-1024x768.jpg\" alt=\"\" class=\"wp-image-2791\" srcset=\"http:\/\/iuexterior.org\/wp-content\/uploads\/2024\/03\/unnamed-1024x768.jpg 1024w, http:\/\/iuexterior.org\/wp-content\/uploads\/2024\/03\/unnamed-300x225.jpg 300w, http:\/\/iuexterior.org\/wp-content\/uploads\/2024\/03\/unnamed-768x576.jpg 768w, http:\/\/iuexterior.org\/wp-content\/uploads\/2024\/03\/unnamed-1536x1152.jpg 1536w, http:\/\/iuexterior.org\/wp-content\/uploads\/2024\/03\/unnamed-16x12.jpg 16w, http:\/\/iuexterior.org\/wp-content\/uploads\/2024\/03\/unnamed.jpg 1600w\" sizes=\"auto, (max-width: 1024px) 100vw, 1024px\" \/><\/figure>\n\n\n\n<p class=\"wp-block-paragraph\">El objetivo principal de IU en el Exterior es velar por los <strong>derechos de la clase trabajadora<\/strong> de todas aquellas personas que han <strong>emigrado <\/strong>a otros pa\u00edses por distintas razones, ofreci\u00e9ndoles, asimismo, una voz que les represente. A partir del acto fundacional que celebraremos el 12 de abril en Estocolmo, <strong>hacemos nuestro ese objetivo<\/strong> y asumimos, con ello, la misma tarea poniendo el foco en los <strong>emigrantes espa\u00f1oles que residen en Suecia<\/strong>.<\/p>\n\n\n\n<p class=\"wp-block-paragraph\"><br>Debido a su condici\u00f3n de migrante, la clase trabajadora espa\u00f1ola en Suecia se enfrenta a una realidad que menoscaba su igualdad de oportunidades en varios \u00e1mbitos de la vida. En espacios como el mercado laboral, el de la vivienda o la integraci\u00f3n en la sociedad sueca, la clase trabajadora espa\u00f1ola sufre una serie de desventajas derivadas, sobre todo, del <strong>desconocimiento del sistema social, econ\u00f3mico y cultural<\/strong> al que llegan. Por esta raz\u00f3n, conviene abordar de manera sistem\u00e1tica las distintas problem\u00e1ticas asociadas al fen\u00f3meno de la integraci\u00f3n a partir de la creaci\u00f3n de iniciativas encaminadas a representar los intereses y a resaltar los derechos de todos los espa\u00f1oles y las espa\u00f1olas que han decidido trabajar en este pa\u00eds. Unirse a la asamblea de IU en Estocolmo fortalecer\u00eda la emergencia de una voz com\u00fan con la que esos derechos no puedan ser despreciados.&nbsp;<\/p>\n\n\n\n<figure class=\"wp-block-image size-large\"><img loading=\"lazy\" decoding=\"async\" width=\"705\" height=\"1024\" src=\"http:\/\/iuexterior.org\/wp-content\/uploads\/2024\/03\/unnamed-2-705x1024.jpg\" alt=\"\" class=\"wp-image-2792\" srcset=\"http:\/\/iuexterior.org\/wp-content\/uploads\/2024\/03\/unnamed-2-705x1024.jpg 705w, http:\/\/iuexterior.org\/wp-content\/uploads\/2024\/03\/unnamed-2-207x300.jpg 207w, http:\/\/iuexterior.org\/wp-content\/uploads\/2024\/03\/unnamed-2-768x1115.jpg 768w, http:\/\/iuexterior.org\/wp-content\/uploads\/2024\/03\/unnamed-2-1058x1536.jpg 1058w, http:\/\/iuexterior.org\/wp-content\/uploads\/2024\/03\/unnamed-2-8x12.jpg 8w, http:\/\/iuexterior.org\/wp-content\/uploads\/2024\/03\/unnamed-2.jpg 1102w\" sizes=\"auto, (max-width: 705px) 100vw, 705px\" \/><\/figure>\n\n\n\n<p class=\"wp-block-paragraph\"><strong>Federacion del Exterior de Izquierda Unida. Militancia de la Asamblea Global en Estocolmo.<\/strong><\/p>\n\n\n\n<p class=\"wp-block-paragraph\">*La Asamblea Global de IU Exterior se fund\u00f3 el 30 de enero de 2020 para aglutinar a&nbsp; simpatizantes y militantes que carecen de asamblea de base en su ciudad de residencia. Su militancia est\u00e1 repartida por tres continentes: Europa, Am\u00e9rica y \u00c1frica. Desde su creaci\u00f3n, la asamblea se re\u00fane mensualmente de forma telem\u00e1tica. Ha formado parte de la organizaci\u00f3n de eventos en ciudades como Viena o Londres, y participado en otros en ciudades como Dubl\u00edn, Estocolmo, Nueva York o Kaunas.<br>Leer m\u00e1s: <a href=\"https:\/\/iuexterior.org\/de\/Global\/\">https:\/\/iuexterior.org\/Global\/<\/a>&nbsp;<\/p>\n\n\n\n<h2 class=\"wp-block-heading\" id=\"block-a9ca021f-50d1-4b61-b475-a745c06bb456\">\u00dcber die IU Exterior<\/h2>\n\n\n\n<p class=\"wp-block-paragraph\" id=\"block-9e1dfc72-a0ae-42f2-ab83-cb8fe83e1265\">La&nbsp;<strong>Federaci\u00f3n del Exterior de Izquierda Unida<\/strong>&nbsp;<a href=\"http:\/\/iuexterior.org\/de\/2017\/04\/30\/la-federacion-del-exterior-de-iu-nace-para-movilizar-politicamente-a-la-emigracion-espanola\/\">naci\u00f3 en abril de 2017<\/a>&nbsp;para movilizar pol\u00edticamente a la emigraci\u00f3n espa\u00f1ola y darle voz a sus reivindicaciones. Actualmente contamos con asambleas estables en&nbsp;<a href=\"http:\/\/iuexterior.org\/de\/Bruselas\/\">Bruselas<\/a>, B\u00e9lgica;&nbsp;<a href=\"http:\/\/iuexterior.org\/de\/Berlin\/\">Berl\u00edn<\/a>&nbsp;y&nbsp;<a href=\"http:\/\/iuexterior.org\/de\/Frankfurt\/\">Frankfurt<\/a>, en Alemania;&nbsp;<a href=\"http:\/\/iuexterior.org\/de\/Luexmburgo\/\">Luxemburgo<\/a>;&nbsp;<a href=\"http:\/\/iuexterior.org\/de\/Zurich\/\">Z\u00farich<\/a>, en Suiza; en&nbsp;<a href=\"http:\/\/iuexterior.org\/de\/Lyon\/\">Lyon<\/a>&nbsp;y&nbsp;<a href=\"http:\/\/iuexterior.org\/de\/Toulouse\/\">Toulouse<\/a>, en Francia; y tanto en la&nbsp;<a href=\"http:\/\/iuexterior.org\/de\/BuenosAires\/\">Ciudad de Buenos Aires<\/a>&nbsp;como en la&nbsp;<a href=\"http:\/\/iuexterior.org\/de\/provinciabuenosaires\/\">Provincia de Buenos Aires<\/a>, Argentina. Adem\u00e1s, la federaci\u00f3n dispone de la asamblea&nbsp;<a href=\"http:\/\/iuexterior.org\/de\/Global\/\">IU Global<\/a>, por medio de la cual participa la militancia dispersa por el mundo sin acceso a una asamblea local propia.<\/p>\n\n\n\n<p class=\"wp-block-paragraph translation-block\" id=\"block-08d3c176-e1e9-4a7a-91bf-6dbfe90d3e6d\">Puedes contactar con&nbsp;<strong>IU Exterior<\/strong>&nbsp;a trav\u00e9s del correo&nbsp;<a href=\"mailto:exterior@izquierdaunida.org\" rel=\"noreferrer noopener\" target=\"_self\"><strong>exterior@izquierdaunida.org<\/strong><\/a>&nbsp;o de nuestros perfiles en&nbsp;<a href=\"https:\/\/www.facebook.com\/IUExterior\/\" rel=\"noreferrer noopener\" target=\"_self\"><strong>Facebook<\/strong><\/a>,&nbsp;<a href=\"https:\/\/twitter.com\/IUExterior\/\" rel=\"noreferrer noopener\" target=\"_self\"><strong>Twitter<\/strong><\/a>&nbsp;e&nbsp;<a href=\"https:\/\/www.instagram.com\/IUExterior\/\" rel=\"noreferrer noopener\" target=\"_self\"><strong>Instagram<\/strong><\/a>.<\/p>","protected":false},"excerpt":{"rendered":"<p>La comunidad emigrante espa\u00f1ola en Estocolmo se organizar\u00e1 como asamblea parte de la federaci\u00f3n del Exterior de Izquierda Unida con un acto fundacional. Fecha: Viernes d\u00eda 12 de abril 17:00 &hellip;<\/p>","protected":false},"author":1,"featured_media":2793,"comment_status":"closed","ping_status":"closed","sticky":false,"template":"","format":"standard","meta":{"wds_primary_category":0,"footnotes":""},"categories":[110,1,8,32,127],"tags":[],"class_list":["post-2790","post","type-post","status-publish","format-standard","has-post-thumbnail","","category-acciones","category-actualidad","category-destacado","category-federacion","category-iu-estocolmo"],"_links":{"self":[{"href":"http:\/\/iuexterior.org\/de\/wp-json\/wp\/v2\/posts\/2790","targetHints":{"allow":["GET"]}}],"collection":[{"href":"http:\/\/iuexterior.org\/de\/wp-json\/wp\/v2\/posts"}],"about":[{"href":"http:\/\/iuexterior.org\/de\/wp-json\/wp\/v2\/types\/post"}],"author":[{"embeddable":true,"href":"http:\/\/iuexterior.org\/de\/wp-json\/wp\/v2\/users\/1"}],"replies":[{"embeddable":true,"href":"http:\/\/iuexterior.org\/de\/wp-json\/wp\/v2\/comments?post=2790"}],"version-history":[{"count":4,"href":"http:\/\/iuexterior.org\/de\/wp-json\/wp\/v2\/posts\/2790\/revisions"}],"predecessor-version":[{"id":2803,"href":"http:\/\/iuexterior.org\/de\/wp-json\/wp\/v2\/posts\/2790\/revisions\/2803"}],"wp:featuredmedia":[{"embeddable":true,"href":"http:\/\/iuexterior.org\/de\/wp-json\/wp\/v2\/media\/2793"}],"wp:attachment":[{"href":"http:\/\/iuexterior.org\/de\/wp-json\/wp\/v2\/media?parent=2790"}],"wp:term":[{"taxonomy":"category","embeddable":true,"href":"http:\/\/iuexterior.org\/de\/wp-json\/wp\/v2\/categories?post=2790"},{"taxonomy":"post_tag","embeddable":true,"href":"http:\/\/iuexterior.org\/de\/wp-json\/wp\/v2\/tags?post=2790"}],"curies":[{"name":"wp","href":"https:\/\/api.w.org\/{rel}","templated":true}]}}