{"id":2437,"date":"2021-05-07T09:49:52","date_gmt":"2021-05-07T07:49:52","guid":{"rendered":"http:\/\/iuexterior.org\/?p=2437"},"modified":"2021-05-07T09:49:53","modified_gmt":"2021-05-07T07:49:53","slug":"iu-exterior-organiza-un-encuentro-para-debatir-el-futuro-de-la-federacion","status":"publish","type":"post","link":"http:\/\/iuexterior.org\/de\/2021\/05\/07\/iu-exterior-organiza-un-encuentro-para-debatir-el-futuro-de-la-federacion\/","title":{"rendered":"IU Exterior organiza un encuentro para debatir el futuro de la Federaci\u00f3n"},"content":{"rendered":"<h4 class=\"wp-block-heading\">El encuentro \u201cRepensar IU Exterior\u201d se celebrar\u00e1 el s\u00e1bado 22 de mayo a las 16h00 (CET) de forma telem\u00e1tica y estar\u00e1 abierto a toda la militancia y simpatizantes, previa inscripci\u00f3n.\u00a0<\/h4>\n\n\n\n<p class=\"wp-block-paragraph\">La <strong>Federaci\u00f3n de Izquierda Unida en el Exterior<\/strong> (IU Exterior) invita a toda aquella persona interesada a unirse al proceso de debate colectivo. Este encuentro <em>\u00abest\u00e1 pensado para que las militantes y simpatizantes debatan de forma colectiva c\u00f3mo IU Exterior debe organizarse y reforzarse en estos pr\u00f3ximos a\u00f1os\u00bb<\/em>. El evento se celebrar\u00e1 de manera telem\u00e1tica, la inscripci\u00f3n est\u00e1 abierta hasta <strong>el jueves 20 de mayo a trav\u00e9s de este <a href=\"https:\/\/docs.google.com\/forms\/d\/e\/1FAIpQLSfhepwpHCfacBFrJKXhJc5XERz7yTLLffqFQpkjWGKp8y5hFA\/viewform?usp=sf_link\">link<\/a>.\u00a0<\/strong><\/p>\n\n\n\n<p class=\"wp-block-paragraph\"><strong>IU Exterior<\/strong> <a href=\"http:\/\/iuexterior.org\/de\/que-es-iu-exterior\/\">nac\u00eda <\/a>hace cuatro a\u00f1os <em><em>\u00ab<\/em>porque entend\u00edamos que el contexto migratorio hab\u00eda cambiado y necesitamos una nueva estructura que se adapte mejor al mismo.\u00bb<\/em> El encuentro \u201cRepensar IU Exterior\u201d servir\u00e1 para preparar de\u00a0 forma colectiva las l\u00edneas de acci\u00f3n a seguir en los pr\u00f3ximos a\u00f1os, pero tambi\u00e9n como un evento informativo, para explicar a fondo c\u00f3mo funciona <strong>IU Exterior<\/strong>, y as\u00ed analizar los nuevos conflictos que han surgido en estos \u00faltimos a\u00f1os.\u00a0<\/p>\n\n\n\n<figure class=\"wp-block-embed is-type-video is-provider-youtube wp-block-embed-youtube wp-embed-aspect-16-9 wp-has-aspect-ratio\"><div class=\"wp-block-embed__wrapper\">\n<iframe loading=\"lazy\" title=\"V\u00eddeo resumen de la I Asamblea de IU Exterior\" width=\"618\" height=\"348\" src=\"https:\/\/www.youtube.com\/embed\/xcpOYW67Y70?feature=oembed\" frameborder=\"0\" allow=\"accelerometer; autoplay; clipboard-write; encrypted-media; gyroscope; picture-in-picture; web-share\" referrerpolicy=\"strict-origin-when-cross-origin\" allowfullscreen><\/iframe>\n<\/div><\/figure>\n\n\n\n<p class=\"wp-block-paragraph\"><strong>Nerea Fern\u00e1ndez, <\/strong>co-coordinadora de<strong> IU Exterior <\/strong>explica que<strong> <em>\u00ab<\/em><\/strong><em>la<strong> <\/strong>Federaci\u00f3n est\u00e1 formada tanto por personas de la vieja y la nueva emigraci\u00f3n, como por los descendientes de los que ya emigraron hace tiempo a causa de la persecuci\u00f3n pol\u00edtica y las diversas crisis econ\u00f3micas que han azotado\u00a0 nuestro pa\u00eds\u00bb<\/em>. <strong>Fern\u00e1ndez <\/strong>a\u00f1ade que IU Exterior<strong> <em>\u00ab<\/em><\/strong><em>tiene muy presente<\/em><strong><em> <\/em><\/strong><em>de d\u00f3nde venimos, tenemos muy claro a d\u00f3nde vamos, poniendo en el tablero pol\u00edtico los problemas que afectan a la emigraci\u00f3n y las demandas de las descendientes, ya sean de Latinoam\u00e9rica o del S\u00e1hara Occidental\u00bb<\/em>.<\/p>\n\n\n\n<p class=\"wp-block-paragraph\">La federaci\u00f3n de IU Exterior prepara este evento tras la finalizaci\u00f3n del proceso de debate de la XII Asamblea Federal de Izquierda Unida, en la que aprobamos un nuevo documento pol\u00edtico y una nueva direcci\u00f3n. <strong>IU Exterior<\/strong> recuerda que <em>\u201cRepensar IU Exterior\u201d ser\u00e1 un punto de partida para la que ser\u00e1 su II Asamblea de Federaci\u00f3n y que se celebrar\u00e1 en oto\u00f1o de este a\u00f1o\u00bb<\/em>.\u00a0<\/p>\n\n\n\n<p class=\"wp-block-paragraph\">El encuentro <strong>\u201cRepensar IU Exterior\u201d<\/strong> estar\u00e1 estructurado por tem\u00e1ticas y grupos reducidos para poder trabajar en las diferentes problem\u00e1ticas que afectan a la emigraci\u00f3n pero tambi\u00e9n a la Federaci\u00f3n a la hora de organizarse. El proceso de debate terminar\u00e1 con una sesi\u00f3n conjunta en la que se presentar\u00e1n las conclusiones finales de cada grupo de trabajo.\u00a0<\/p>\n\n\n\n<p class=\"wp-block-paragraph\"><strong>Eduardo Vel\u00e1zquez,<\/strong> co-coordinador de IU Exterior, anima a participar ya que <em>\u00aben estos momentos, necesitamos conocer las inquietudes de nuestras militantes y simpatizantes y es importante consolidemos de manera colectiva nuestro proyecto pol\u00edtico aglutinado bajo esta Federaci\u00f3n\u00bb.<\/em> <strong>Vel\u00e1zquez <\/strong>agrega que<strong> \u201c<\/strong><em>IU Exterior est\u00e1 presente en muchos pa\u00edses con diferentes situaciones pol\u00edtico-sociales donde tambi\u00e9n tejemos redes de solidaridad internacional. Por todo ello, os esperamos a todas este 22 de mayo en el evento \u00abRepensar IU Exterior\u00bb<\/em>.<\/p>","protected":false},"excerpt":{"rendered":"<p>El encuentro \u201cRepensar IU Exterior\u201d se celebrar\u00e1 el s\u00e1bado 22 de mayo a las 16h00 (CET) de forma telem\u00e1tica y estar\u00e1 abierto a toda la militancia y simpatizantes, previa inscripci\u00f3n.\u00a0 &hellip;<\/p>","protected":false},"author":3,"featured_media":2438,"comment_status":"closed","ping_status":"closed","sticky":false,"template":"","format":"standard","meta":{"wds_primary_category":0,"footnotes":""},"categories":[1,8,32],"tags":[],"class_list":["post-2437","post","type-post","status-publish","format-standard","has-post-thumbnail","","category-actualidad","category-destacado","category-federacion"],"_links":{"self":[{"href":"http:\/\/iuexterior.org\/de\/wp-json\/wp\/v2\/posts\/2437","targetHints":{"allow":["GET"]}}],"collection":[{"href":"http:\/\/iuexterior.org\/de\/wp-json\/wp\/v2\/posts"}],"about":[{"href":"http:\/\/iuexterior.org\/de\/wp-json\/wp\/v2\/types\/post"}],"author":[{"embeddable":true,"href":"http:\/\/iuexterior.org\/de\/wp-json\/wp\/v2\/users\/3"}],"replies":[{"embeddable":true,"href":"http:\/\/iuexterior.org\/de\/wp-json\/wp\/v2\/comments?post=2437"}],"version-history":[{"count":2,"href":"http:\/\/iuexterior.org\/de\/wp-json\/wp\/v2\/posts\/2437\/revisions"}],"predecessor-version":[{"id":2440,"href":"http:\/\/iuexterior.org\/de\/wp-json\/wp\/v2\/posts\/2437\/revisions\/2440"}],"wp:featuredmedia":[{"embeddable":true,"href":"http:\/\/iuexterior.org\/de\/wp-json\/wp\/v2\/media\/2438"}],"wp:attachment":[{"href":"http:\/\/iuexterior.org\/de\/wp-json\/wp\/v2\/media?parent=2437"}],"wp:term":[{"taxonomy":"category","embeddable":true,"href":"http:\/\/iuexterior.org\/de\/wp-json\/wp\/v2\/categories?post=2437"},{"taxonomy":"post_tag","embeddable":true,"href":"http:\/\/iuexterior.org\/de\/wp-json\/wp\/v2\/tags?post=2437"}],"curies":[{"name":"wp","href":"https:\/\/api.w.org\/{rel}","templated":true}]}}