{"id":2243,"date":"2021-02-02T09:23:09","date_gmt":"2021-02-02T08:23:09","guid":{"rendered":"http:\/\/iuexterior.org\/?p=2243"},"modified":"2021-02-24T01:03:42","modified_gmt":"2021-02-24T00:03:42","slug":"unidas-podemos-exterior-pide-el-voto-para-en-comu-podem-por-su-clara-defensa-de-los-derechos-de-la-poblacion-catalana-emigrada","status":"publish","type":"post","link":"http:\/\/iuexterior.org\/de\/2021\/02\/02\/unidas-podemos-exterior-pide-el-voto-para-en-comu-podem-por-su-clara-defensa-de-los-derechos-de-la-poblacion-catalana-emigrada\/","title":{"rendered":"Unidas Podemos Exterior pide el voto para En Com\u00fa Podem por su \u00abclara defensa\u00bb de los derechos de la poblaci\u00f3n catalana emigrada"},"content":{"rendered":"<p class=\"has-medium-font-size wp-block-paragraph translation-block\">El <a href=\"https:\/\/encomupodem.cat\/es\/programa-electoral\/\" target=\"_self\" rel=\"noreferrer noopener\">programa electoral<\/a> de la candidatura de confluencia dedica todo un dec\u00e1logo a demandas hist\u00f3ricas de la emigraci\u00f3n como la lucha por un retorno digno, la nacionalidad para descendientes del exilio, la derogaci\u00f3n del voto rogado o la creaci\u00f3n de una circunscripci\u00f3n electoral exterior.<\/p>\n\n\n\n<p class=\"wp-block-paragraph translation-block\"><strong>Unidas Podemos Exterior (Podemos Exterior e IU Exterior)<\/strong> muestran su apoyo <em>\u00abfirme y decidido\u00bb<\/em> por la candidatura de confluencia <strong>En Com\u00fa Podem<\/strong>, encabezada por <strong>J\u00e9ssica Albiach<\/strong>, de cara a los comicios electorales catalanes del pr\u00f3ximo <strong>14 de febrero<\/strong>. Tanto la militancia de <strong>Podemos en el Exterior<\/strong> como de la federaci\u00f3n de <strong>Izquierda Unida en el Exterior<\/strong> destacan la inclusi\u00f3n de un dec\u00e1logo de demandas en el <strong><a href=\"https:\/\/encomupodem.cat\/es\/programa-electoral\/\" target=\"_self\" rel=\"noreferrer noopener\">programa electoral de En Com\u00fa Podem<\/a> <\/strong>en el que se realiza una <em>\u00abclara defensa\u00bb<\/em> de los derechos de la ciudadan\u00eda catalana emigrada.<\/p>\n\n\n\n<p class=\"wp-block-paragraph\">As\u00ed, bajo el ep\u00edgrafe <em>\u00ab<strong>Atendre les problem\u00e0tiques dels catalans i catalanes a l\u2019exterior<\/strong>\u00bb<\/em> (<a href=\"https:\/\/encomupodem.cat\/content\/uploads\/2021\/01\/programa_ecp_v1_1_30_01_2021.pdf#page=87\" target=\"_blank\" rel=\"noreferrer noopener\">p\u00e1gina 87<\/a>), la candidatura de confluencia recuerda que, a pesar de que <em>\u00abmoltes de les problem\u00e0tiques que enfronta la ciutadania catalana a l&#8217;exterior s\u00f3n compet\u00e8ncies estatals, no obstant l&#8217;Estatut d\u2019Autonomia de Catalunya reconeix a l&#8217;article 7.2 la plena ciutadania dels catalans residents a l\u2019estranger i els seus descendents\u00bb<\/em>. Adem\u00e1s, el Estatuto reconoce en su art\u00edculo 13 <em>\u00abl&#8217;obligaci\u00f3 de la Generalitat de donar suport a les comunitats catalanes a l&#8217;exterior\u00bb<\/em>, mientras que el 138 establece <em>\u00abl&#8217;obligaci\u00f3 de generar pol\u00edtiques d&#8217;integraci\u00f3 per als catalans retornats\u00bb<\/em>.<\/p>\n\n\n\n<p class=\"wp-block-paragraph\">Por tanto, <strong>En Com\u00fa Podem<\/strong> se compromete a promover, desde el Parlament y la Generalitat, iniciativas para <em>\u00abdonar suport a la <strong><a href=\"http:\/\/iuexterior.org\/de\/category\/acciones\/ley-de-descendientes\/\">Llei de Nacionalitat dels Descendents<\/a><\/strong> que avui es tramita al Senat com una pol\u00edtica de reparaci\u00f3 i reconeixement dels catalans a l&#8217;exterior i la di\u00e0spora\u00bb<\/em>, una de las reivindicaciones en las que <strong>Podemos Exterior e IU Exterior<\/strong> vienen trabajando a trav\u00e9s de <a href=\"http:\/\/iuexterior.org\/de\/2020\/10\/20\/el-gobierno-se-compromete-a-facilitar-la-nacionalidad-para-los-supuestos-no-previstos-en-la-ley-de-memoria-historica-de-2007\/\">la labor parlamentaria de la senadora de <strong>En Com\u00fa Podem Sara Vil\u00e0<\/strong><\/a> y con el apoyo de colectivos de descendientes. Adem\u00e1s, proponen <em>\u00abfer que a la Llei de Mem\u00f2ria Democr\u00e0tica de Catalunya es reconegui a les persones exiliades i descendents\u00bb<\/em>.<\/p>\n\n\n\n<p class=\"wp-block-paragraph\">Otra de las demandas recogidas en el <strong><a href=\"https:\/\/encomupodem.cat\/content\/uploads\/2021\/01\/programa_ecp_v1_1_30_01_2021.pdf#page=87\" target=\"_blank\" rel=\"noreferrer noopener\">programa de En Com\u00fa Podem<\/a> <\/strong>es <em>\u00abla <strong>reforma de la LOREG eliminant el vot pregat<\/strong> i restablir el dret a vot a les eleccions municipals\u00bb<\/em>, una de las principales luchas de la di\u00e1spora catalana y espa\u00f1ola desde la implantaci\u00f3n del sistema de voto rogado hace casi una d\u00e9cada por parte de&nbsp;<strong>PP, PSOE, CiU y PNV<\/strong>, que ha limitado la participaci\u00f3n electoral hasta un <strong>5% de votos reales<\/strong>, a pesar de las&nbsp;<a href=\"http:\/\/iuexterior.org\/de\/2019\/12\/12\/iu-exterior-recopila-casos-de-incidencias-con-el-voto-rogado-para-preparar-una-denuncia-colectiva\/\">denuncias realizadas en innumerables ocasiones<\/a>&nbsp;por parte de la colectividad emigrada. Pero el compromiso no se queda ah\u00ed: <strong>En Com\u00fa Podem<\/strong> propone <em>\u00abimpulsar la creaci\u00f3 d&#8217;una <strong>circumscripci\u00f3 exterior<\/strong> per la representaci\u00f3 dels catalans i catalanes a l&#8217;exterior tal com tenen pa\u00efsos com It\u00e0lia, Fran\u00e7a i Portugal\u00bb<\/em>, una de las reivindicaciones clave de los colectivos migrantes en el exterior. Esta demanda para garantizar los derechos a la participaci\u00f3n de la emigraci\u00f3n viene tambi\u00e9n recogida en el ap\u00e9ndice <em>\u00abMillorar la democr\u00e0cia representativa\u00bb<\/em> (<a href=\"https:\/\/encomupodem.cat\/content\/uploads\/2021\/01\/programa_ecp_v1_1_30_01_2021.pdf#page=90\" target=\"_blank\" rel=\"noreferrer noopener\">p\u00e1gina 90<\/a>), que en su punto 4 prev\u00e9 la <em>\u00abcreaci\u00f3 d\u2019oficines auton\u00f2miques de suport a les persones emigrades: atenci\u00f3 a les persones que resideixen a l\u2019estranger per garantir l\u2019exercici dels seus drets, en particular el dret de vot\u00bb<\/em>. <\/p>\n\n\n\n<p class=\"wp-block-paragraph\">Entre otras demandas importantes para la emigraci\u00f3n, como <em>\u00abgarantir l&#8217;acc\u00e9s a la salut p\u00fablica dels residents a l&#8217;estranger a Catalunya<\/em>\u00bb o <em>\u00abdesenvolupar la Llei 8\/2017 de la comunitat catalana a l&#8217;exterior<\/em>\u00bb, el dec\u00e1logo dedicado a la di\u00e1spora catalana pone especial \u00e9nfasis en la <strong>promoci\u00f3n de un retorno digno<\/strong>, <em>\u00abdesenvolupant una nova llei de mesures de suport dels catalans emigrats i els seus descendents\u00bb<\/em>. Este aspecto queda destacado adem\u00e1s en el punto <em>\u00abGarantir els drets laborals del jovent\u00bb<\/em> (<a href=\"https:\/\/encomupodem.cat\/content\/uploads\/2021\/01\/programa_ecp_v1_1_30_01_2021.pdf#page=49\" target=\"_blank\" rel=\"noreferrer noopener\">p\u00e1gina 49<\/a>), donde se prev\u00e9 la creaci\u00f3n de <em>\u00abun pla integral que faciliti el retorn amb feina dels joves que han hagut de marxar a l\u2019estranger\u00bb<\/em> para superar as\u00ed <em>\u00abel desemparament social, pol\u00edtic i econ\u00f2mic dels i les joves que han emigrat per causes econ\u00f2miques, garantint el dret a l\u2019acompanyament i el dret al retorn, buscant oportunitats laborals que no tenen al nostre pa\u00eds\u00bb<\/em>.<\/p>\n\n\n\n<p class=\"wp-block-paragraph\">Otros de los compromisos de la candidatura encabezada por <strong>J\u00e9ssica Albiach <\/strong>incluyen <em>\u00abfomentar la llengua catalana entre els descendents, garantint els drets ling\u00fc\u00edstics dels fills i filles de catalans residents a l&#8217;exterior\u00bb<\/em>, <em>\u00abgenerar espais de participaci\u00f3 per les associacions a l\u2019exterior en la discussi\u00f3, elaboraci\u00f3 i implementaci\u00f3 de les pol\u00edtiques p\u00fabliques\u00bb o \u00abpromoure el suport a les persones pensionades i dependents que resideixen a l&#8217;exterior\u00bb<\/em>.<\/p>\n\n\n\n<h2 class=\"wp-block-heading\">\u00dcber die IU Exterior<\/h2>\n\n\n\n<p class=\"wp-block-paragraph translation-block\">La&nbsp;<strong>Federaci\u00f3n del Exterior de Izquierda Unida<\/strong>&nbsp;<a href=\"http:\/\/iuexterior.org\/de\/2017\/04\/30\/la-federacion-del-exterior-de-iu-nace-para-movilizar-politicamente-a-la-emigracion-espanola\/\" target=\"_self\">naci\u00f3 en abril de 2017<\/a>&nbsp;para movilizar pol\u00edticamente a la emigraci\u00f3n espa\u00f1ola y darle voz a sus reivindicaciones. Actualmente contamos con asambleas estables en&nbsp;<a href=\"http:\/\/iuexterior.org\/de\/Bruselas\/\" rel=\"noreferrer noopener\" target=\"_self\">Bruselas<\/a>, B\u00e9lgica;&nbsp;<a href=\"http:\/\/iuexterior.org\/de\/Berlin\/\" rel=\"noreferrer noopener\" target=\"_self\">Berl\u00edn<\/a>&nbsp;y&nbsp;<a href=\"http:\/\/iuexterior.org\/de\/Frankfurt\/\" rel=\"noreferrer noopener\" target=\"_self\">Frankfurt<\/a>, en Alemania;&nbsp;<a href=\"http:\/\/iuexterior.org\/de\/Luexmburgo\/\" rel=\"noreferrer noopener\" target=\"_self\">Luxemburgo<\/a>;&nbsp;<a href=\"http:\/\/iuexterior.org\/de\/Zurich\/\" rel=\"noreferrer noopener\" target=\"_self\">Z\u00farich<\/a>, en Suiza; en&nbsp;<a href=\"http:\/\/iuexterior.org\/de\/Lyon\/\" target=\"_self\">Lyon<\/a>&nbsp;y&nbsp;<a href=\"http:\/\/iuexterior.org\/de\/Toulouse\/\" rel=\"noreferrer noopener\" target=\"_self\">Toulouse<\/a>, en Francia; y tanto en&nbsp;la&nbsp;<a href=\"http:\/\/iuexterior.org\/de\/BuenosAires\/\" rel=\"noreferrer noopener\" target=\"_self\">Ciudad de Buenos Aires<\/a>&nbsp;como en la&nbsp;<a href=\"http:\/\/iuexterior.org\/de\/provinciabuenosaires\/\" rel=\"noreferrer noopener\" target=\"_self\">Provincia de Buenos Aires<\/a>, Argentina. Adem\u00e1s, la federaci\u00f3n dispone de la asamblea&nbsp;<a href=\"http:\/\/iuexterior.org\/de\/Global\/\" rel=\"noreferrer noopener\" target=\"_self\">IU Global<\/a>, por medio de la cual participa la militancia dispersa por el mundo sin acceso a una asamblea local propia.<\/p>\n\n\n\n<p class=\"wp-block-paragraph translation-block\">Puedes contactar con&nbsp;<strong>IU Exterior<\/strong>&nbsp;a trav\u00e9s del correo&nbsp;<a href=\"mailto:exterior@izquierdaunida.org\" rel=\"noreferrer noopener\" target=\"_self\"><strong>exterior@izquierdaunida.org<\/strong><\/a>&nbsp;o de nuestros perfiles en&nbsp;<a href=\"https:\/\/www.facebook.com\/IUExterior\/\" rel=\"noreferrer noopener\" target=\"_self\"><strong>Facebook<\/strong><\/a>,&nbsp;<a href=\"https:\/\/twitter.com\/IUExterior\/\" rel=\"noreferrer noopener\" target=\"_self\"><strong>Twitter<\/strong><\/a>&nbsp;e&nbsp;<a href=\"https:\/\/www.instagram.com\/IUExterior\/\" rel=\"noreferrer noopener\" target=\"_self\"><strong>Instagram<\/strong><\/a>.<\/p>\n<!-- WP Attachments -->\r\n        <div style=\"width:100%;margin:10px 0 10px 0;\">\r\n            <h3>Angeh\u00e4ngte Dateien<\/h3>\r\n        <ul class=\"post-attachments\"><li class=\"post-attachment mime-application-pdf\"><a target=\"_blank\" rel=\"noopener noreferrer\" href=\"http:\/\/iuexterior.org\/wp-content\/uploads\/2021\/02\/Pages-from-programa_ecp_v1_1_30_01_2021_87.pdf\">Pages-from-programa_ecp_v1_1_30_01_2021_87<\/a> <small>(29 kB)<\/small><\/li><\/ul><\/div>","protected":false},"excerpt":{"rendered":"<p>El programa electoral de la candidatura de confluencia dedica todo un dec\u00e1logo a demandas hist\u00f3ricas de la emigraci\u00f3n como la lucha por un retorno digno, la nacionalidad para descendientes del &hellip;<\/p>","protected":false},"author":2,"featured_media":2257,"comment_status":"closed","ping_status":"closed","sticky":false,"template":"","format":"standard","meta":{"wds_primary_category":0,"footnotes":""},"categories":[110,1,8,32,111],"tags":[],"class_list":["post-2243","post","type-post","status-publish","format-standard","has-post-thumbnail","","category-acciones","category-actualidad","category-destacado","category-federacion","category-voto-rogado"],"_links":{"self":[{"href":"http:\/\/iuexterior.org\/de\/wp-json\/wp\/v2\/posts\/2243","targetHints":{"allow":["GET"]}}],"collection":[{"href":"http:\/\/iuexterior.org\/de\/wp-json\/wp\/v2\/posts"}],"about":[{"href":"http:\/\/iuexterior.org\/de\/wp-json\/wp\/v2\/types\/post"}],"author":[{"embeddable":true,"href":"http:\/\/iuexterior.org\/de\/wp-json\/wp\/v2\/users\/2"}],"replies":[{"embeddable":true,"href":"http:\/\/iuexterior.org\/de\/wp-json\/wp\/v2\/comments?post=2243"}],"version-history":[{"count":10,"href":"http:\/\/iuexterior.org\/de\/wp-json\/wp\/v2\/posts\/2243\/revisions"}],"predecessor-version":[{"id":2256,"href":"http:\/\/iuexterior.org\/de\/wp-json\/wp\/v2\/posts\/2243\/revisions\/2256"}],"wp:featuredmedia":[{"embeddable":true,"href":"http:\/\/iuexterior.org\/de\/wp-json\/wp\/v2\/media\/2257"}],"wp:attachment":[{"href":"http:\/\/iuexterior.org\/de\/wp-json\/wp\/v2\/media?parent=2243"}],"wp:term":[{"taxonomy":"category","embeddable":true,"href":"http:\/\/iuexterior.org\/de\/wp-json\/wp\/v2\/categories?post=2243"},{"taxonomy":"post_tag","embeddable":true,"href":"http:\/\/iuexterior.org\/de\/wp-json\/wp\/v2\/tags?post=2243"}],"curies":[{"name":"wp","href":"https:\/\/api.w.org\/{rel}","templated":true}]}}