{"id":1176,"date":"2019-04-19T17:00:59","date_gmt":"2019-04-19T15:00:59","guid":{"rendered":"http:\/\/iuexterior.org\/?p=1176"},"modified":"2020-04-30T09:52:59","modified_gmt":"2020-04-30T07:52:59","slug":"izquierda-unida-recoge-las-demandas-de-la-emigracion-en-su-programa-electoral-para-las-elecciones-generales","status":"publish","type":"post","link":"http:\/\/iuexterior.org\/de\/2019\/04\/19\/izquierda-unida-recoge-las-demandas-de-la-emigracion-en-su-programa-electoral-para-las-elecciones-generales\/","title":{"rendered":"Izquierda Unida recoge las demandas de la emigraci\u00f3n en su programa electoral para las elecciones generales"},"content":{"rendered":"<p class=\"has-medium-font-size wp-block-paragraph\">La organizaci\u00f3n tiene en cuenta reivindicaciones recogidas por la federaci\u00f3n de IU en el Exterior en su documento <em><a href=\"http:\/\/iuexterior.org\/wp-content\/uploads\/2018\/11\/IU-Exterio_Retorno_UnaPerspectivaDesdeLaEmigracio%CC%81n_21_11_2018.pdf\">Retorno: una perspectiva desde la emigraci\u00f3n<\/a><\/em> como la derogaci\u00f3n del voto rogado, la creaci\u00f3n de una circunscripci\u00f3n exterior, propuestas para un retorno digno de la emigraci\u00f3n o la renovaci\u00f3n del Estatuto de la Ciudadan\u00eda Espa\u00f1ola en el Exterior.<\/p>\n\n\n\n<p class=\"wp-block-paragraph\"><strong>Izquierda Unida (IU)<\/strong> ha puesto en marcha la campa\u00f1a <a href=\"https:\/\/twitter.com\/search?f=tweets&amp;vertical=default&amp;q=%23migrantesalafuerza&amp;src=typd\">#MigrantesAlaFuerza<\/a> para dar a conocer las <a href=\"http:\/\/iunida.org\/programagenerales28a15\">medidas de la organizaci\u00f3n en materia de emigraci\u00f3n<\/a> recogidas en su <a href=\"https:\/\/izquierdaunida.org\/programa-electoral-generales-28a\/\">programa electoral<\/a>. Entre estas propuestas se encuentran la derogaci\u00f3n del voto rogado, la creaci\u00f3n de una circunscripci\u00f3n electoral para la poblaci\u00f3n emigrada o la renovaci\u00f3n del Estatuto de la Ciudadan\u00eda Espa\u00f1ola en el Exterior.<\/p>\n\n\n\n<p class=\"wp-block-paragraph\">Con este programa, <strong>IU <\/strong>pretende dar un paso m\u00e1s en la defensa de los trabajadores, creando una serie de exigencias para terminar con este exilio econ\u00f3mico y para mejorar lo m\u00e1ximo posible las condiciones en las que se encuentran los que se ven forzados al exilio o los que no tienen otra alternativa que quedarse fuera.<\/p>\n\n\n\n<p class=\"wp-block-paragraph\"><em>\u00abEl n\u00famero de personas de origen espa\u00f1ol que residen en el extranjero, a 1 de enero de 2019, es de 2.545.729, seg\u00fan el PERE\u00bb<\/em>, recuerda <strong>Eduardo Vel\u00e1zquez, coportavoz de IU Exterior y candidato de Unidas Podemos al Senado por Palencia<\/strong>. <em>\u00abEstas cifras oficiales contrastan con otros estudios en los que se demuestra que la cifra es mucho mayor, ya que muchas y muchos emigrados no se inscriben en las Oficinas Consulares, pero s\u00ed aparecen en las estad\u00edsticas locales, como, por ejemplo, en las afiliaciones a la seguridad social\u00bb<\/em>.<\/p>\n\n\n\n<p class=\"wp-block-paragraph\"><em>\u00abEsta cifra no deja de aumentar, lo cual es la viva muestra de que las condiciones de vida en nuestro pa\u00eds no han hecho m\u00e1s que empeorar\u00bb<\/em>, a\u00f1ade <strong>Mar\u00eda Mart\u00ednez, coportavoz de IU Exterior y candidata de Unidas Podemos al Parlamento Europeo<\/strong>. <em>\u00abLos datos de la emigraci\u00f3n son el resultado de las pol\u00edticas llevadas a cabo por el PP y el PSOE desde las instituciones p\u00fablicas. Izquierda Unida est\u00e1 haciendo y har\u00e1 todo lo posible por denunciar esta lacra y exigir soluciones\u00bb<\/em>.<\/p>\n\n\n\n<p class=\"has-medium-font-size wp-block-paragraph\">S\u00edntesis del programa de emigraci\u00f3n de IU<\/p>\n\n\n\n<ul class=\"wp-block-list\"><li><strong>Derogaci\u00f3n del voto rogado<\/strong> y realizaci\u00f3n de tr\u00e1mites consulares de <strong>forma telem\u00e1tica<\/strong>.<\/li><li>Creaci\u00f3n de una <strong>circunscripci\u00f3n electoral <\/strong>que represente a las <strong>personas espa\u00f1olas en el exterior<\/strong>.<\/li><li>Creaci\u00f3n de un <strong>plan de retorno <\/strong>para las espa\u00f1olas emigradas que garantice su acceso a <strong>derechos como la vivienda <\/strong>y elimine cualquier traba en el acceso a los mismos.<\/li><li>Reconocimiento de los <strong>derechos vinculados a las prestaciones econ\u00f3micas<\/strong>, como las cotizaciones a los sistemas de <strong>seguridad social y pensiones <\/strong>de terceros pa\u00edses.  <\/li><li>Garantizar los derechos de las espa\u00f1olas y espa\u00f1oles que siguen en el exterior a trav\u00e9s de unas <strong>oficinas consulares bien dotadas <\/strong>y del desarrollo de <strong>pol\u00edticas sociales, culturales y educativas destinadas a la poblaci\u00f3n emigrada<\/strong>.<\/li><\/ul>\n\n\n\n<p class=\"wp-block-paragraph\"><strong>El <\/strong><a href=\"http:\/\/iunida.org\/programagenerales28a15\"><strong>cuadernillo de emigraci\u00f3n<\/strong><\/a><strong> o el <\/strong><a href=\"http:\/\/iunida.org\/programagenerales28a\"><strong>programa electoral completo de IU<\/strong><\/a><strong> est\u00e1n disponibles para su descarga <\/strong><a href=\"https:\/\/izquierdaunida.org\/programa-electoral-generales-28a\/\"><strong>en su web<\/strong><\/a><strong>.<\/strong><\/p>\n\n\n\n<p class=\"has-medium-font-size wp-block-paragraph\">\u00dcber die IU Exterior<\/p>\n\n\n\n<p class=\"wp-block-paragraph\">La&nbsp;<strong>Federaci\u00f3n del Exterior de Izquierda Unida <\/strong><a href=\"http:\/\/iuexterior.org\/de\/2017\/04\/30\/la-federacion-del-exterior-de-iu-nace-para-movilizar-politicamente-a-la-emigracion-espanola\/\">naci\u00f3 en abril de 2017<\/a>&nbsp;para movilizar pol\u00edticamente a la emigraci\u00f3n espa\u00f1ola y darle voz a sus reivindicaciones. Actualmente contamos con asambleas estables en&nbsp;<a rel=\"noreferrer noopener\" href=\"https:\/\/www.facebook.com\/IUBruselas\/\" target=\"_blank\">Bruselas<\/a>, B\u00e9lgica;&nbsp;<a rel=\"noreferrer noopener\" href=\"https:\/\/www.facebook.com\/iuberlin\/\" target=\"_blank\">Berl\u00edn<\/a>&nbsp;y&nbsp;<a rel=\"noreferrer noopener\" href=\"https:\/\/www.facebook.com\/iufrankfurt\/\" target=\"_blank\">Frankfurt<\/a>, en Alemania;&nbsp;<a rel=\"noreferrer noopener\" href=\"https:\/\/www.facebook.com\/IzquierdaUnidaLuxemburgo\/\" target=\"_blank\">Luxemburgo<\/a>;&nbsp;<a rel=\"noreferrer noopener\" href=\"https:\/\/www.facebook.com\/IUZurich\/\" target=\"_blank\">Z\u00farich<\/a>, en Suiza; en&nbsp;<a href=\"https:\/\/www.facebook.com\/izquierdaunidalyon\/\">Lyon<\/a>,&nbsp;<a rel=\"noreferrer noopener\" href=\"https:\/\/www.facebook.com\/IUToulouse\/\" target=\"_blank\">Toulouse<\/a>&nbsp;y&nbsp;<a rel=\"noreferrer noopener\" href=\"https:\/\/www.facebook.com\/iufrancia\/\" target=\"_blank\">Montpellier<\/a>, en Francia; y en&nbsp;<a rel=\"noreferrer noopener\" href=\"https:\/\/www.facebook.com\/iuBuenosAires\/\" target=\"_blank\">Buenos Aires<\/a>, Argentina.<\/p>","protected":false},"excerpt":{"rendered":"<p>La organizaci\u00f3n tiene en cuenta reivindicaciones recogidas por la federaci\u00f3n de IU en el Exterior en su documento Retorno: una perspectiva desde la emigraci\u00f3n como la derogaci\u00f3n del voto rogado, &hellip;<\/p>","protected":false},"author":2,"featured_media":1177,"comment_status":"closed","ping_status":"closed","sticky":false,"template":"","format":"standard","meta":{"wds_primary_category":0,"footnotes":""},"categories":[110,1,8,32,111],"tags":[],"class_list":["post-1176","post","type-post","status-publish","format-standard","has-post-thumbnail","","category-acciones","category-actualidad","category-destacado","category-federacion","category-voto-rogado"],"_links":{"self":[{"href":"http:\/\/iuexterior.org\/de\/wp-json\/wp\/v2\/posts\/1176","targetHints":{"allow":["GET"]}}],"collection":[{"href":"http:\/\/iuexterior.org\/de\/wp-json\/wp\/v2\/posts"}],"about":[{"href":"http:\/\/iuexterior.org\/de\/wp-json\/wp\/v2\/types\/post"}],"author":[{"embeddable":true,"href":"http:\/\/iuexterior.org\/de\/wp-json\/wp\/v2\/users\/2"}],"replies":[{"embeddable":true,"href":"http:\/\/iuexterior.org\/de\/wp-json\/wp\/v2\/comments?post=1176"}],"version-history":[{"count":6,"href":"http:\/\/iuexterior.org\/de\/wp-json\/wp\/v2\/posts\/1176\/revisions"}],"predecessor-version":[{"id":1183,"href":"http:\/\/iuexterior.org\/de\/wp-json\/wp\/v2\/posts\/1176\/revisions\/1183"}],"wp:featuredmedia":[{"embeddable":true,"href":"http:\/\/iuexterior.org\/de\/wp-json\/wp\/v2\/media\/1177"}],"wp:attachment":[{"href":"http:\/\/iuexterior.org\/de\/wp-json\/wp\/v2\/media?parent=1176"}],"wp:term":[{"taxonomy":"category","embeddable":true,"href":"http:\/\/iuexterior.org\/de\/wp-json\/wp\/v2\/categories?post=1176"},{"taxonomy":"post_tag","embeddable":true,"href":"http:\/\/iuexterior.org\/de\/wp-json\/wp\/v2\/tags?post=1176"}],"curies":[{"name":"wp","href":"https:\/\/api.w.org\/{rel}","templated":true}]}}