{"id":100,"date":"2017-12-02T10:54:31","date_gmt":"2017-12-02T09:54:31","guid":{"rendered":"http:\/\/iuexterior.org\/?p=100"},"modified":"2020-04-29T20:31:25","modified_gmt":"2020-04-29T18:31:25","slug":"iuexterior-moviliza-a-la-emigracion-espanola-con-una-asamblea-estable-en-toulouse","status":"publish","type":"post","link":"http:\/\/iuexterior.org\/de\/2017\/12\/02\/iuexterior-moviliza-a-la-emigracion-espanola-con-una-asamblea-estable-en-toulouse\/","title":{"rendered":"IU Exterior moviliza a la emigraci\u00f3n espa\u00f1ola con una asamblea estable en Toulouse"},"content":{"rendered":"<p>&nbsp;<\/p>\n<p>La federaci\u00f3n del Exterior de IUnida <strong>estableci\u00f3 una asamblea de base en Toulouse<\/strong> (Francia) durante una reuni\u00f3n celebrada el pasado<strong> s\u00e1bado&nbsp;25&nbsp;de noviembre <\/strong>en la ciudad francesa que fuera<strong> capital del exilio republicano<\/strong> <strong>espa\u00f1ol<\/strong> durante el Franquismo. <strong>Ana Gonz\u00e1lez<\/strong>, estudiante de Psicolog\u00eda, result\u00f3 elegida coordinadora, y <strong>Gerardo S\u00e1nchez<\/strong>, estudiante de Historia, ser\u00e1 el responsable de Comunicaci\u00f3n. Durante la reuni\u00f3n -a la que tambi\u00e9n asistieron dos miembros de la direcci\u00f3n colegiada de IUExterior- tambi\u00e9n se aprob\u00f3 el plan de acci\u00f3n de la asamblea, que en breve realizar\u00e1 <strong>charlas de informaci\u00f3n pr\u00e1ctica<\/strong> para personas reci\u00e9n emigradas a la ciudad, organizar\u00e1 encuentros con colectivos sociales franceses y promover\u00e1 actos culturales, entre otras actividades.<\/p>\n<blockquote>\n<h4 style=\"text-align: center;\"><strong><em>IUToulouse organizar\u00e1 charlas de informaci\u00f3n pr\u00e1ctica para personas reci\u00e9n emigradas a la ciudad.<\/em><\/strong><\/h4>\n<\/blockquote>\n<p>Con esta <strong>asamblea estable, abierta y participativa<\/strong>, IUToulouse pretende movilizar a la numerosa emigraci\u00f3n espa\u00f1ola residente en Toulouse, y colaborar en la construcci\u00f3n de una sociedad m\u00e1s justa e igualitaria.<\/p>\n<h5><strong>Contacto:<\/strong><\/h5>\n<p><strong>E-mail: <\/strong>toulouse@iuexterior.org<\/p>\n<p><strong>Twitter: <\/strong>@IUToulouse<\/p>\n<p><strong>Facebook:&nbsp;<\/strong>IU Toulouse<\/p>\n<p><img loading=\"lazy\" decoding=\"async\" class=\"aligncenter wp-image-105\" src=\"http:\/\/iuexterior.org\/wp-content\/uploads\/2017\/12\/iutoulouse-2.jpg\" alt=\"\" width=\"800\" height=\"600\" srcset=\"http:\/\/iuexterior.org\/wp-content\/uploads\/2017\/12\/iutoulouse-2.jpg 960w, http:\/\/iuexterior.org\/wp-content\/uploads\/2017\/12\/iutoulouse-2-300x225.jpg 300w, http:\/\/iuexterior.org\/wp-content\/uploads\/2017\/12\/iutoulouse-2-768x576.jpg 768w\" sizes=\"auto, (max-width: 800px) 100vw, 800px\" \/><\/p>","protected":false},"excerpt":{"rendered":"<p>&nbsp; La federaci\u00f3n del Exterior de IUnida estableci\u00f3 una asamblea de base en Toulouse (Francia) durante una reuni\u00f3n celebrada el pasado s\u00e1bado&nbsp;25&nbsp;de noviembre en la ciudad francesa que fuera capital &hellip;<\/p>","protected":false},"author":1,"featured_media":101,"comment_status":"closed","ping_status":"closed","sticky":false,"template":"","format":"standard","meta":{"wds_primary_category":0,"footnotes":""},"categories":[1,8,30],"tags":[12,13,11],"class_list":["post-100","post","type-post","status-publish","format-standard","has-post-thumbnail","","category-actualidad","category-destacado","category-iu-toulouse","tag-emigracion","tag-iuexterior","tag-toulouse"],"_links":{"self":[{"href":"http:\/\/iuexterior.org\/de\/wp-json\/wp\/v2\/posts\/100","targetHints":{"allow":["GET"]}}],"collection":[{"href":"http:\/\/iuexterior.org\/de\/wp-json\/wp\/v2\/posts"}],"about":[{"href":"http:\/\/iuexterior.org\/de\/wp-json\/wp\/v2\/types\/post"}],"author":[{"embeddable":true,"href":"http:\/\/iuexterior.org\/de\/wp-json\/wp\/v2\/users\/1"}],"replies":[{"embeddable":true,"href":"http:\/\/iuexterior.org\/de\/wp-json\/wp\/v2\/comments?post=100"}],"version-history":[{"count":16,"href":"http:\/\/iuexterior.org\/de\/wp-json\/wp\/v2\/posts\/100\/revisions"}],"predecessor-version":[{"id":1694,"href":"http:\/\/iuexterior.org\/de\/wp-json\/wp\/v2\/posts\/100\/revisions\/1694"}],"wp:featuredmedia":[{"embeddable":true,"href":"http:\/\/iuexterior.org\/de\/wp-json\/wp\/v2\/media\/101"}],"wp:attachment":[{"href":"http:\/\/iuexterior.org\/de\/wp-json\/wp\/v2\/media?parent=100"}],"wp:term":[{"taxonomy":"category","embeddable":true,"href":"http:\/\/iuexterior.org\/de\/wp-json\/wp\/v2\/categories?post=100"},{"taxonomy":"post_tag","embeddable":true,"href":"http:\/\/iuexterior.org\/de\/wp-json\/wp\/v2\/tags?post=100"}],"curies":[{"name":"wp","href":"https:\/\/api.w.org\/{rel}","templated":true}]}}