{"id":94,"date":"2017-10-16T10:10:48","date_gmt":"2017-10-16T08:10:48","guid":{"rendered":"http:\/\/iuexterior.org\/?p=94"},"modified":"2020-04-29T20:04:06","modified_gmt":"2020-04-29T18:04:06","slug":"iu-exterior-apoya-la-huelga-del-personal-del-servicio-exterior-de-la-administracion-espanola-y-anima-a-la-emigracion-a-sumarse-a-las-movilizaciones","status":"publish","type":"post","link":"http:\/\/iuexterior.org\/ca\/2017\/10\/16\/iu-exterior-apoya-la-huelga-del-personal-del-servicio-exterior-de-la-administracion-espanola-y-anima-a-la-emigracion-a-sumarse-a-las-movilizaciones\/","title":{"rendered":"IU Exterior apoya la huelga del personal del Servicio Exterior de la Administraci\u00f3n Espa\u00f1ola y anima a la emigraci\u00f3n a sumarse a las movilizaciones"},"content":{"rendered":"<p>Desde la Federaci\u00f3n Exterior de IU queremos mostrar nuestro apoyo a las trabajadoras y trabajadores del Servicio Exterior de la Administraci\u00f3n Espa\u00f1ola en la huelga convocada para el 16 de octubre de 2017, que reclaman una mejora en sus condiciones laborales y una armonizaci\u00f3n de los salarios acorde con las condiciones espec\u00edficas de cada pa\u00eds.<\/p>\n<p>El diputado de IU en el Parlamento Miguel \u00c1ngel Bustamante ya realiz\u00f3 una pregunta a la Mesa del Congreso el pasado 31 de mayo sobre la movilizaci\u00f3n que impulsaron los trabajadores del Servicio Exterior Espa\u00f1ol en Argentina.<\/p>\n<p>A esta problem\u00e1tica se suma el aumento de la emigraci\u00f3n espa\u00f1ola en los \u00faltimos a\u00f1os. Las malas condiciones laborales, la falta de personal y de medios t\u00e9cnicos en las oficinas consulares repercuten negativamente en los casi 2,5 millones de personas que requieren de sus servicios en el extranjero.<\/p>\n<p>Desde IU Exterior animamos a la emigraci\u00f3n espa\u00f1ola a apoyar al personal de la administraci\u00f3n exterior en sus reivindicaciones y a sumarse en la medida de lo posible a las concentraciones que se llevar\u00e1n a cabo en diferentes ciudades de todo el mundo. \u00a1Defendamos unos servicios p\u00fablicos de calidad tambi\u00e9n en el exterior!<\/p>\n<p><iframe loading=\"lazy\" title=\"El 16 de octubre, yo hago huelga 2.0\" width=\"618\" height=\"348\" src=\"https:\/\/www.youtube.com\/embed\/K2PEs5EYing?feature=oembed\" frameborder=\"0\" allow=\"accelerometer; autoplay; clipboard-write; encrypted-media; gyroscope; picture-in-picture; web-share\" referrerpolicy=\"strict-origin-when-cross-origin\" allowfullscreen><\/iframe><\/p>","protected":false},"excerpt":{"rendered":"<p>Desde la Federaci\u00f3n Exterior de IU queremos mostrar nuestro apoyo a las trabajadoras y trabajadores del Servicio Exterior de la Administraci\u00f3n Espa\u00f1ola en la huelga convocada para el 16 de &hellip;<\/p>","protected":false},"author":1,"featured_media":98,"comment_status":"closed","ping_status":"closed","sticky":false,"template":"","format":"standard","meta":{"wds_primary_category":0,"footnotes":""},"categories":[110,1,8,113],"tags":[7],"class_list":["post-94","post","type-post","status-publish","format-standard","has-post-thumbnail","","category-acciones","category-actualidad","category-destacado","category-servicio-exterior","tag-derechos-laborales"],"_links":{"self":[{"href":"http:\/\/iuexterior.org\/ca\/wp-json\/wp\/v2\/posts\/94","targetHints":{"allow":["GET"]}}],"collection":[{"href":"http:\/\/iuexterior.org\/ca\/wp-json\/wp\/v2\/posts"}],"about":[{"href":"http:\/\/iuexterior.org\/ca\/wp-json\/wp\/v2\/types\/post"}],"author":[{"embeddable":true,"href":"http:\/\/iuexterior.org\/ca\/wp-json\/wp\/v2\/users\/1"}],"replies":[{"embeddable":true,"href":"http:\/\/iuexterior.org\/ca\/wp-json\/wp\/v2\/comments?post=94"}],"version-history":[{"count":2,"href":"http:\/\/iuexterior.org\/ca\/wp-json\/wp\/v2\/posts\/94\/revisions"}],"predecessor-version":[{"id":97,"href":"http:\/\/iuexterior.org\/ca\/wp-json\/wp\/v2\/posts\/94\/revisions\/97"}],"wp:featuredmedia":[{"embeddable":true,"href":"http:\/\/iuexterior.org\/ca\/wp-json\/wp\/v2\/media\/98"}],"wp:attachment":[{"href":"http:\/\/iuexterior.org\/ca\/wp-json\/wp\/v2\/media?parent=94"}],"wp:term":[{"taxonomy":"category","embeddable":true,"href":"http:\/\/iuexterior.org\/ca\/wp-json\/wp\/v2\/categories?post=94"},{"taxonomy":"post_tag","embeddable":true,"href":"http:\/\/iuexterior.org\/ca\/wp-json\/wp\/v2\/tags?post=94"}],"curies":[{"name":"wp","href":"https:\/\/api.w.org\/{rel}","templated":true}]}}