{"id":361,"date":"2018-04-12T09:00:56","date_gmt":"2018-04-12T07:00:56","guid":{"rendered":"http:\/\/iuexterior.org\/?p=361"},"modified":"2020-04-29T21:22:16","modified_gmt":"2020-04-29T19:22:16","slug":"iu-exterior-celebra-el-14-de-abril-aniversario-de-la-2a-republica-en-berlin-luxemburgo-toulouse-y-zurich","status":"publish","type":"post","link":"http:\/\/iuexterior.org\/ca\/2018\/04\/12\/iu-exterior-celebra-el-14-de-abril-aniversario-de-la-2a-republica-en-berlin-luxemburgo-toulouse-y-zurich\/","title":{"rendered":"IU Exterior celebra el 14 de abril, aniversario de la 2\u00aa Rep\u00fablica Espa\u00f1ola, en Berl\u00edn, Buenos Aires, Luxemburgo, Toulouse y Z\u00farich"},"content":{"rendered":"<h4>En Berl\u00edn y Toulouse habr\u00e1 visitas guiadas por lugares emblem\u00e1ticos del exilio republicano espa\u00f1ol<\/h4>\n<p>IU Exterior celebrar\u00e1 el 14 de abril, aniversario de la 2\u00aa Rep\u00fablica Espa\u00f1ola, en <strong>Berl\u00edn, Luxemburgo, Toulouse y Z\u00farich<\/strong>, donde la federaci\u00f3n cuenta con asambleas estables. Entre las actividades programadas habr\u00e1 un \u00abTour Republicano\u00bb por Berl\u00edn y Toulouse y una fideu\u00e1 republicana en Z\u00farich, que tambi\u00e9n contar\u00e1 con la entrega de una bandera republicana a la viuda del brigadista Joseph Marbacher.<\/p>\n<p>En Luxemburgo, los Amigos de la Rep\u00fablica Espa\u00f1ola en Luxemburgo (AREL)\u00a0 y el Centre Catal\u00e0 de Luxemburg homenajear\u00e1n a la 2\u00aa Rep\u00fablica Espa\u00f1ola en el Centre Catal\u00e0 de Luxemburg, donde se proyectar\u00e1 el documental \u00ab30 a\u00f1os de oscuridad\u00bb y se ofrecer\u00e1 un brindis republicano.<\/p>\n<h4><strong>Informaci\u00f3n de los eventos:<\/strong><\/h4>\n<h4><strong><em>Berl\u00edn: <\/em><\/strong><\/h4>\n<p>Organiza IU Berl\u00edn. <strong>Tour Republicano<\/strong>, 10:45h en U-Bahnhof Lichtenberg (Aponeo Apotheke).<\/p>\n<p>Evento: <a href=\"https:\/\/www.facebook.com\/events\/278356652698380\/\">https:\/\/www.facebook.com\/events\/278356652698380\/<\/a><\/p>\n<p><strong>Fiesta Republicana<\/strong> a las 20h en K9 (Kinzigstr. 9). Convoca: 15M-Marea Granate Berl\u00edn y colabora IU Berl\u00edn junto con otros movimientos y grupos pol\u00edticos: Podemos Berl\u00edn, CDR Berl\u00edn, PCE Berl\u00edn. Evento: <a href=\"https:\/\/www.facebook.com\/events\/977623112414373\/\">https:\/\/www.facebook.com\/events\/977623112414373\/<\/a><\/p>\n<h4><em><strong>Buenos Aires:<\/strong><\/em><\/h4>\n<p><strong>Festival D\u00eda de la Rep\u00fablica Espa\u00f1ola D\u00eda del Exiliado Espa\u00f1ol<\/strong><\/p>\n<p>Organizado por Agrupaci\u00f3n Garc\u00eda Lorca; S\u00e1bado, 14 de abril de 18:00 a 23:00,\u00a0pin<br \/>\nEspacio Cultural Campustellae<br \/>\nSarand\u00ed 1280, Buenos Aires<\/p>\n<p>Evento:\u00a0<a href=\"https:\/\/www.facebook.com\/events\/165807000799356\/\">https:\/\/www.facebook.com\/events\/165807000799356\/<\/a><\/p>\n<h4><em><strong>Luxemburgo:<\/strong><\/em><\/h4>\n<p><strong>AREL<\/strong> (Amigos de la Rep\u00fablica Espa\u00f1ola en Luxemburgo) y Centre Catal\u00e0 de Luxemburg conmemoran el <strong>Aniversario de la II Rep\u00fablica<\/strong> en el Centre Catal\u00e0 de Luxemburg (88 Rue de La Semois). Proyecci\u00f3n \u00ab30 a\u00f1os de oscuridad\u00bb a las 17:30, seguido de un brindis republicano a las 19h.<\/p>\n<p>Evento:<a href=\"https:\/\/www.facebook.com\/events\/1485719014888273\/\"> https:\/\/www.facebook.com\/events\/1485719014888273\/<\/a><\/p>\n<h4><em><strong>Toulouse:<\/strong><\/em><\/h4>\n<p><strong>Tour Republicano<\/strong> convocado por \u00abToulouse Republicana\u00bb (<a href=\"https:\/\/www.facebook.com\/toulouserepublicana\/\">https:\/\/www.facebook.com\/toulouserepublicana\/<\/a>)<\/p>\n<p>A las 11h (14 place Int\u00e9rieure, Metro: Saint Cyprien &#8211; R\u00e9publique)<\/p>\n<h4><em><strong>Z\u00farich:<\/strong><\/em><\/h4>\n<p><strong>IU Zurich<\/strong> organiza una <strong>Fideua Republicana<\/strong> a las 18:30h en Punto de Encuentro (Josefstr. 102).<\/p>\n<p>Evento: <a href=\"https:\/\/www.facebook.com\/events\/2054905081446814\/\">https:\/\/www.facebook.com\/events\/2054905081446814\/<\/a><\/p>\n<p>Adem\u00e1s har\u00e1n un acto de entrega de una bandera republicana a la viuda del brigadista Joseph Marbacher.<\/p>","protected":false},"excerpt":{"rendered":"<p>En Berl\u00edn y Toulouse habr\u00e1 visitas guiadas por lugares emblem\u00e1ticos del exilio republicano espa\u00f1ol IU Exterior celebrar\u00e1 el 14 de abril, aniversario de la 2\u00aa Rep\u00fablica Espa\u00f1ola, en Berl\u00edn, Luxemburgo, &hellip;<\/p>","protected":false},"author":1,"featured_media":362,"comment_status":"closed","ping_status":"closed","sticky":false,"template":"","format":"standard","meta":{"wds_primary_category":0,"footnotes":""},"categories":[110,1,25,8,4,27,28,29,26,30,31,118],"tags":[21,12],"class_list":["post-361","post","type-post","status-publish","format-standard","has-post-thumbnail","","category-acciones","category-actualidad","category-asambleas","category-destacado","category-documentos","category-iu-berlin","category-iu-bruselas","category-iu-buenos-aires","category-iu-luxemburgo","category-iu-toulouse","category-iu-zurich","category-memoria-democratica","tag-2a-republica","tag-emigracion"],"_links":{"self":[{"href":"http:\/\/iuexterior.org\/ca\/wp-json\/wp\/v2\/posts\/361","targetHints":{"allow":["GET"]}}],"collection":[{"href":"http:\/\/iuexterior.org\/ca\/wp-json\/wp\/v2\/posts"}],"about":[{"href":"http:\/\/iuexterior.org\/ca\/wp-json\/wp\/v2\/types\/post"}],"author":[{"embeddable":true,"href":"http:\/\/iuexterior.org\/ca\/wp-json\/wp\/v2\/users\/1"}],"replies":[{"embeddable":true,"href":"http:\/\/iuexterior.org\/ca\/wp-json\/wp\/v2\/comments?post=361"}],"version-history":[{"count":7,"href":"http:\/\/iuexterior.org\/ca\/wp-json\/wp\/v2\/posts\/361\/revisions"}],"predecessor-version":[{"id":1710,"href":"http:\/\/iuexterior.org\/ca\/wp-json\/wp\/v2\/posts\/361\/revisions\/1710"}],"wp:featuredmedia":[{"embeddable":true,"href":"http:\/\/iuexterior.org\/ca\/wp-json\/wp\/v2\/media\/362"}],"wp:attachment":[{"href":"http:\/\/iuexterior.org\/ca\/wp-json\/wp\/v2\/media?parent=361"}],"wp:term":[{"taxonomy":"category","embeddable":true,"href":"http:\/\/iuexterior.org\/ca\/wp-json\/wp\/v2\/categories?post=361"},{"taxonomy":"post_tag","embeddable":true,"href":"http:\/\/iuexterior.org\/ca\/wp-json\/wp\/v2\/tags?post=361"}],"curies":[{"name":"wp","href":"https:\/\/api.w.org\/{rel}","templated":true}]}}