{"id":264,"date":"2018-02-16T10:14:01","date_gmt":"2018-02-16T09:14:01","guid":{"rendered":"http:\/\/iuexterior.org\/?p=264"},"modified":"2020-04-29T20:52:47","modified_gmt":"2020-04-29T18:52:47","slug":"iu-podemos-y-marea-granate-debaten-en-londres-sobre-el-futuro-de-la-emigracion-espanola-tras-el-brexit","status":"publish","type":"post","link":"http:\/\/iuexterior.org\/ca\/2018\/02\/16\/iu-podemos-y-marea-granate-debaten-en-londres-sobre-el-futuro-de-la-emigracion-espanola-tras-el-brexit\/","title":{"rendered":"Izquierda Unida, Podemos y Marea Granate debaten en Londres sobre el futuro de la emigraci\u00f3n espa\u00f1ola tras el Brexit"},"content":{"rendered":"<p><strong>Jon S. Forrest<\/strong>, asistente parlamentario en la delegaci\u00f3n de IU en el Parlamento Europeo, y <strong>Miguel Urb\u00e1n<\/strong>, eurodiputado de Podemos, junto a activistas de la <strong>Marea Granate<\/strong>, el movimiento social que reivindica los derechos de la emigraci\u00f3n espa\u00f1ola, se reunieron con emigrantes espa\u00f1olas en <strong>Londres<\/strong> el pasado martes 13 de febrero, durante el acto \u00ab<strong>\u00bfC\u00f3mo afectar\u00e1 el Brexit a la emigraci\u00f3n?<\/strong>\u00bb<\/p>\n<p>En el encuentro, celebrado en un c\u00e9ntrico pub de la capital y abierto a toda persona que quisiera participar, los emigrantes espa\u00f1oles manifestaron sus dudas y preocupaciones sobre las posibles consecuencias del Brexit en su vida cotidiana. La emigraci\u00f3n espa\u00f1ola, muy numerosa en la ciudad, tambi\u00e9n aprovech\u00f3 el acto para transmitir sus reivindicaciones a Jon S. Forrest y Miguel Urb\u00e1n.<\/p>\n<p>Tanto el delegado de IU en el Europarlamento como el eurodiputado Miguel Urb\u00e1n reafirmaron su compromiso con la defensa de los derechos de la emigraci\u00f3n espa\u00f1ola, y su intenci\u00f3n de seguir dando voz a las reivindicaciones de este colectivo en la instituci\u00f3n europea.<\/p>\n<p><em><strong>Sobre IU Exterior<\/strong><\/em><\/p>\n<p>La Federaci\u00f3n del Exterior de Izquierda Unida naci\u00f3 en abril de 2017 para movilizar pol\u00edticamente a la emigraci\u00f3n espa\u00f1ola y darle voz a sus reivindicaciones. Actualmente contamos con asambleas estables en <strong>Bruselas<\/strong>, B\u00e9lgica; <strong>Berl\u00edn y Frankfurt<\/strong>, en Alemania; <strong>Luxemburgo<\/strong>;<strong> Z\u00farich<\/strong>, en Suiza; en <strong>Lyon, Toulouse y Montpellier<\/strong>, en Francia; y en <strong>Buenos Aires<\/strong>, Argentina.<\/p>\n<p>Para contactar con IU Exterior env\u00edanos un mail a:&nbsp;<strong>exterior@izquierdaunida.org<\/strong><\/p>","protected":false},"excerpt":{"rendered":"<p>Jon S. Forrest, asistente parlamentario en la delegaci\u00f3n de IU en el Parlamento Europeo, y Miguel Urb\u00e1n, eurodiputado de Podemos, junto a activistas de la Marea Granate, el movimiento social &hellip;<\/p>","protected":false},"author":1,"featured_media":266,"comment_status":"closed","ping_status":"closed","sticky":false,"template":"","format":"standard","meta":{"wds_primary_category":0,"footnotes":""},"categories":[110,1,117,8,4],"tags":[12],"class_list":["post-264","post","type-post","status-publish","format-standard","has-post-thumbnail","","category-acciones","category-actualidad","category-brexit","category-destacado","category-documentos","tag-emigracion"],"_links":{"self":[{"href":"http:\/\/iuexterior.org\/ca\/wp-json\/wp\/v2\/posts\/264","targetHints":{"allow":["GET"]}}],"collection":[{"href":"http:\/\/iuexterior.org\/ca\/wp-json\/wp\/v2\/posts"}],"about":[{"href":"http:\/\/iuexterior.org\/ca\/wp-json\/wp\/v2\/types\/post"}],"author":[{"embeddable":true,"href":"http:\/\/iuexterior.org\/ca\/wp-json\/wp\/v2\/users\/1"}],"replies":[{"embeddable":true,"href":"http:\/\/iuexterior.org\/ca\/wp-json\/wp\/v2\/comments?post=264"}],"version-history":[{"count":13,"href":"http:\/\/iuexterior.org\/ca\/wp-json\/wp\/v2\/posts\/264\/revisions"}],"predecessor-version":[{"id":1699,"href":"http:\/\/iuexterior.org\/ca\/wp-json\/wp\/v2\/posts\/264\/revisions\/1699"}],"wp:featuredmedia":[{"embeddable":true,"href":"http:\/\/iuexterior.org\/ca\/wp-json\/wp\/v2\/media\/266"}],"wp:attachment":[{"href":"http:\/\/iuexterior.org\/ca\/wp-json\/wp\/v2\/media?parent=264"}],"wp:term":[{"taxonomy":"category","embeddable":true,"href":"http:\/\/iuexterior.org\/ca\/wp-json\/wp\/v2\/categories?post=264"},{"taxonomy":"post_tag","embeddable":true,"href":"http:\/\/iuexterior.org\/ca\/wp-json\/wp\/v2\/tags?post=264"}],"curies":[{"name":"wp","href":"https:\/\/api.w.org\/{rel}","templated":true}]}}