{"id":2561,"date":"2021-12-02T12:30:36","date_gmt":"2021-12-02T11:30:36","guid":{"rendered":"http:\/\/iuexterior.org\/?p=2561"},"modified":"2021-12-05T11:03:28","modified_gmt":"2021-12-05T10:03:28","slug":"iu-exterior-estara-presente-en-los-consejos-de-residentes-de-belgica-y-berlin","status":"publish","type":"post","link":"http:\/\/iuexterior.org\/ca\/2021\/12\/02\/iu-exterior-estara-presente-en-los-consejos-de-residentes-de-belgica-y-berlin\/","title":{"rendered":"IU Exterior estar\u00e1 presente en los Consejos de Residentes de B\u00e9lgica y Berl\u00edn"},"content":{"rendered":"<h4 class=\"wp-block-heading\">Las asambleas locales de IU en Bruselas y Berl\u00edn apoyaban a las candidaturas que han ganado las elecciones al Consejo de Residentes de las respectivas demarcaciones consulares.<\/h4>\n\n\n\n<p class=\"wp-block-paragraph\">La militancia de la&nbsp;<strong>Federaci\u00f3n de IU Exterior&nbsp;<\/strong>(IU Exterior) contin\u00faa trabajando a nivel local respondiendo a las demandas de la comunidad espa\u00f1ola residente en el exterior. Fruto de estas acciones es su implicaci\u00f3n en las elecciones al&nbsp;<a href=\"https:\/\/www.inclusion.gob.es\/cartaespana\/es\/noticias\/Noticia_0058.htm\" target=\"_blank\" rel=\"noreferrer noopener\">Consejo de Residentes en el Exterior<\/a>&nbsp;(CREs), que son \u00f3rganos consultivos de las oficinas consulares.<\/p>\n\n\n\n<p class=\"wp-block-paragraph\">El pasado domingo 21 de noviembre, la lista&nbsp;<a href=\"https:\/\/rizobix.eu\/CREamosBerlin\/\" target=\"_blank\" rel=\"noreferrer noopener\">CREamos Berl\u00edn<\/a>&nbsp;ganaba las elecciones en la demarcaci\u00f3n consular de Berl\u00edn (adem\u00e1s de la capital alemana, Brandenburgo, Sajonia, Sajonia-Anhalt y Turingia), y contaran con tres consejeros y consejeras de un total de siete. Esta lista contaba con el apoyo y participaci\u00f3n de las compa\u00f1eras de la asamblea de IU Berl\u00edn, personas independientes sin adscripci\u00f3n, CUP Exterior, Anticapitalistas Alemania y Podemos Berl\u00edn.&nbsp;<strong>Mar\u00eda Gonz\u00e1lez Barro<\/strong>, simpatizante de IU Berl\u00edn y consejera, ha declarado que \u201ces una gran noticia para la demarcaci\u00f3n el mismo hecho de tener por primera vez un Consejo de Residentes, pero adem\u00e1s celebramos el \u00e9xito de nuestra candidatura y lo asumimos con ilusi\u00f3n y sentido de la responsabilidad hacia la comunidad\u201d.<\/p>\n\n\n\n<p class=\"wp-block-paragraph\">En el caso de la demarcaci\u00f3n consular de Bruselas (B\u00e9lgica) la lista\u00a0<a href=\"https:\/\/www.facebook.com\/creandomassolidaridad\/\" target=\"_blank\" rel=\"noreferrer noopener\">CREando+Solidaridad<\/a>\u00a0gan\u00f3 las elecciones, obteniendo siete consejeros y consejeras de un total de once.\u00a0 La lista contaba con el apoyo y participaci\u00f3n, adem\u00e1s de por IU Bruselas, por personas de manera independiente, la agrupaci\u00f3n del PSOE en Bruselas, el PCE en B\u00e9lgica y Podemos B\u00e9lgica. \u201cEstamos muy contentas con el resultado ya que es fruto del resultado de la colaboraci\u00f3n de todas las organizaciones y de un trabajo que comenz\u00f3 a principios de este a\u00f1o. Hoy nos fijamos como objetivo poder ayudar a la comunidad espa\u00f1ola residente en B\u00e9lgica y recoger sus demandas para poder hac\u00e9rselas llegar a las autoridades consulares\u201d ha declarado\u00a0<strong>Alicia Gab\u00e1n\u00a0Barrio<\/strong> consejera electa del CRE de B\u00e9lgica.<\/p>\n\n\n\n<h2 class=\"wp-block-heading\">Sobre IU Exterior<\/h2>\n\n\n\n<p class=\"wp-block-paragraph\">La&nbsp;<strong>Federaci\u00f3n del Exterior de Izquierda Unida<\/strong>&nbsp;<a href=\"http:\/\/iuexterior.org\/ca\/2017\/04\/30\/la-federacion-del-exterior-de-iu-nace-para-movilizar-politicamente-a-la-emigracion-espanola\/\">naci\u00f3 en abril de 2017<\/a>&nbsp;para movilizar pol\u00edticamente a la emigraci\u00f3n espa\u00f1ola y darle voz a sus reivindicaciones. Actualmente contamos con asambleas estables en&nbsp;<a href=\"http:\/\/iuexterior.org\/ca\/Bruselas\/\">Bruselas<\/a>, B\u00e9lgica;&nbsp;<a href=\"http:\/\/iuexterior.org\/ca\/Berlin\/\">Berl\u00edn<\/a>&nbsp;y&nbsp;<a href=\"http:\/\/iuexterior.org\/ca\/Frankfurt\/\">Frankfurt<\/a>, en Alemania;&nbsp;<a href=\"http:\/\/iuexterior.org\/ca\/Luexmburgo\/\">Luxemburgo<\/a>;&nbsp;<a href=\"http:\/\/iuexterior.org\/ca\/Zurich\/\">Z\u00farich<\/a>, en Suiza; en&nbsp;<a href=\"http:\/\/iuexterior.org\/ca\/Lyon\/\">Lyon<\/a>&nbsp;y&nbsp;<a href=\"http:\/\/iuexterior.org\/ca\/Toulouse\/\">Toulouse<\/a>, en Francia; y tanto en la&nbsp;<a href=\"http:\/\/iuexterior.org\/ca\/BuenosAires\/\">Ciudad de Buenos Aires<\/a>&nbsp;como en la&nbsp;<a href=\"http:\/\/iuexterior.org\/ca\/provinciabuenosaires\/\">Provincia de Buenos Aires<\/a>, Argentina. Adem\u00e1s, la federaci\u00f3n dispone de la asamblea&nbsp;<a href=\"http:\/\/iuexterior.org\/ca\/Global\/\">IU Global<\/a>, por medio de la cual participa la militancia dispersa por el mundo sin acceso a una asamblea local propia.<\/p>\n\n\n\n<p class=\"wp-block-paragraph translation-block\">Pots contactar amb <strong>IU Exterior<\/strong> a trav\u00e9s del correu <a href=\"mailto:exterior@izquierdaunida.org\" rel=\"noreferrer noopener\" target=\"_self\"><strong>exterior@izquierdaunida.org<\/strong><\/a> o dels nostres perfils en <a href=\"https:\/\/www.facebook.com\/IUExterior\/\" rel=\"noreferrer noopener\" target=\"_self\"><strong>Facebook<\/strong><\/a>,\u00a0<a href=\"https:\/\/twitter.com\/IUExterior\/\" rel=\"noreferrer noopener\" target=\"_self\"><strong>Twitter<\/strong><\/a>\u00a0i\u00a0<a href=\"https:\/\/www.instagram.com\/IUExterior\/\" rel=\"noreferrer noopener\" target=\"_self\"><strong>Instagram<\/strong><\/a>.<\/p>","protected":false},"excerpt":{"rendered":"<p>Las asambleas locales de IU en Bruselas y Berl\u00edn apoyaban a las candidaturas que han ganado las elecciones al Consejo de Residentes de las respectivas demarcaciones consulares. La militancia de &hellip;<\/p>","protected":false},"author":3,"featured_media":2562,"comment_status":"closed","ping_status":"closed","sticky":false,"template":"","format":"standard","meta":{"wds_primary_category":0,"footnotes":""},"categories":[1,8,27,28],"tags":[],"class_list":["post-2561","post","type-post","status-publish","format-standard","has-post-thumbnail","","category-actualidad","category-destacado","category-iu-berlin","category-iu-bruselas"],"_links":{"self":[{"href":"http:\/\/iuexterior.org\/ca\/wp-json\/wp\/v2\/posts\/2561","targetHints":{"allow":["GET"]}}],"collection":[{"href":"http:\/\/iuexterior.org\/ca\/wp-json\/wp\/v2\/posts"}],"about":[{"href":"http:\/\/iuexterior.org\/ca\/wp-json\/wp\/v2\/types\/post"}],"author":[{"embeddable":true,"href":"http:\/\/iuexterior.org\/ca\/wp-json\/wp\/v2\/users\/3"}],"replies":[{"embeddable":true,"href":"http:\/\/iuexterior.org\/ca\/wp-json\/wp\/v2\/comments?post=2561"}],"version-history":[{"count":5,"href":"http:\/\/iuexterior.org\/ca\/wp-json\/wp\/v2\/posts\/2561\/revisions"}],"predecessor-version":[{"id":2568,"href":"http:\/\/iuexterior.org\/ca\/wp-json\/wp\/v2\/posts\/2561\/revisions\/2568"}],"wp:featuredmedia":[{"embeddable":true,"href":"http:\/\/iuexterior.org\/ca\/wp-json\/wp\/v2\/media\/2562"}],"wp:attachment":[{"href":"http:\/\/iuexterior.org\/ca\/wp-json\/wp\/v2\/media?parent=2561"}],"wp:term":[{"taxonomy":"category","embeddable":true,"href":"http:\/\/iuexterior.org\/ca\/wp-json\/wp\/v2\/categories?post=2561"},{"taxonomy":"post_tag","embeddable":true,"href":"http:\/\/iuexterior.org\/ca\/wp-json\/wp\/v2\/tags?post=2561"}],"curies":[{"name":"wp","href":"https:\/\/api.w.org\/{rel}","templated":true}]}}