{"id":2442,"date":"2021-05-12T12:15:51","date_gmt":"2021-05-12T10:15:51","guid":{"rendered":"http:\/\/iuexterior.org\/?p=2442"},"modified":"2021-05-12T16:36:25","modified_gmt":"2021-05-12T14:36:25","slug":"iu-global-conversara-este-viernes-sobre-estallido-social-en-colombia-y-chile","status":"publish","type":"post","link":"http:\/\/iuexterior.org\/ca\/2021\/05\/12\/iu-global-conversara-este-viernes-sobre-estallido-social-en-colombia-y-chile\/","title":{"rendered":"IU Global conversar\u00e1 este viernes sobre estallido social en Colombia y Chile"},"content":{"rendered":"<h4 class=\"wp-block-heading\">IU Global, en colaboraci\u00f3n con IU Exterior, organiza este viernes el encuentro virtual \u00abLa movilizaci\u00f3n de los que sobran: de Chile a Colombia, Latinoam\u00e9rica en lucha\u00bb sobre las movilizaciones que est\u00e1n viviendo en ambos pa\u00edses y en Latinoam\u00e9rica en general.<\/h4>\n\n\n\n<p class=\"wp-block-paragraph\"><strong>Manu Pineda<\/strong> (Eurodiputado en el Parlamento Europeo, Izquierda Unida), <strong>Martha Alfonso<\/strong> (vicepresidenta y Coordinadora de la Comisi\u00f3n DDHH Federaci\u00f3n Colombiana de Educadores y Portavoz del Paro, Colombia), <strong>Marcos Barraza<\/strong> (Candidato a Constituyente\/ Ex Ministro de Desarrollo Social, Partido Comunista de Chile) y <strong>Lorena Delgado<\/strong> (Diputada del Parlamento Sueco, V\u00e4nsterpartiet, Suecia) coversar\u00e1n sobre las movilizaciones que est\u00e1n en pleno auge tanto en Chile como en Colombia.<\/p>\n\n\n\n<p class=\"wp-block-paragraph\">El 10 y el 11 de abril los chilenos y las chilenas estas llamadas a elegir los candidatos y candidatas que conformar\u00e1n la Convenci\u00f3n Constitucional, organismo encargado de redactar una nueva Constituci\u00f3n. Mientras en Colombia se cumplen m\u00e1s de dos semanas desde que se inici\u00f3 el Paro Nacional. \u00bfC\u00f3mo se est\u00e1 viviendo en estos pa\u00edses estos procesos de cambio? \u00bfQu\u00e9 papel juega la ciudadan\u00eda en el cambio social en Latinoam\u00e9rica? \u00bfCu\u00e1l es el papel de Europa en todo este entramado?<\/p>\n\n\n\n<p class=\"wp-block-paragraph\">El encuentro podr\u00e1 verse el&nbsp;<strong>viernes, 14 de mayo, a las 20:30 (hora<\/strong> peninsular)&nbsp;en la&nbsp;<a rel=\"noreferrer noopener\" href=\"https:\/\/www.facebook.com\/IUExterior\/\" target=\"_blank\">p\u00e1gina de Facebook de IU Global<\/a>.<\/p>\n\n\n\n<figure class=\"wp-block-embed is-type-rich is-provider-twitter wp-block-embed-twitter\"><div class=\"wp-block-embed__wrapper\">\nhttps:\/\/twitter.com\/IUExterior\/status\/1392373368209477634\n<\/div><\/figure>\n\n\n\n<h2 class=\"wp-block-heading\">Acerca de&nbsp;<strong>IU Global<\/strong><\/h2>\n\n\n\n<p class=\"wp-block-paragraph\">La&nbsp;<strong>Asamblea Global de IU Exterior<\/strong>&nbsp;se fund\u00f3 el&nbsp;<strong><a href=\"http:\/\/iuexterior.org\/ca\/2020\/01\/31\/nace-iu-global-una-asamblea-virtual-para-permitir-la-participacion-de-la-militancia-sin-asamblea-local-cercana\/\" target=\"_blank\" rel=\"noreferrer noopener\">30 de enero de 2020<\/a><\/strong>&nbsp;para aglutinar a los y las militantes que carecen de asamblea de base en su ciudad de residencia. Su militancia est\u00e1 repartida por tres continentes:&nbsp;<strong>Europa, Am\u00e9rica y \u00c1frica<\/strong>. Desde su creaci\u00f3n, la asamblea se re\u00fane de mensualmente de forma telem\u00e1tica. Ha formado parte de la organizaci\u00f3n de eventos en ciudades como&nbsp;<strong>Viena&nbsp;<\/strong>o&nbsp;<strong>Londres<\/strong>, y participado en otros en ciudades como&nbsp;<strong>Dubl\u00edn<\/strong>,&nbsp;<strong>Estocolmo<\/strong>,&nbsp;<strong>Nueva York<\/strong>&nbsp;o&nbsp;<strong>Kaunas<\/strong>.<\/p>\n\n\n\n<p class=\"wp-block-paragraph\">Puedes contactar con&nbsp;<strong>IU Global&nbsp;<\/strong>a trav\u00e9s del correo&nbsp;<a href=\"mailto:global@iuexterior.org\">global@iuexterior.org<\/a>&nbsp;y de sus perfiles en&nbsp;<strong><a href=\"https:\/\/www.facebook.com\/IUAsambleaGlobal\/\" target=\"_blank\" rel=\"noreferrer noopener\">Facebook<\/a><\/strong>&nbsp;y&nbsp;<strong><a href=\"https:\/\/twitter.com\/IU_Global\" target=\"_blank\" rel=\"noreferrer noopener\">Twitter<\/a><\/strong>.<\/p>\n\n\n\n<h2 class=\"wp-block-heading\">Sobre IU Exterior<\/h2>\n\n\n\n<p class=\"wp-block-paragraph translation-block\">La <strong>Federaci\u00f3 Exterior d\u2019Izquierda Unida<\/strong> <a href=\"http:\/\/iuexterior.org\/ca\/2017\/04\/30\/la-federacion-del-exterior-de-iu-nace-para-movilizar-politicamente-a-la-emigracion-espanola\/\" target=\"_self\">va n\u00e9ixer a l'abril de 2017<\/a> per a mobilitzar pol\u00edticament a l'emigraci\u00f3 espanyola i donar veu a les seves reivindicacions. Actualment comptem amb assemblees estables a <a href=\"http:\/\/iuexterior.org\/ca\/Bruselas\/\" rel=\"noreferrer noopener\" target=\"_self\">Brussel\u00b7les<\/a>, B\u00e8lgica; <a href=\"http:\/\/iuexterior.org\/ca\/Berlin\/\" rel=\"noreferrer noopener\" target=\"_self\">Berl\u00edn<\/a>\u00a0i\u00a0<a href=\"http:\/\/iuexterior.org\/ca\/Frankfurt\/\" rel=\"noreferrer noopener\" target=\"_self\">Frankfurt<\/a>, a Alemanya; <a href=\"http:\/\/iuexterior.org\/ca\/Luxemburgo\/\" rel=\"noreferrer noopener\" target=\"_self\">Luxemburg<\/a>;\u00a0<a href=\"http:\/\/iuexterior.org\/ca\/Zurich\/\" rel=\"noreferrer noopener\" target=\"_self\">Zuric<\/a>, a Su\u00efssa; a <a href=\"http:\/\/iuexterior.org\/ca\/Lyon\/\" target=\"_self\">Li\u00f3<\/a>\u00a0i\u00a0<a href=\"http:\/\/iuexterior.org\/ca\/Toulouse\/\" rel=\"noreferrer noopener\" target=\"_self\">Tolosa<\/a>, a Fran\u00e7a; i tant a la <a href=\"http:\/\/iuexterior.org\/ca\/BuenosAires\/\" rel=\"noreferrer noopener\" target=\"_self\">Ciutat de Buenos Aires<\/a>\u00a0com a la <a href=\"http:\/\/iuexterior.org\/ca\/provinciabuenosaires\" rel=\"noreferrer noopener\" target=\"_self\">Prov\u00edncia de Buenos Aires<\/a>, a l'Argentina. A m\u00e9s, la federaci\u00f3 disposa de l'assemblea <a href=\"http:\/\/iuexterior.org\/ca\/Global\/\" rel=\"noreferrer noopener\" target=\"_self\">IU Global<\/a>, per mitj\u00e0 de la qual participa la milit\u00e0ncia dispersa pel m\u00f3n sense acc\u00e9s a una assemblea local pr\u00f2pia.<\/p>\n\n\n\n<p class=\"wp-block-paragraph translation-block\">Pots contactar amb <strong>IU Exterior<\/strong> a trav\u00e9s del correu <a href=\"mailto:exterior@izquierdaunida.org\" rel=\"noreferrer noopener\" target=\"_self\"><strong>exterior@izquierdaunida.org<\/strong><\/a> o dels nostres perfils en <a href=\"https:\/\/www.facebook.com\/IUExterior\/\" rel=\"noreferrer noopener\" target=\"_self\"><strong>Facebook<\/strong><\/a>,\u00a0<a href=\"https:\/\/twitter.com\/IUExterior\/\" rel=\"noreferrer noopener\" target=\"_self\"><strong>Twitter<\/strong><\/a>\u00a0i\u00a0<a href=\"https:\/\/www.instagram.com\/IUExterior\/\" rel=\"noreferrer noopener\" target=\"_self\"><strong>Instagram<\/strong><\/a>.<\/p>","protected":false},"excerpt":{"rendered":"<p>IU Global, en colaboraci\u00f3n con IU Exterior, organiza este viernes el encuentro virtual \u00abLa movilizaci\u00f3n de los que sobran: de Chile a Colombia, Latinoam\u00e9rica en lucha\u00bb sobre las movilizaciones que &hellip;<\/p>","protected":false},"author":3,"featured_media":2443,"comment_status":"closed","ping_status":"closed","sticky":false,"template":"","format":"standard","meta":{"wds_primary_category":0,"footnotes":""},"categories":[8,35],"tags":[],"class_list":["post-2442","post","type-post","status-publish","format-standard","has-post-thumbnail","","category-destacado","category-iu-global"],"_links":{"self":[{"href":"http:\/\/iuexterior.org\/ca\/wp-json\/wp\/v2\/posts\/2442","targetHints":{"allow":["GET"]}}],"collection":[{"href":"http:\/\/iuexterior.org\/ca\/wp-json\/wp\/v2\/posts"}],"about":[{"href":"http:\/\/iuexterior.org\/ca\/wp-json\/wp\/v2\/types\/post"}],"author":[{"embeddable":true,"href":"http:\/\/iuexterior.org\/ca\/wp-json\/wp\/v2\/users\/3"}],"replies":[{"embeddable":true,"href":"http:\/\/iuexterior.org\/ca\/wp-json\/wp\/v2\/comments?post=2442"}],"version-history":[{"count":2,"href":"http:\/\/iuexterior.org\/ca\/wp-json\/wp\/v2\/posts\/2442\/revisions"}],"predecessor-version":[{"id":2446,"href":"http:\/\/iuexterior.org\/ca\/wp-json\/wp\/v2\/posts\/2442\/revisions\/2446"}],"wp:featuredmedia":[{"embeddable":true,"href":"http:\/\/iuexterior.org\/ca\/wp-json\/wp\/v2\/media\/2443"}],"wp:attachment":[{"href":"http:\/\/iuexterior.org\/ca\/wp-json\/wp\/v2\/media?parent=2442"}],"wp:term":[{"taxonomy":"category","embeddable":true,"href":"http:\/\/iuexterior.org\/ca\/wp-json\/wp\/v2\/categories?post=2442"},{"taxonomy":"post_tag","embeddable":true,"href":"http:\/\/iuexterior.org\/ca\/wp-json\/wp\/v2\/tags?post=2442"}],"curies":[{"name":"wp","href":"https:\/\/api.w.org\/{rel}","templated":true}]}}