{"id":2380,"date":"2021-04-14T09:05:47","date_gmt":"2021-04-14T07:05:47","guid":{"rendered":"http:\/\/iuexterior.org\/?p=2380"},"modified":"2021-04-14T09:24:49","modified_gmt":"2021-04-14T07:24:49","slug":"iu-exterior-organiza-una-lectura-colectiva-de-la-constitucion-republicana-de-1931-para-conmemorar-su-aniversario","status":"publish","type":"post","link":"http:\/\/iuexterior.org\/ca\/2021\/04\/14\/iu-exterior-organiza-una-lectura-colectiva-de-la-constitucion-republicana-de-1931-para-conmemorar-su-aniversario\/","title":{"rendered":"IU Exterior organiza una lectura colectiva de la Constituci\u00f3n republicana de 1931 para conmemorar su aniversario"},"content":{"rendered":"<h3 class=\"wp-block-heading\">IU Exterior celebra este mi\u00e9rcoles 14 de abril el 90 aniversario de la proclamaci\u00f3n de la Segunda Rep\u00fablica con una lectura colectiva de la Constituci\u00f3n de 1931<\/h3>\n\n\n\n<p class=\"wp-block-paragraph\"><strong>IU Exterior<\/strong> ha lanzado esta iniciativa para reivindicar los avances que supuso la proclamaci\u00f3n de la Segunda Rep\u00fablica en t\u00e9rminos de democracia y justicia social, pero tambi\u00e9n para recordar que desde <strong>Izquierda Unida<\/strong> seguimos trabajando para construir un pa\u00eds republicano m\u00e1s justo, m\u00e1s democr\u00e1tico y m\u00e1s fraterno. Es por ello que para <strong>Nerea Fern\u00e1ndez Cordero<\/strong>, <strong>coportavoz de IU Exterior<\/strong>, <em>\u201clos valores republicanos de justicia, igualdad y solidaridad siguen vigentes en cada plataforma anti-desahucios, en cada banco de alimentos, en los barrios que bloquean los discursos de odio, en la lucha feminista, en los organizaciones que salvan vidas en el Mediterr\u00e1neo\u201d.<\/em> Unos valores que marcan el trabajo de <strong>IU Exterior<\/strong>, <strong>Fern\u00e1ndez Cordero<\/strong> afirma que<em> \u201cpor eso tenemos la certeza de que la Rep\u00fablica no es una quimera sino un proyecto s\u00f3lido en el que desde IU trabajamos, donde la clase trabajadora recupere su dignidad y sus derechos y para que nuestro pa\u00eds pueda avanzar hacia una sociedad m\u00e1s justa. Nuestro objetivo, nuestro horizonte, es la Rep\u00fablica. Honramos la memoria de las que dieron su vida por la libertad y lucharon contra el fascismo siguiendo su camino hacia un pa\u00eds para todas\u201d<\/em>.<\/p>\n\n\n\n<figure class=\"wp-block-embed is-type-video is-provider-youtube wp-block-embed-youtube wp-embed-aspect-16-9 wp-has-aspect-ratio\"><div class=\"wp-block-embed__wrapper\">\n<iframe loading=\"lazy\" title=\"IU Exterior organiza una lectura colectiva de la Constituci\u00f3n republicana de 1931\" width=\"618\" height=\"348\" src=\"https:\/\/www.youtube.com\/embed\/3bSPf0HxYZE?feature=oembed\" frameborder=\"0\" allow=\"accelerometer; autoplay; clipboard-write; encrypted-media; gyroscope; picture-in-picture; web-share\" referrerpolicy=\"strict-origin-when-cross-origin\" allowfullscreen><\/iframe>\n<\/div><\/figure>\n\n\n\n<p class=\"wp-block-paragraph\"><strong>Eduardo Vel\u00e1zquez<\/strong>, <strong>coportavoz de la federaci\u00f3n<\/strong>, se\u00f1ala que con esta iniciativa <em>\u00abhemos querido celebrar el 14 de abril recordando los anhelos de igualdad, solidaridad y progreso que sentaron las bases de la Segunda Rep\u00fablica\u201d. <\/em><strong>Vel\u00e1zquez <\/strong>resalta que<strong> <\/strong><em>\u00abla Segunda Rep\u00fablica ha sido, hasta el momento, el intento m\u00e1s s\u00f3lido de construir una sociedad de iguales que ha habido en nuestro pa\u00eds, y debemos reivindicar sus valores acerc\u00e1ndolos al presente\u201d<\/em>.&nbsp;<\/p>\n\n\n\n<h2 class=\"wp-block-heading\">Sobre IU Exterior<\/h2>\n\n\n\n<p class=\"wp-block-paragraph translation-block\">La <strong>Federaci\u00f3 Exterior d\u2019Izquierda Unida<\/strong> <a href=\"http:\/\/iuexterior.org\/ca\/2017\/04\/30\/la-federacion-del-exterior-de-iu-nace-para-movilizar-politicamente-a-la-emigracion-espanola\/\" target=\"_self\">va n\u00e9ixer a l'abril de 2017<\/a> per a mobilitzar pol\u00edticament a l'emigraci\u00f3 espanyola i donar veu a les seves reivindicacions. Actualment comptem amb assemblees estables a <a href=\"http:\/\/iuexterior.org\/ca\/Bruselas\/\" rel=\"noreferrer noopener\" target=\"_self\">Brussel\u00b7les<\/a>, B\u00e8lgica; <a href=\"http:\/\/iuexterior.org\/ca\/Berlin\/\" rel=\"noreferrer noopener\" target=\"_self\">Berl\u00edn<\/a>\u00a0i\u00a0<a href=\"http:\/\/iuexterior.org\/ca\/Frankfurt\/\" rel=\"noreferrer noopener\" target=\"_self\">Frankfurt<\/a>, a Alemanya; <a href=\"http:\/\/iuexterior.org\/ca\/Luxemburgo\/\" rel=\"noreferrer noopener\" target=\"_self\">Luxemburg<\/a>;\u00a0<a href=\"http:\/\/iuexterior.org\/ca\/Zurich\/\" rel=\"noreferrer noopener\" target=\"_self\">Zuric<\/a>, a Su\u00efssa; a <a href=\"http:\/\/iuexterior.org\/ca\/Lyon\/\" target=\"_self\">Li\u00f3<\/a>\u00a0i\u00a0<a href=\"http:\/\/iuexterior.org\/ca\/Toulouse\/\" rel=\"noreferrer noopener\" target=\"_self\">Tolosa<\/a>, a Fran\u00e7a; i tant a la <a href=\"http:\/\/iuexterior.org\/ca\/BuenosAires\/\" rel=\"noreferrer noopener\" target=\"_self\">Ciutat de Buenos Aires<\/a>\u00a0com a la <a href=\"http:\/\/iuexterior.org\/ca\/provinciabuenosaires\" rel=\"noreferrer noopener\" target=\"_self\">Prov\u00edncia de Buenos Aires<\/a>, a l'Argentina. A m\u00e9s, la federaci\u00f3 disposa de l'assemblea <a href=\"http:\/\/iuexterior.org\/ca\/Global\/\" rel=\"noreferrer noopener\" target=\"_self\">IU Global<\/a>, per mitj\u00e0 de la qual participa la milit\u00e0ncia dispersa pel m\u00f3n sense acc\u00e9s a una assemblea local pr\u00f2pia.<\/p>\n\n\n\n<p class=\"wp-block-paragraph translation-block\">Pots contactar amb <strong>IU Exterior<\/strong> a trav\u00e9s del correu <a href=\"mailto:exterior@izquierdaunida.org\" rel=\"noreferrer noopener\" target=\"_self\"><strong>exterior@izquierdaunida.org<\/strong><\/a> o dels nostres perfils en <a href=\"https:\/\/www.facebook.com\/IUExterior\/\" rel=\"noreferrer noopener\" target=\"_self\"><strong>Facebook<\/strong><\/a>,\u00a0<a href=\"https:\/\/twitter.com\/IUExterior\/\" rel=\"noreferrer noopener\" target=\"_self\"><strong>Twitter<\/strong><\/a>\u00a0i\u00a0<a href=\"https:\/\/www.instagram.com\/IUExterior\/\" rel=\"noreferrer noopener\" target=\"_self\"><strong>Instagram<\/strong><\/a>.<\/p>","protected":false},"excerpt":{"rendered":"<p>IU Exterior celebra este mi\u00e9rcoles 14 de abril el 90 aniversario de la proclamaci\u00f3n de la Segunda Rep\u00fablica con una lectura colectiva de la Constituci\u00f3n de 1931 IU Exterior ha &hellip;<\/p>","protected":false},"author":3,"featured_media":2386,"comment_status":"closed","ping_status":"closed","sticky":false,"template":"","format":"standard","meta":{"wds_primary_category":0,"footnotes":""},"categories":[1,8,32,118,9],"tags":[],"class_list":["post-2380","post","type-post","status-publish","format-standard","has-post-thumbnail","","category-actualidad","category-destacado","category-federacion","category-memoria-democratica","category-videos"],"_links":{"self":[{"href":"http:\/\/iuexterior.org\/ca\/wp-json\/wp\/v2\/posts\/2380","targetHints":{"allow":["GET"]}}],"collection":[{"href":"http:\/\/iuexterior.org\/ca\/wp-json\/wp\/v2\/posts"}],"about":[{"href":"http:\/\/iuexterior.org\/ca\/wp-json\/wp\/v2\/types\/post"}],"author":[{"embeddable":true,"href":"http:\/\/iuexterior.org\/ca\/wp-json\/wp\/v2\/users\/3"}],"replies":[{"embeddable":true,"href":"http:\/\/iuexterior.org\/ca\/wp-json\/wp\/v2\/comments?post=2380"}],"version-history":[{"count":6,"href":"http:\/\/iuexterior.org\/ca\/wp-json\/wp\/v2\/posts\/2380\/revisions"}],"predecessor-version":[{"id":2388,"href":"http:\/\/iuexterior.org\/ca\/wp-json\/wp\/v2\/posts\/2380\/revisions\/2388"}],"wp:featuredmedia":[{"embeddable":true,"href":"http:\/\/iuexterior.org\/ca\/wp-json\/wp\/v2\/media\/2386"}],"wp:attachment":[{"href":"http:\/\/iuexterior.org\/ca\/wp-json\/wp\/v2\/media?parent=2380"}],"wp:term":[{"taxonomy":"category","embeddable":true,"href":"http:\/\/iuexterior.org\/ca\/wp-json\/wp\/v2\/categories?post=2380"},{"taxonomy":"post_tag","embeddable":true,"href":"http:\/\/iuexterior.org\/ca\/wp-json\/wp\/v2\/tags?post=2380"}],"curies":[{"name":"wp","href":"https:\/\/api.w.org\/{rel}","templated":true}]}}