{"id":2258,"date":"2021-02-04T11:54:31","date_gmt":"2021-02-04T10:54:31","guid":{"rendered":"http:\/\/iuexterior.org\/?p=2258"},"modified":"2021-02-04T11:54:32","modified_gmt":"2021-02-04T10:54:32","slug":"la-eliminacion-del-voto-rogado-propuesta-por-unidas-podemos-pondra-fin-a-una-lacra-democratica-historica-hacia-la-emigracion","status":"publish","type":"post","link":"http:\/\/iuexterior.org\/ca\/2021\/02\/04\/leliminacio-del-vot-pregat-proposta-per-unides-podemos-posara-fi-a-una-xacra-democratica-historica-cap-a-lemigracio\/","title":{"rendered":"L'eliminaci\u00f3 del vot pregat proposta per Unides Podemos \u00abposar\u00e0 fi a una xacra democr\u00e0tica hist\u00f2rica cap a l'emigraci\u00f3\u00bb"},"content":{"rendered":"<p class=\"has-medium-font-size wp-block-paragraph\">La proposici\u00f3 de llei, prevista en l'acord de Govern, recull una de les reivindicacions m\u00e9s reclamades per la col\u00b7lectivitat espanyola emigrada des que PP, PSOE, CiU i PNB implantessin en 2011 aquest sistema, que va reduir la participaci\u00f3 exterior a m\u00ednims de fins al 5%.<\/p>\n\n\n\n<p class=\"wp-block-paragraph\">La federaci\u00f3 <strong>Izquierda Unida a l'Exterior (IU Exterior)<\/strong> celebra el registre en el Congr\u00e9s, per part <strong>Unidas Podemos<\/strong>d'Unides Podemos, d'una proposici\u00f3 de llei per a eliminar el vot pregat, un sistema implantat en 2011 per part del PP, PSOE, CiU i PNB que va reduir la participaci\u00f3 electoral en l'exterior a m\u00ednims de fins al 5%. La proposta, recollida en l'acord de Govern, es debatr\u00e0, previsiblement, durant l'\u00faltima setmana de febrer.<\/p>\n\n\n\n<p class=\"wp-block-paragraph\"><img decoding=\"async\" width=\"591px;\" height=\"390px;\" src=\"https:\/\/lh4.googleusercontent.com\/Shivp_y1MOqXm3a-H4lob3WzuxqKDaODGfmvK_KrKD4_-Z2HxBNsVxVTjCLQH8OpiMVGmHoU7OtcwdLT41LzitBlHr0q4z7rgdpF9UwhNucyjXn3Bqn_KbIYOq_1TYnSKKLhCEvSxx8\"><\/p>\n\n\n\n<p class=\"wp-block-paragraph\"><em>\u00abLa proposici\u00f3 de llei d'Unides Podemos posar\u00e0 fi a una xacra democr\u00e0tica hist\u00f2rica cap a l'emigraci\u00f3 espanyola\u00bb,<\/em>destaca <strong>la coportaveu d'IU Exterior Nerea Fern\u00e1ndez.<\/strong>. <em>\u00abA pesar que es tracta d'una bona not\u00edcia, des d'IU romandrem vigilants perqu\u00e8 cap dels grups pol\u00edtics rebaixi la proposta durant el proc\u00e9s d'esmenes i el text final aconsegueixi que s'acabi completament amb aquesta injust\u00edcia\u00bb.<\/em>.<\/p>\n\n\n\n<figure class=\"wp-block-embed is-type-rich is-provider-gestor-del-servicio wp-block-embed-gestor-del-servicio wp-embed-aspect-16-9 wp-has-aspect-ratio\"><div class=\"wp-block-embed__wrapper\">\n<iframe loading=\"lazy\" title=\"Nerea Fern\u00e1ndez: \u00abLos derechos no se deben rogar, y el voto rogado jam\u00e1s se debi\u00f3 implantar\u00bb\" width=\"618\" height=\"348\" src=\"https:\/\/www.youtube.com\/embed\/HankuAFye3g?feature=oembed\" frameborder=\"0\" allow=\"accelerometer; autoplay; clipboard-write; encrypted-media; gyroscope; picture-in-picture; web-share\" referrerpolicy=\"strict-origin-when-cross-origin\" allowfullscreen><\/iframe>\n<\/div><\/figure>\n\n\n\n<p class=\"wp-block-paragraph\">Per a aix\u00f2, recorden des d'IU Exteri, <strong>IU Exterior<\/strong>la derogaci\u00f3 del vot pregat ha de venir acompanyada per altres mesures com l'ampliaci\u00f3 dels terminis d'enviament de les paperetes, l'habilitaci\u00f3 de la inscripci\u00f3 en el cens i la realitzaci\u00f3 de tr\u00e0mits consulars per via telem\u00e0tica, o acabar amb les irregularitats existents en els censos. <em>\u00abPerqu\u00e8 tot aix\u00f2 funcioni \u00e9s necessari, a m\u00e9s, incrementar els mitjans t\u00e8cnics i humans en els consolats, especialment en aquells en els quals m\u00e9s s'ha incrementat el nombre de residents, i millorar les condicions laborals del personal laboral de servei exterior\u00bb,<\/em>aclareix el <strong>co-portaveu de la federaci\u00f3 Eduardo Vel\u00e1zquez.<\/strong>.<\/p>\n\n\n\n<blockquote class=\"twitter-tweet\"><p lang=\"es\" dir=\"ltr\">Las buenas noticias de hoy han sido posibles gracias a la lucha constante y decidida de los colectivos de la emigraci\u00f3n, y muy particularmente <a href=\"https:\/\/twitter.com\/MareaGranate?ref_src=twsrc%5Etfw\">@MareaGranate<\/a>, que ha hecho un trabajo inmenso durante m\u00e1s de 10 a\u00f1os. <a href=\"https:\/\/twitter.com\/GTvoto_MG?ref_src=twsrc%5Etfw\">@GTvoto_MG<\/a> <a href=\"https:\/\/twitter.com\/hashtag\/VotoRogadoVotoRobado?src=hash&amp;ref_src=twsrc%5Etfw\">#VotoRogadoVotoRobado<\/a> <a href=\"https:\/\/twitter.com\/hashtag\/RIPVotoRogado?src=hash&amp;ref_src=twsrc%5Etfw\">#RIPVotoRogado<\/a> <a href=\"https:\/\/t.co\/s8QFlvO0kT\">pic.twitter.com\/s8QFlvO0kT<\/a><\/p>\u2014 Eduardo Vel\u00e1zquez&#x1f53b; (@velazquedu) <a href=\"https:\/\/twitter.com\/velazquedu\/status\/1357219849789915136?ref_src=twsrc%5Etfw\">February 4, 2021<\/a><\/blockquote> <script async=\"\" src=\"https:\/\/platform.twitter.com\/widgets.js\" charset=\"utf-8\"><\/script>\n\n\n\n<p class=\"wp-block-paragraph\"><em>\u00abLes bones not\u00edcies d'avui han estat possibles gr\u00e0cies a la lluita constant i decidida dels col\u00b7lectius de l'emigraci\u00f3, i molt particularment Marea Granada, que ha fet un treball immens durant m\u00e9s de 10 anys\u00bb,<\/em>afegeix <strong>Vel\u00e1zquez<\/strong>.<\/p>\n\n\n\n<p class=\"wp-block-paragraph\"><strong>IU Exterior <\/strong>lamenta que la derogaci\u00f3 del vot arribi tard per a les eleccions catalanes, malgrat haver donat peu a anomalies com ara que l'electorat catal\u00e0 en l'exterior <a href=\"http:\/\/iuexterior.org\/ca\/2021\/01\/20\/iu-exterior-considera-una-tomadura-de-pelo-que-la-emigracion-catalana-tenga-un-solo-dia-de-plazo-para-solicitar-el-voto\/\">dispos\u00e9s d'un sol dia per a sol\u00b7licitar la documentaci\u00f3 per a poder votar,<\/a>encara que m\u00e9s tard <a href=\"http:\/\/iuexterior.org\/ca\/2021\/01\/25\/unidas-podemos-exterior-anima-al-electorado-catalan-emigrado-a-rogar-el-voto-tras-la-ampliacion-de-plazo-hasta-el-26-de-enero\/\">s'estengu\u00e9s el termini per a fer-lo.<\/a>.<\/p>\n\n\n\n<figure class=\"wp-block-embed is-type-wp-embed is-provider-federacion-de-izquierda-unida-en-el-exterior-iu-exterior wp-block-embed-federacion-de-izquierda-unida-en-el-exterior-iu-exterior\"><div class=\"wp-block-embed__wrapper\">\n<blockquote class=\"wp-embedded-content\" data-secret=\"iHQyVFTZaY\"><a href=\"http:\/\/iuexterior.org\/ca\/2021\/01\/20\/iu-exterior-considera-una-tomadura-de-pelo-que-la-emigracion-catalana-tenga-un-solo-dia-de-plazo-para-solicitar-el-voto\/\">IU Exterior considera una \u00abpresa de p\u00e8l\u00bb que l'emigraci\u00f3 catalana tingui un sol dia de termini per a sol\u00b7licitar el vot<\/a><\/blockquote><iframe loading=\"lazy\" class=\"wp-embedded-content\" sandbox=\"allow-scripts\" security=\"restricted\" style=\"position: absolute; visibility: hidden;\" title=\"\u00abIU Exterior considera una \u00abtomadura de pelo\u00bb que la emigraci\u00f3n catalana tenga un solo d\u00eda de plazo para solicitar el voto\u00bb \u2014 Federaci\u00f3n de Izquierda Unida en el Exterior (IU Exterior)\" src=\"http:\/\/iuexterior.org\/2021\/01\/20\/iu-exterior-considera-una-tomadura-de-pelo-que-la-emigracion-catalana-tenga-un-solo-dia-de-plazo-para-solicitar-el-voto\/embed\/#?secret=o2S8ANxjJr#?secret=iHQyVFTZaY\" data-secret=\"iHQyVFTZaY\" width=\"600\" height=\"338\" frameborder=\"0\" marginwidth=\"0\" marginheight=\"0\" scrolling=\"no\"><\/iframe>\n<\/div><\/figure>\n\n\n\n<h2 class=\"wp-block-heading\">Sobre IU Exterior<\/h2>\n\n\n\n<p class=\"wp-block-paragraph translation-block\">La <strong>Federaci\u00f3 Exterior d\u2019Izquierda Unida<\/strong> <a href=\"http:\/\/iuexterior.org\/ca\/2017\/04\/30\/la-federacion-del-exterior-de-iu-nace-para-movilizar-politicamente-a-la-emigracion-espanola\/\" target=\"_self\">va n\u00e9ixer a l'abril de 2017<\/a> per a mobilitzar pol\u00edticament a l'emigraci\u00f3 espanyola i donar veu a les seves reivindicacions. Actualment comptem amb assemblees estables a <a href=\"http:\/\/iuexterior.org\/ca\/Bruselas\/\" rel=\"noreferrer noopener\" target=\"_self\">Brussel\u00b7les<\/a>, B\u00e8lgica; <a href=\"http:\/\/iuexterior.org\/ca\/Berlin\/\" rel=\"noreferrer noopener\" target=\"_self\">Berl\u00edn<\/a>\u00a0i\u00a0<a href=\"http:\/\/iuexterior.org\/ca\/Frankfurt\/\" rel=\"noreferrer noopener\" target=\"_self\">Frankfurt<\/a>, a Alemanya; <a href=\"http:\/\/iuexterior.org\/ca\/Luxemburgo\/\" rel=\"noreferrer noopener\" target=\"_self\">Luxemburg<\/a>;\u00a0<a href=\"http:\/\/iuexterior.org\/ca\/Zurich\/\" rel=\"noreferrer noopener\" target=\"_self\">Zuric<\/a>, a Su\u00efssa; a <a href=\"http:\/\/iuexterior.org\/ca\/Lyon\/\" target=\"_self\">Li\u00f3<\/a>\u00a0i\u00a0<a href=\"http:\/\/iuexterior.org\/ca\/Toulouse\/\" rel=\"noreferrer noopener\" target=\"_self\">Tolosa<\/a>, a Fran\u00e7a; i tant a la <a href=\"http:\/\/iuexterior.org\/ca\/BuenosAires\/\" rel=\"noreferrer noopener\" target=\"_self\">Ciutat de Buenos Aires<\/a>\u00a0com a la <a href=\"http:\/\/iuexterior.org\/ca\/provinciabuenosaires\" rel=\"noreferrer noopener\" target=\"_self\">Prov\u00edncia de Buenos Aires<\/a>, a l'Argentina. A m\u00e9s, la federaci\u00f3 disposa de l'assemblea <a href=\"http:\/\/iuexterior.org\/ca\/Global\/\" rel=\"noreferrer noopener\" target=\"_self\">IU Global<\/a>, per mitj\u00e0 de la qual participa la milit\u00e0ncia dispersa pel m\u00f3n sense acc\u00e9s a una assemblea local pr\u00f2pia.<\/p>\n\n\n\n<p class=\"wp-block-paragraph translation-block\">Pots contactar amb <strong>IU Exterior<\/strong> a trav\u00e9s del correu <a href=\"mailto:exterior@izquierdaunida.org\" rel=\"noreferrer noopener\" target=\"_self\"><strong>exterior@izquierdaunida.org<\/strong><\/a> o dels nostres perfils en <a href=\"https:\/\/www.facebook.com\/IUExterior\/\" rel=\"noreferrer noopener\" target=\"_self\"><strong>Facebook<\/strong><\/a>,\u00a0<a href=\"https:\/\/twitter.com\/IUExterior\/\" rel=\"noreferrer noopener\" target=\"_self\"><strong>Twitter<\/strong><\/a>\u00a0i\u00a0<a href=\"https:\/\/www.instagram.com\/IUExterior\/\" rel=\"noreferrer noopener\" target=\"_self\"><strong>Instagram<\/strong><\/a>.<\/p>","protected":false},"excerpt":{"rendered":"<p>La proposici\u00f3n de ley, prevista en el acuerdo de Gobierno, recoge una de las reivindicaciones m\u00e1s reclamadas por la colectividad espa\u00f1ola emigrada desde que PP, PSOE, CiU y PNV implantasen &hellip;<\/p>","protected":false},"author":2,"featured_media":2268,"comment_status":"closed","ping_status":"closed","sticky":false,"template":"","format":"standard","meta":{"wds_primary_category":0,"footnotes":""},"categories":[110,1,8,32,111],"tags":[],"class_list":["post-2258","post","type-post","status-publish","format-standard","has-post-thumbnail","","category-acciones","category-actualidad","category-destacado","category-federacion","category-voto-rogado"],"_links":{"self":[{"href":"http:\/\/iuexterior.org\/ca\/wp-json\/wp\/v2\/posts\/2258","targetHints":{"allow":["GET"]}}],"collection":[{"href":"http:\/\/iuexterior.org\/ca\/wp-json\/wp\/v2\/posts"}],"about":[{"href":"http:\/\/iuexterior.org\/ca\/wp-json\/wp\/v2\/types\/post"}],"author":[{"embeddable":true,"href":"http:\/\/iuexterior.org\/ca\/wp-json\/wp\/v2\/users\/2"}],"replies":[{"embeddable":true,"href":"http:\/\/iuexterior.org\/ca\/wp-json\/wp\/v2\/comments?post=2258"}],"version-history":[{"count":11,"href":"http:\/\/iuexterior.org\/ca\/wp-json\/wp\/v2\/posts\/2258\/revisions"}],"predecessor-version":[{"id":2274,"href":"http:\/\/iuexterior.org\/ca\/wp-json\/wp\/v2\/posts\/2258\/revisions\/2274"}],"wp:featuredmedia":[{"embeddable":true,"href":"http:\/\/iuexterior.org\/ca\/wp-json\/wp\/v2\/media\/2268"}],"wp:attachment":[{"href":"http:\/\/iuexterior.org\/ca\/wp-json\/wp\/v2\/media?parent=2258"}],"wp:term":[{"taxonomy":"category","embeddable":true,"href":"http:\/\/iuexterior.org\/ca\/wp-json\/wp\/v2\/categories?post=2258"},{"taxonomy":"post_tag","embeddable":true,"href":"http:\/\/iuexterior.org\/ca\/wp-json\/wp\/v2\/tags?post=2258"}],"curies":[{"name":"wp","href":"https:\/\/api.w.org\/{rel}","templated":true}]}}