{"id":2042,"date":"2020-10-09T11:55:03","date_gmt":"2020-10-09T09:55:03","guid":{"rendered":"http:\/\/iuexterior.org\/?p=2042"},"modified":"2020-10-09T11:55:04","modified_gmt":"2020-10-09T09:55:04","slug":"iu-exterior-emite-una-charla-sobre-la-lucha-de-la-juventud-contra-el-imperialismo-en-ecuador-chile-e-irlanda","status":"publish","type":"post","link":"http:\/\/iuexterior.org\/ca\/2020\/10\/09\/iu-exterior-emite-una-charla-sobre-la-lucha-de-la-juventud-contra-el-imperialismo-en-ecuador-chile-e-irlanda\/","title":{"rendered":"IU Exterior emite una charla sobre la lucha de la juventud contra el imperialismo en Ecuador, Chile e Irlanda"},"content":{"rendered":"<p class=\"has-medium-font-size wp-block-paragraph\">Margarita Guerrero, H\u00e9ctor Pujols y Nerea Fern\u00e1ndez relatan las diferentes experiencias antiimperialistas protagonizadas recientemente por la juventud en sus pa\u00edses de residencia.<\/p>\n\n\n\n<p class=\"wp-block-paragraph\">Con motivo de la <a href=\"https:\/\/antiimperialistweek.org\/es\/\" target=\"_blank\" rel=\"noreferrer noopener\">Semana Antiimperialista<\/a>, la federaci\u00f3n de <strong>Izquierda Unida a l'Exterior (IU Exterior)<\/strong> organiz\u00f3 este jueves 8 de octubre una charla sobre las diferentes luchas antiimperialistas protagonizadas por la juventud en Ecuador, Chile e Irlanda. En la misma participaron <strong>Margarita Guerrero<\/strong>, presidenta del <strong><a href=\"https:\/\/xn--revolucinciudadana-x1b.eu\/\" target=\"_blank\" rel=\"noreferrer noopener\">Movimiento Revoluci\u00f3n Ciudadana Europa<\/a><\/strong>; <strong>H\u00e9ctor Pujols<\/strong>, presidente de la <strong><a href=\"https:\/\/www.facebook.com\/CoordinadoraMigranteChile\/\" target=\"_blank\" rel=\"noreferrer noopener\">Coordinadora Nacional de Inmigrantes de Chile<\/a><\/strong>; y <strong>Nerea Fern\u00e1ndez<\/strong>, coportavoz de <strong>IU Exterior<\/strong>.<\/p>\n\n\n\n<iframe loading=\"lazy\" src=\"https:\/\/www.facebook.com\/plugins\/video.php?href=https%3A%2F%2Fwww.facebook.com%2FIUExterior%2Fvideos%2F707067466571541%2F&#038;show_text=1&#038;width=560\" width=\"560\" height=\"468\" style=\"border:none;overflow:hidden\" scrolling=\"no\" frameborder=\"0\" allowtransparency=\"true\" allow=\"encrypted-media\" allowfullscreen=\"true\"><\/iframe>\n\n\n\n<p class=\"wp-block-paragraph\"><em>\u00abApostamos por un mundo multipolar, y por eso somos antiimperialistas\u00bb<\/em>, declar\u00f3 <strong>Guerrero<\/strong>, migrante ecuatoriana residente en Espa\u00f1a. <em>\u00abPorque no queremos que una \u00fanica potencia ejerza el poder sobre el resto. Consideramos que tiene que existir una relaci\u00f3n multipolar\u00bb<\/em>.<\/p>\n\n\n\n<p class=\"wp-block-paragraph\"><em>\u00abNo podemos entender Am\u00e9rica Latina si no la entendemos en su conjunto\u00bb<\/em>, a\u00f1adi\u00f3 <strong>Pujols<\/strong>, migrante catal\u00e1n residente en Chile. <em>\u00abNo se hubiera entendido el estallido de Chile si no hubiera habido primero un estallido en Ecuador. Y no se entender\u00eda tampoco el siguiente estallido que hubo en Colombia si no hubiera sido por el estallido de Chile\u00bb<\/em>.<\/p>\n\n\n\n<p class=\"wp-block-paragraph\"><em>\u00abNuestra generaci\u00f3n ha vivido dos crisis\u00bb<\/em>, expres\u00f3 <strong>Fern\u00e1ndez<\/strong>, migrante extreme\u00f1a residente en Irlanda. <em>\u00abSomos la generaci\u00f3n de la austeridad. Nos hemos tenido que ir, hemos tenido que emigrar. Pero la generaci\u00f3n que viene detr\u00e1s ha nacido ya en la crisis de 2008, a la que se le suma una pandemia mundial. \u00a1Os ten\u00e9is que organizar!\u00bb.<\/em><\/p>\n\n\n\n<h2 class=\"wp-block-heading\">Sobre IU Exterior<\/h2>\n\n\n\n<p class=\"wp-block-paragraph translation-block\">La Federaci\u00f3 de l'Exterior d'Esquerra Unida va n\u00e9ixer a l'abril de 2017 per a mobilitzar pol\u00edticament a l'emigraci\u00f3 espanyola i donar-li veu a les seves reivindicacions. Actualment comptem amb assemblees estables a Brussel\u00b7les, B\u00e8lgica; Berl\u00edn i Frankfurt, a Alemanya; Luxemburg; Zuric, a Su\u00efssa; a Li\u00f3 i Tolosa, a Fran\u00e7a; i a Buenos Aires, l'Argentina. A m\u00e9s, la federaci\u00f3 disposa de l'assemblea IU Global, per mitj\u00e0 de la qual participa la milit\u00e0ncia dispersa pel m\u00f3n sense acc\u00e9s a una assemblea local pr\u00f2pia.<\/p>","protected":false},"excerpt":{"rendered":"<p>Margarita Guerrero, H\u00e9ctor Pujols y Nerea Fern\u00e1ndez relatan las diferentes experiencias antiimperialistas protagonizadas recientemente por la juventud en sus pa\u00edses de residencia. Con motivo de la Semana Antiimperialista, la federaci\u00f3n &hellip;<\/p>","protected":false},"author":2,"featured_media":2044,"comment_status":"closed","ping_status":"closed","sticky":false,"template":"","format":"standard","meta":{"wds_primary_category":0,"footnotes":""},"categories":[110,1,120,25,8,123,35],"tags":[],"class_list":["post-2042","post","type-post","status-publish","format-standard","has-post-thumbnail","","category-acciones","category-actualidad","category-antifascismo-solidaridad","category-asambleas","category-destacado","category-formacion","category-iu-global"],"_links":{"self":[{"href":"http:\/\/iuexterior.org\/ca\/wp-json\/wp\/v2\/posts\/2042","targetHints":{"allow":["GET"]}}],"collection":[{"href":"http:\/\/iuexterior.org\/ca\/wp-json\/wp\/v2\/posts"}],"about":[{"href":"http:\/\/iuexterior.org\/ca\/wp-json\/wp\/v2\/types\/post"}],"author":[{"embeddable":true,"href":"http:\/\/iuexterior.org\/ca\/wp-json\/wp\/v2\/users\/2"}],"replies":[{"embeddable":true,"href":"http:\/\/iuexterior.org\/ca\/wp-json\/wp\/v2\/comments?post=2042"}],"version-history":[{"count":5,"href":"http:\/\/iuexterior.org\/ca\/wp-json\/wp\/v2\/posts\/2042\/revisions"}],"predecessor-version":[{"id":2049,"href":"http:\/\/iuexterior.org\/ca\/wp-json\/wp\/v2\/posts\/2042\/revisions\/2049"}],"wp:featuredmedia":[{"embeddable":true,"href":"http:\/\/iuexterior.org\/ca\/wp-json\/wp\/v2\/media\/2044"}],"wp:attachment":[{"href":"http:\/\/iuexterior.org\/ca\/wp-json\/wp\/v2\/media?parent=2042"}],"wp:term":[{"taxonomy":"category","embeddable":true,"href":"http:\/\/iuexterior.org\/ca\/wp-json\/wp\/v2\/categories?post=2042"},{"taxonomy":"post_tag","embeddable":true,"href":"http:\/\/iuexterior.org\/ca\/wp-json\/wp\/v2\/tags?post=2042"}],"curies":[{"name":"wp","href":"https:\/\/api.w.org\/{rel}","templated":true}]}}