{"id":1334,"date":"2019-11-04T08:29:23","date_gmt":"2019-11-04T07:29:23","guid":{"rendered":"http:\/\/iuexterior.org\/?p=1334"},"modified":"2020-04-30T10:45:44","modified_gmt":"2020-04-30T08:45:44","slug":"iu-berlin-llevara-a-debate-las-politicas-de-vivienda-y-alquiler","status":"publish","type":"post","link":"http:\/\/iuexterior.org\/ca\/2019\/11\/04\/iu-berlin-llevara-a-debate-las-politicas-de-vivienda-y-alquiler\/","title":{"rendered":"IU Berl\u00edn llevar\u00e1 a debate las pol\u00edticas de vivienda y alquiler"},"content":{"rendered":"<p class=\"has-medium-font-size wp-block-paragraph\">El exedil de IU en el Ayuntamiento de Madrid Carlos S\u00e1nchez Mato, la diputada del parlamento berlin\u00e9s Katalin Gennburg (Die Linke) y la eurodiputada Martina Michels (Die Linke) participar\u00e1n en una jornada que tendr\u00e1 lugar el pr\u00f3ximo <a href=\"https:\/\/www.facebook.com\/events\/2486238358276923\/\" target=\"_blank\" rel=\"noreferrer noopener\" aria-label=\"s\u00e1bado 23 de noviembre en la capital alemana (abre en una nueva pesta\u00f1a)\">s\u00e1bado 23 de noviembre en la capital alemana<\/a>.<\/p>\n\n\n\n<p class=\"wp-block-paragraph\"><strong>IU Berl\u00edn<\/strong>, asamblea de la federaci\u00f3n de <strong>Izquierda Unida Exterior<\/strong>, <a>celebrar\u00e1 el <strong>pr\u00f3ximo s\u00e1bado 23 de noviembre<\/strong> <\/a>una jornada dedicada a las pol\u00edticas de vivienda y alquiler. <\/p>\n\n\n\n<p class=\"wp-block-paragraph\">Recientemente, el Senado de Berl\u00edn, a trav\u00e9s de la senadora L\u00f6mpscher (Die Linke), <a href=\"https:\/\/www.elsaltodiario.com\/alemania\/claves-de-la-congelacion-de-la-subida-de-los-alquileres-en-berlin\">lanz\u00f3 una ambiciosa propuesta<\/a> para frenar las subidas de precios de los alquileres durante los pr\u00f3ximos cinco a\u00f1os. Esta propuesta, que a\u00fan espera su aprobaci\u00f3n definitiva a principios de 2020 y que ya cuenta con el respaldo de Die Gr\u00fcne y SPD, viene acompa\u00f1ada de otras medidas para evitar los alquileres de usura o la subida de precios por renovaciones innecesarias.<\/p>\n\n\n\n<p class=\"wp-block-paragraph\">En un contexto en el que <a href=\"https:\/\/www.expansion.com\/economia\/2019\/10\/07\/5d9b315e468aeb13458b4729.html\">en Espa\u00f1a los precios del alquiler tambi\u00e9n est\u00e1n disparados<\/a>, <strong>IU Berl\u00edn<\/strong> (con el apoyo del grupo del Parlamento Europeo GUE\/NGL), llevar\u00e1 a debate las pol\u00edticas de vivienda. Para ello, contar\u00e1 con la presencia del responsable de Pol\u00edticas Econ\u00f3micas de IU, <strong>Carlos S\u00e1nchez Mato<\/strong> (exedil en el Ayuntamiento de Madrid); <strong>Katalin Gennburg<\/strong> (Die Linke), diputada del Senado de Berl\u00edn, y <strong>Martina Michels<\/strong> (Die Linke), eurodiputada. La actividad se celebrar\u00e1 en la <strong>Karl-Liebknecht-Haus (sede de Die Linke), en la Kleine Alexanderstrasse 28 (10178, Berl\u00edn), y arrancar\u00e1 a las 16:00 horas del s\u00e1bado 23 de noviembre<\/strong>.<\/p>\n\n\n\n<p class=\"wp-block-paragraph\">Adem\u00e1s, la jornada incluir\u00e1\nuna <strong>charla informativa<\/strong> sobre los\nderechos de inquilinas e inquilinos a cargo de <strong>Ingrid Hoffmann<\/strong>, representante de <a href=\"https:\/\/www.dwenteignen.de\/\">Deutsche Wohnen &amp; Co. Enteignen<\/a>,\nun movimiento social que pretende las expropiaci\u00f3n de decenas de miles de\nviviendas a manos de grandes inmobiliarias para crear un parque de vivienda a\nprecios asequibles en el Estado de Berl\u00edn.<\/p>\n\n\n\n<p class=\"wp-block-paragraph\"><strong>Norma Lorenzo<\/strong>, portavoz de <strong>IU Berl\u00edn<\/strong>, considera que esta actividad <em>\u00abes necesaria para tratar uno de los mayores problemas que tiene no solo Berl\u00edn, sino la mayor\u00eda de las ciudades a lo largo y ancho de Europa\u00bb<\/em>. Apunta adem\u00e1s que <em>\u00abpodemos observar c\u00f3mo <\/em><a href=\"https:\/\/www.tercerainformacion.es\/articulo\/internacional\/2019\/10\/10\/el-alquiler-en-berlin-campo-de-batalla-entre-espanoles-en-facebook\"><em>en los grupos de espa\u00f1oles residiendo en Berl\u00edn, la mayor preocupaci\u00f3n con diferencia es la b\u00fasqueda de una vivienda<\/em><\/a><em> a precios asequibles, lejos de las estafas y la especulaci\u00f3n\u00bb<\/em>.<\/p>\n\n\n\n<p class=\"wp-block-paragraph\">Desde <strong>IU Berl\u00edn<\/strong> animan a toda la comunidad espa\u00f1ola residente en la capital alemana (formada por unas 20.000 personas) a acudir a esta jornada para concienciarse de sus derechos como inquilinos e inquilinas, as\u00ed como de la importancia del movimiento social y de las medidas pol\u00edticas que se est\u00e1n llevando a cabo en materia de vivienda en Berl\u00edn. <\/p>\n\n\n\n<h3 class=\"wp-block-heading\">Sobre IU Exterior<\/h3>\n\n\n\n<p class=\"wp-block-paragraph\">La&nbsp;<strong>Federaci\u00f3n del Exterior de Izquierda Unida<\/strong>&nbsp;<a href=\"http:\/\/iuexterior.org\/ca\/2017\/04\/30\/la-federacion-del-exterior-de-iu-nace-para-movilizar-politicamente-a-la-emigracion-espanola\/\">naci\u00f3 en abril de 2017<\/a>&nbsp;para movilizar pol\u00edticamente a la emigraci\u00f3n espa\u00f1ola y darle voz a sus reivindicaciones. Actualmente contamos con asambleas estables en&nbsp;<a href=\"https:\/\/www.facebook.com\/IUBruselas\/\">Bruselas<\/a>, B\u00e9lgica;&nbsp;<a href=\"https:\/\/www.facebook.com\/iuberlin\/\">Berl\u00edn<\/a>&nbsp;y&nbsp;<a href=\"https:\/\/www.facebook.com\/iufrankfurt\/\">Frankfurt<\/a>, en Alemania;&nbsp;<a href=\"https:\/\/www.facebook.com\/IzquierdaUnidaLuxemburgo\/\">Luxemburgo<\/a>;&nbsp;<a href=\"https:\/\/www.facebook.com\/IUZurich\/\">Z\u00farich<\/a>, en Suiza; en&nbsp;<a href=\"https:\/\/www.facebook.com\/izquierdaunidalyon\/\">Lyon<\/a>&nbsp;y&nbsp;<a href=\"https:\/\/www.facebook.com\/IUToulouse\/\">Toulouse<\/a>, en Francia; y en&nbsp;<a href=\"https:\/\/www.facebook.com\/iuBuenosAires\/\">Buenos Aires<\/a>, Argentina.<\/p>","protected":false},"excerpt":{"rendered":"<p>El exedil de IU en el Ayuntamiento de Madrid Carlos S\u00e1nchez Mato, la diputada del parlamento berlin\u00e9s Katalin Gennburg (Die Linke) y la eurodiputada Martina Michels (Die Linke) participar\u00e1n en &hellip;<\/p>","protected":false},"author":2,"featured_media":1335,"comment_status":"closed","ping_status":"closed","sticky":false,"template":"","format":"standard","meta":{"wds_primary_category":0,"footnotes":""},"categories":[110,1,25,27,124],"tags":[],"class_list":["post-1334","post","type-post","status-publish","format-standard","has-post-thumbnail","","category-acciones","category-actualidad","category-asambleas","category-iu-berlin","category-vivienda"],"_links":{"self":[{"href":"http:\/\/iuexterior.org\/ca\/wp-json\/wp\/v2\/posts\/1334","targetHints":{"allow":["GET"]}}],"collection":[{"href":"http:\/\/iuexterior.org\/ca\/wp-json\/wp\/v2\/posts"}],"about":[{"href":"http:\/\/iuexterior.org\/ca\/wp-json\/wp\/v2\/types\/post"}],"author":[{"embeddable":true,"href":"http:\/\/iuexterior.org\/ca\/wp-json\/wp\/v2\/users\/2"}],"replies":[{"embeddable":true,"href":"http:\/\/iuexterior.org\/ca\/wp-json\/wp\/v2\/comments?post=1334"}],"version-history":[{"count":2,"href":"http:\/\/iuexterior.org\/ca\/wp-json\/wp\/v2\/posts\/1334\/revisions"}],"predecessor-version":[{"id":1337,"href":"http:\/\/iuexterior.org\/ca\/wp-json\/wp\/v2\/posts\/1334\/revisions\/1337"}],"wp:featuredmedia":[{"embeddable":true,"href":"http:\/\/iuexterior.org\/ca\/wp-json\/wp\/v2\/media\/1335"}],"wp:attachment":[{"href":"http:\/\/iuexterior.org\/ca\/wp-json\/wp\/v2\/media?parent=1334"}],"wp:term":[{"taxonomy":"category","embeddable":true,"href":"http:\/\/iuexterior.org\/ca\/wp-json\/wp\/v2\/categories?post=1334"},{"taxonomy":"post_tag","embeddable":true,"href":"http:\/\/iuexterior.org\/ca\/wp-json\/wp\/v2\/tags?post=1334"}],"curies":[{"name":"wp","href":"https:\/\/api.w.org\/{rel}","templated":true}]}}